{"id":40492,"date":"2015-06-20T13:40:22","date_gmt":"2015-06-20T10:40:22","guid":{"rendered":"https:\/\/www.enerjigazetesi.ist\/?p=40492"},"modified":"2015-06-20T13:40:22","modified_gmt":"2015-06-20T10:40:22","slug":"sekerbanktan-ozel-enerji-verimliligi-kredisi","status":"publish","type":"post","link":"https:\/\/www.enerjigazetesi.ist\/en\/sekerbanktan-ozel-enerji-verimliligi-kredisi\/","title":{"rendered":"(Turkish) \u015eekerbank\u2019tan \u00d6zel Enerji Verimlili\u011fi Kredisi&#8230;"},"content":{"rendered":"<p class=\"qtranxs-available-languages-message qtranxs-available-languages-message-en\">Sorry, this entry is only available in <a href=\"https:\/\/www.enerjigazetesi.ist\/tr\/wp-json\/wp\/v2\/posts\/40492\" class=\"qtranxs-available-language-link qtranxs-available-language-link-tr\" title=\"Turkish\">Turkish<\/a>. For the sake of viewer convenience, the content is shown below in the alternative language. You may click the link to switch the active language.<\/p><p><\/p>\n<p style=\"color: #363636;\"><strong>EBRD\u2019nin T\u00fcrkiye Konutlarda Enerji Verimlili\u011fi Finansman Program\u0131\u2019na (TuREEFF) kat\u0131lan ilk banka olan \u015eekerbank, program kapsam\u0131nda ilk kentsel d\u00f6n\u00fc\u015f\u00fcm projesini kredilendirdi.<\/strong><\/p>\n<p style=\"color: #363636;\">Enerji verimlili\u011fi yat\u0131r\u0131mlar\u0131n\u0131 yayg\u0131nla\u015ft\u0131rmak amac\u0131yla 2009\u2019da geli\u015ftirdi\u011fi EKOkredi ile bug\u00fcne kadar 572 milyon TL\u2019yi a\u015fk\u0131n finansman deste\u011fi sa\u011flayan \u015eekerbank, Avrupa \u0130mar ve Kalk\u0131nma Bankas\u0131\u2019n\u0131n (EBRD) T\u00fcrkiye Konutlarda Enerji Verimlili\u011fi Finan<a href=\"https:\/\/www.enerjigazetesi.ist\/wp-content\/uploads\/2015\/06\/sekerbanktan-ozel-enerji-verimliligi-kredisi.jpg\"><img loading=\"lazy\" class=\"alignleft  wp-image-40493\" src=\"https:\/\/www.enerjigazetesi.ist\/wp-content\/uploads\/2015\/06\/sekerbanktan-ozel-enerji-verimliligi-kredisi.jpg\" alt=\"sekerbanktan-ozel-enerji-verimliligi-kredisi\" width=\"300\" height=\"220\" \/><\/a>sman Program\u0131 (TuREEFF) kapsam\u0131nda riskli yap\u0131lar\u0131n y\u0131k\u0131l\u0131p enerji verimlili\u011fi kriterlerine uygun olarak yeniden in\u015fas\u0131na y\u00f6nelik kredi imkan\u0131 sunuyor.<\/p>\n<p style=\"color: #363636;\">EBRD\u2019nin 350 milyon dolarl\u0131k program\u0131na kat\u0131lan ilk banka olan ve TuREEFF taht\u0131nda 60 milyon dolarl\u0131k kaynak sunan \u015eekerbank, program kapsam\u0131nda ilk kentsel d\u00f6n\u00fc\u015f\u00fcm kredisini projelendirdi. B enerji s\u0131n\u0131f\u0131 bina in\u015faat\u0131n\u0131n finansman\u0131 amac\u0131yla DMS \u0130n\u015faat\u2019a yap\u0131lan kulland\u0131r\u0131m, EBRD i\u00e7in \u201ckentsel d\u00f6n\u00fc\u015f\u00fcm kapsam\u0131nda in\u015faat firmalar\u0131na kulland\u0131r\u0131lan ilk kredi\u201d niteli\u011fi ta\u015f\u0131yor.<\/p>\n<p style=\"color: #363636;\">Banka\u2019n\u0131n konutlarda enerji verimlili\u011finin finansman\u0131 amac\u0131yla kentsel d\u00f6n\u00fc\u015f\u00fcm projeleri i\u00e7in sundu\u011fu Yeniden \u0130n\u015fa Kredisi ile in\u015faat firmalar\u0131, kaliteli ve enerji verimlili\u011fi y\u00fcksek binalar in\u015fa edecek. S\u00f6z konusu ticari kredi ile t\u00fcketicilere enerji verimlili\u011fi y\u00fcksek konutlar sunarak enerji harcamalar\u0131n\u0131n d\u00fc\u015fmesini ve karbon sal\u0131m\u0131n\u0131n azalmas\u0131n\u0131 sa\u011flayan in\u015faat firmalar\u0131, proje baz\u0131nda \u00fccretsiz teknik ve pazarlama dan\u0131\u015fmanl\u0131\u011f\u0131 hizmeti de alabiliyor.<\/p>\n<p style=\"color: #363636;\">DMS \u0130n\u015faat\u2019a verilen kredi dolay\u0131s\u0131yla \u015eekerbank Kurumsal ve Ticari Bankac\u0131l\u0131k Genel M\u00fcd\u00fcr Yard\u0131mc\u0131s\u0131 Orhan Karaka\u015f, EBRD Finansal Kurumlar K\u0131demli Bankac\u0131s\u0131 Koray Alus, TuREEFF\u2019in proje dan\u0131\u015fman\u0131 olarak g\u00f6revlendirilen MWH Global T\u00fcrkiye\u2019nin \u00dclke Direkt\u00f6r\u00fc Dr. Murat Sar\u0131o\u011flu ve DMS Yap\u0131\u2019n\u0131n sahibi Berker \u00d6za\u011fa\u00e7\u2019\u0131n kat\u0131l\u0131m\u0131yla \u015eekerbank Kad\u0131k\u00f6y \u015eubesi\u2019nde t\u00f6ren d\u00fczenlendi.<\/p>\n<p style=\"color: #363636;\"><strong>Orhan Karaka\u015f: \u201c62 bine yak\u0131n ki\u015fiyi enerji tasarrufu ile tan\u0131\u015ft\u0131rd\u0131k\u201d<\/strong><\/p>\n<p style=\"color: #363636;\">\u015eekerbank Kurumsal ve Ticari Bankac\u0131l\u0131k Genel M\u00fcd\u00fcr Yard\u0131mc\u0131s\u0131 Orhan Karaka\u015f, d\u00fcnyan\u0131n g\u00fcndeminde yer alan enerji tasarrufu yat\u0131r\u0131mlar\u0131 konusunun T\u00fcrkiye\u2019de de geli\u015fen bir alan oldu\u011funu ifade ederek, enerji verimlili\u011fi yat\u0131r\u0131mlar\u0131n\u0131n, hem bireyler ve kurumlar i\u00e7in sa\u011flanan tasarruf hem de do\u011fal kaynaklar\u0131n s\u00fcrd\u00fcr\u00fclebilirli\u011fine verilen destek a\u00e7\u0131s\u0131ndan toplumsal kalk\u0131nma ve \u00e7evre s\u00fcrd\u00fcr\u00fclebilirli\u011fine katk\u0131 sa\u011flad\u0131\u011f\u0131n\u0131 vurgulad\u0131. Karaka\u015f, enerjinin y\u00fczde 73\u2019\u00fcn\u00fcn ithal edildi\u011fi \u00fclkemizde, enerji tasarrufunu yayg\u0131nla\u015ft\u0131rmak ve do\u011fal kaynaklar\u0131n s\u00fcrd\u00fcr\u00fclebilirli\u011fine destek olmak i\u00e7in 2009 y\u0131l\u0131nda T\u00fcrkiye\u2019de bir ilk olan EKOkredi \u00fcr\u00fcn\u00fcn\u00fc geli\u015ftirdiklerini hat\u0131rlatt\u0131. EKOkredi ile enerji verimlili\u011fi alan\u0131nda bug\u00fcne dek t\u00fcm segmentler dahil olmak \u00fczere 572 milyon TL\u2019yi a\u015fk\u0131n finansman deste\u011fi sa\u011flad\u0131klar\u0131n\u0131, bu sayede 62 bine yak\u0131n ki\u015finin enerji tasarrufu ile tan\u0131\u015ft\u0131\u011f\u0131n\u0131 belirten Karaka\u015f, \u201cEKOkredi kapsam\u0131nda 83 bini a\u015fk\u0131n konutun yal\u0131t\u0131m\u0131 ile 155 milyon metrek\u00fcp do\u011fal gaz tasarrufu veya elektrik cinsinden 17.6 milyar kilowatt-saatin \u00fczerinde enerji tasarrufu sa\u011fland\u0131. Ayr\u0131ca 3,9 milyon ton karbondioksit sal\u0131m\u0131 engellendi\u201d dedi.<\/p>\n<p style=\"color: #363636;\">Bankan\u0131n, s\u00fcrd\u00fcr\u00fclebilir kalk\u0131nman\u0131n finansman\u0131 alan\u0131ndaki uluslararas\u0131 bilinirli\u011fi sayesinde bilan\u00e7osundaki yabanc\u0131 kayna\u011f\u0131n y\u00fczde 15\u2019ini enerji verimlili\u011fi ve yenilenebilir enerji yat\u0131r\u0131mlar\u0131na finansman sa\u011flamak \u00fczere edindi\u011fini vurgulayan Karaka\u015f, bug\u00fcne dek, EKOkredi i\u00e7in 60 milyon dolar\u0131 TuREEFF taht\u0131nda olmak \u00fczere enerji verimlili\u011fi odakl\u0131 bir\u00e7ok uluslararas\u0131 fon ve finans kurulu\u015fundan yakla\u015f\u0131k 458 milyon TL kaynak sa\u011flad\u0131klar\u0131n\u0131 kaydetti.<\/p>\n<p style=\"color: #363636;\"><strong>\u201cKaliteli ve enerji verimlili\u011fi y\u00fcksek binalar in\u015fa edilecek\u201d<\/strong><\/p>\n<p style=\"color: #363636;\">Orhan Karaka\u015f, EKOkredi-TuREEFF i\u015fbirli\u011fiyle geli\u015ftirilen Yeniden \u0130n\u015fa Kredisi ile riskli binalar\u0131n yenilenmesi s\u00fcrecinde g\u00fcvenlik fakt\u00f6rlerinin yan\u0131 s\u0131ra kaliteli ve enerji verimlili\u011fi y\u00fcksek binalar\u0131n TuREEFF kapsam\u0131nda finanse edilmesinin sa\u011flanaca\u011f\u0131n\u0131 s\u00f6yledi. Karaka\u015f, konutlarda enerji verimlili\u011fi fark\u0131ndal\u0131\u011f\u0131na katk\u0131da bulunacak Yeniden \u0130n\u015fa Kredisi\u2019nin d\u00fc\u015fen \u0131s\u0131nma\/so\u011futma masraflar\u0131 ile aile b\u00fct\u00e7elerine ve \u00fclke ekonomisine, azalan enerji t\u00fcketimiyle de \u00e7evrenin korunmas\u0131na katk\u0131 sunaca\u011f\u0131n\u0131 vurgulad\u0131.<\/p>\n<p style=\"color: #363636;\">Kaynak: B\u00fcltenler<\/p>\n<p><\/p>","protected":false},"excerpt":{"rendered":"<p>Sorry, this entry is only available in Turkish. For the sake of viewer convenience, the content is shown below in the alternative language. You may click the link to switch the active language. EBRD\u2019nin T\u00fcrkiye Konutlarda Enerji Verimlili\u011fi Finansman Program\u0131\u2019na (TuREEFF) kat\u0131lan ilk banka olan \u015eekerbank, program kapsam\u0131nda ilk kentsel d\u00f6n\u00fc\u015f\u00fcm projesini kredilendirdi. Enerji verimlili\u011fi [&hellip;]<\/p>\n","protected":false},"author":1,"featured_media":40493,"comment_status":"open","ping_status":"open","sticky":false,"template":"","format":"standard","meta":[],"categories":[53,52],"tags":[1258,1259,22441,63,67,1009,2698,165,12,23587,65,2712,1190,13835,22101],"views":910,"_links":{"self":[{"href":"https:\/\/www.enerjigazetesi.ist\/en\/wp-json\/wp\/v2\/posts\/40492"}],"collection":[{"href":"https:\/\/www.enerjigazetesi.ist\/en\/wp-json\/wp\/v2\/posts"}],"about":[{"href":"https:\/\/www.enerjigazetesi.ist\/en\/wp-json\/wp\/v2\/types\/post"}],"author":[{"embeddable":true,"href":"https:\/\/www.enerjigazetesi.ist\/en\/wp-json\/wp\/v2\/users\/1"}],"replies":[{"embeddable":true,"href":"https:\/\/www.enerjigazetesi.ist\/en\/wp-json\/wp\/v2\/comments?post=40492"}],"version-history":[{"count":1,"href":"https:\/\/www.enerjigazetesi.ist\/en\/wp-json\/wp\/v2\/posts\/40492\/revisions"}],"predecessor-version":[{"id":40494,"href":"https:\/\/www.enerjigazetesi.ist\/en\/wp-json\/wp\/v2\/posts\/40492\/revisions\/40494"}],"wp:featuredmedia":[{"embeddable":true,"href":"https:\/\/www.enerjigazetesi.ist\/en\/wp-json\/wp\/v2\/media\/40493"}],"wp:attachment":[{"href":"https:\/\/www.enerjigazetesi.ist\/en\/wp-json\/wp\/v2\/media?parent=40492"}],"wp:term":[{"taxonomy":"category","embeddable":true,"href":"https:\/\/www.enerjigazetesi.ist\/en\/wp-json\/wp\/v2\/categories?post=40492"},{"taxonomy":"post_tag","embeddable":true,"href":"https:\/\/www.enerjigazetesi.ist\/en\/wp-json\/wp\/v2\/tags?post=40492"}],"curies":[{"name":"wp","href":"https:\/\/api.w.org\/{rel}","templated":true}]}}