{"id":40447,"date":"2015-06-19T15:37:23","date_gmt":"2015-06-19T12:37:23","guid":{"rendered":"https:\/\/www.enerjigazetesi.ist\/?p=40447"},"modified":"2015-06-19T15:37:23","modified_gmt":"2015-06-19T12:37:23","slug":"yildiz-ilk-iftari-zonguldakli-madencilerle-yerin-560-metre-altinda-yapti","status":"publish","type":"post","link":"https:\/\/www.enerjigazetesi.ist\/en\/yildiz-ilk-iftari-zonguldakli-madencilerle-yerin-560-metre-altinda-yapti\/","title":{"rendered":"(Turkish) Y\u0131ld\u0131z, \u0130lk \u0130ftar\u0131 Zonguldakl\u0131 Madencilerle Yerin 560 Metre Alt\u0131nda Yapt\u0131&#8230;"},"content":{"rendered":"<p class=\"qtranxs-available-languages-message qtranxs-available-languages-message-en\">Sorry, this entry is only available in <a href=\"https:\/\/www.enerjigazetesi.ist\/tr\/wp-json\/wp\/v2\/posts\/40447\" class=\"qtranxs-available-language-link qtranxs-available-language-link-tr\" title=\"Turkish\">Turkish<\/a>. For the sake of viewer convenience, the content is shown below in the alternative language. You may click the link to switch the active language.<\/p><p><\/p>\n<p style=\"color: #000000;\"><strong>Enerji ve Tabii Kaynaklar Bakan\u0131 Taner Y\u0131ld\u0131z, Ramazan\u2019\u0131n ilk iftar\u0131n\u0131 Zonguldak\u2019ta T\u00fcrkiye Ta\u015fk\u00f6m\u00fcr\u00fc Kurumu (TTK) Kozlu M\u00fcessese M\u00fcd\u00fcrl\u00fc\u011f\u00fc maden oca\u011f\u0131nda yerin 560 metre alt\u0131nda i\u015f\u00e7ilerle birlikte yapt\u0131.<\/strong><span id=\"more-72135\"><\/span><\/p>\n<p style=\"color: #000000;\">Zonguldak\u2019a gelen Bakan Taner Y\u0131ld\u0131z, TTK\u2019ya ait misafirhanede Vali Ali Kaban, TTK Genel M\u00fcd\u00fcr\u00fc Burhan \u0130nan, Ak Parti Zonguldak Milletvekilleri H\u00fcseyin \u00d6zbak\u0131r, Faruk \u00c7aturo\u011flu, Genel Maden \u0130\u015f\u00e7ileri Sendikas\u0131 Genel Ba\u015fkan\u0131 Ahmet Demirci taraf\u0131ndan kar\u015f\u0131land\u0131. Misafirhanede madenci k\u0131yafetleri giyen Bakan Y\u0131ld\u0131z, TTK Kozlu M\u00fcessese M\u00fcd\u00fcrl\u00fc\u011f<a href=\"https:\/\/www.enerjigazetesi.ist\/wp-content\/uploads\/2015\/06\/yildiz-ilk-iftari-zonguldakli-madencilerle-yerin-560-metre-altinda-yapti.jpg\"><img loading=\"lazy\" class=\"alignright size-medium wp-image-40448\" src=\"https:\/\/www.enerjigazetesi.ist\/wp-content\/uploads\/2015\/06\/yildiz-ilk-iftari-zonguldakli-madencilerle-yerin-560-metre-altinda-yapti-300x202.jpg\" alt=\"yildiz-ilk-iftari-zonguldakli-madencilerle-yerin-560-metre-altinda-yapti\" width=\"300\" height=\"202\" srcset=\"https:\/\/www.enerjigazetesi.ist\/wp-content\/uploads\/2015\/06\/yildiz-ilk-iftari-zonguldakli-madencilerle-yerin-560-metre-altinda-yapti-300x202.jpg 300w, https:\/\/www.enerjigazetesi.ist\/wp-content\/uploads\/2015\/06\/yildiz-ilk-iftari-zonguldakli-madencilerle-yerin-560-metre-altinda-yapti-500x337.jpg 500w, https:\/\/www.enerjigazetesi.ist\/wp-content\/uploads\/2015\/06\/yildiz-ilk-iftari-zonguldakli-madencilerle-yerin-560-metre-altinda-yapti-74x50.jpg 74w, https:\/\/www.enerjigazetesi.ist\/wp-content\/uploads\/2015\/06\/yildiz-ilk-iftari-zonguldakli-madencilerle-yerin-560-metre-altinda-yapti.jpg 870w\" sizes=\"(max-width: 300px) 100vw, 300px\" \/><\/a>\u00fc\u2019ne ge\u00e7ti. M\u00fcessese M\u00fcd\u00fcr\u00fc Kaz\u0131m Ero\u011flu, Bakan Y\u0131ld\u0131z\u2019a ocak hakk\u0131nda bilgi verdi.<\/p>\n<p style=\"color: #000000;\">Gazetecilere a\u00e7\u0131klama yapan Bakan Y\u0131ld\u0131z, madencinin kazanc\u0131n\u0131n kendi kazan\u00e7lar\u0131ndan daha helal oldu\u011funu s\u00f6yledi. Ge\u00e7en y\u0131l maden sekt\u00f6r\u00fcnde ya\u015fanan kazalara dikkat \u00e7eken Bakan Y\u0131ld\u0131z, \u015f\u00f6yle dedi:<\/p>\n<p style=\"color: #000000;\">\u201cOcaklar\u0131m\u0131zda \u00e7ok b\u00fcy\u00fck ac\u0131lar ya\u015fad\u0131k. Ermenek\u2019te, Soma\u2019da, Zonguldak\u2019ta. \u0130n\u015fallah y\u00f6netici arkada\u015flar\u0131m\u0131z\u0131n dikkatiyle ald\u0131\u011f\u0131m\u0131z yeni tedbirlerle b\u00f6yle kazalar ya\u015famamay\u0131 \u00fcmit ediyoruz. \u00c7al\u0131\u015fmalar\u0131m\u0131z da o y\u00f6nde. Ben b\u00fct\u00fcn arkada\u015flar\u0131m\u0131z\u0131n bu vesileyle dikkatli olmas\u0131n\u0131 bir kez daha s\u00f6ylemek isterim. B\u00f6yle kazalar hepimizi derinden yaral\u0131yor. O nedenle emniyet tedbirlerine hep beraber uyal\u0131m. \u0130\u015f g\u00fcvenli\u011fi ve i\u015f\u00e7i sa\u011fl\u0131\u011f\u0131yla ilgili konulara hep beraber dikkat edelim. Bu bizim i\u00e7in k\u00f6m\u00fcr\u00fc \u00fcretmekten daha \u00f6nemli. B\u00fct\u00fcn i\u015f\u00e7i karde\u015flerimize kazas\u0131z belas\u0131z bir y\u0131l temenni ediyorum.\u201d<\/p>\n<p style=\"color: #000000;\">Ard\u0131ndan Bakan Y\u0131ld\u0131z ve beraberindekilere maske tak\u0131ld\u0131 ve yer alt\u0131nda yapmalar\u0131 gerekenler anlat\u0131ld\u0131. Bakan Y\u0131ld\u0131z, daha sonra TTK Genel M\u00fcd\u00fcr\u00fc Burhan \u0130nan, AK Parti Zonguldak Milletvekilleri H\u00fcseyin \u00d6zbak\u0131r, Faruk \u00c7aturo\u011flu ile di\u011fer y\u00f6neticilerle birlikte asans\u00f6re binerek oca\u011fa indi. Yerin 560 metre alt\u0131na inen Bakan Y\u0131ld\u0131z, denizin alt\u0131ndaki galeride \u00fcretim yapan i\u015f\u00e7ilerin yan\u0131na giderek birlikte iftar yapt\u0131.<\/p>\n<p style=\"color: #000000;\">Kaynak: Enerji Enstit\u00fcs\u00fc<\/p>\n<p><\/p>","protected":false},"excerpt":{"rendered":"<p>Sorry, this entry is only available in Turkish. For the sake of viewer convenience, the content is shown below in the alternative language. You may click the link to switch the active language. Enerji ve Tabii Kaynaklar Bakan\u0131 Taner Y\u0131ld\u0131z, Ramazan\u2019\u0131n ilk iftar\u0131n\u0131 Zonguldak\u2019ta T\u00fcrkiye Ta\u015fk\u00f6m\u00fcr\u00fc Kurumu (TTK) Kozlu M\u00fcessese M\u00fcd\u00fcrl\u00fc\u011f\u00fc maden oca\u011f\u0131nda yerin 560 [&hellip;]<\/p>\n","protected":false},"author":1,"featured_media":40448,"comment_status":"open","ping_status":"open","sticky":false,"template":"","format":"standard","meta":[],"categories":[53],"tags":[710,63,67,1009,2698,165,17299,23560,1675,1816,23561,667,7113,2841,23562],"views":827,"_links":{"self":[{"href":"https:\/\/www.enerjigazetesi.ist\/en\/wp-json\/wp\/v2\/posts\/40447"}],"collection":[{"href":"https:\/\/www.enerjigazetesi.ist\/en\/wp-json\/wp\/v2\/posts"}],"about":[{"href":"https:\/\/www.enerjigazetesi.ist\/en\/wp-json\/wp\/v2\/types\/post"}],"author":[{"embeddable":true,"href":"https:\/\/www.enerjigazetesi.ist\/en\/wp-json\/wp\/v2\/users\/1"}],"replies":[{"embeddable":true,"href":"https:\/\/www.enerjigazetesi.ist\/en\/wp-json\/wp\/v2\/comments?post=40447"}],"version-history":[{"count":1,"href":"https:\/\/www.enerjigazetesi.ist\/en\/wp-json\/wp\/v2\/posts\/40447\/revisions"}],"predecessor-version":[{"id":40449,"href":"https:\/\/www.enerjigazetesi.ist\/en\/wp-json\/wp\/v2\/posts\/40447\/revisions\/40449"}],"wp:featuredmedia":[{"embeddable":true,"href":"https:\/\/www.enerjigazetesi.ist\/en\/wp-json\/wp\/v2\/media\/40448"}],"wp:attachment":[{"href":"https:\/\/www.enerjigazetesi.ist\/en\/wp-json\/wp\/v2\/media?parent=40447"}],"wp:term":[{"taxonomy":"category","embeddable":true,"href":"https:\/\/www.enerjigazetesi.ist\/en\/wp-json\/wp\/v2\/categories?post=40447"},{"taxonomy":"post_tag","embeddable":true,"href":"https:\/\/www.enerjigazetesi.ist\/en\/wp-json\/wp\/v2\/tags?post=40447"}],"curies":[{"name":"wp","href":"https:\/\/api.w.org\/{rel}","templated":true}]}}