{"id":40419,"date":"2015-06-18T11:29:47","date_gmt":"2015-06-18T08:29:47","guid":{"rendered":"https:\/\/www.enerjigazetesi.ist\/?p=40419"},"modified":"2015-06-18T11:29:47","modified_gmt":"2015-06-18T08:29:47","slug":"budd-tr-en-buyuk-yenilenebilir-piyasasi-olacak","status":"publish","type":"post","link":"https:\/\/www.enerjigazetesi.ist\/en\/budd-tr-en-buyuk-yenilenebilir-piyasasi-olacak\/","title":{"rendered":"(Turkish) Budd: TR En B\u00fcy\u00fck Yenilenebilir Piyasas\u0131 Olacak!"},"content":{"rendered":"<p class=\"qtranxs-available-languages-message qtranxs-available-languages-message-en\">Sorry, this entry is only available in <a href=\"https:\/\/www.enerjigazetesi.ist\/tr\/wp-json\/wp\/v2\/posts\/40419\" class=\"qtranxs-available-language-link qtranxs-available-language-link-tr\" title=\"Turkish\">Turkish<\/a>. For the sake of viewer convenience, the content is shown below in the alternative language. You may click the link to switch the active language.<\/p><p><strong>Shakespeare Enerji Hukuk firmas\u0131ndan Yenilenebilir Enerji Direkt\u00f6r\u00fc Neil Budd, T\u00fcrkiye`nin yak\u0131n gelecekte Avrupa`n\u0131n en b\u00fcy\u00fck yenilenebilir enerji piyasas\u0131 olaca\u011f\u0131n\u0131 s\u00f6yledi.<\/strong><\/p>\n<p>\u0130ngiltere merkezli ELL \u015firketi taraf\u0131ndan organize edilen \u201c6. R\u00fczgar ve G\u00fcne\u015f Enerji Forumu\u201dnun a\u00e7\u0131l\u0131\u015f konu\u015fmas\u0131n\u0131 yapan \u0130ngiltere merkezli Sha<a href=\"https:\/\/www.enerjigazetesi.ist\/wp-content\/uploads\/2015\/06\/budd-tr-en-buyuk-yenilenebilir-piyasasi-olacak.jpg\"><img loading=\"lazy\" class=\"alignleft size-medium wp-image-40420\" src=\"https:\/\/www.enerjigazetesi.ist\/wp-content\/uploads\/2015\/06\/budd-tr-en-buyuk-yenilenebilir-piyasasi-olacak-300x240.jpg\" alt=\"budd-tr-en-buyuk-yenilenebilir-piyasasi-olacak\" width=\"300\" height=\"240\" srcset=\"https:\/\/www.enerjigazetesi.ist\/wp-content\/uploads\/2015\/06\/budd-tr-en-buyuk-yenilenebilir-piyasasi-olacak-300x240.jpg 300w, https:\/\/www.enerjigazetesi.ist\/wp-content\/uploads\/2015\/06\/budd-tr-en-buyuk-yenilenebilir-piyasasi-olacak-62x50.jpg 62w, https:\/\/www.enerjigazetesi.ist\/wp-content\/uploads\/2015\/06\/budd-tr-en-buyuk-yenilenebilir-piyasasi-olacak.jpg 420w\" sizes=\"(max-width: 300px) 100vw, 300px\" \/><\/a>kespeare Enerji Hukuk firmas\u0131ndan Yenilenebilir Enerji Direkt\u00f6r\u00fc Neil Budd, T\u00fcrkiye`nin yak\u0131n gelecekte Avrupa`n\u0131n en b\u00fcy\u00fck yenilenebilir enerji piyasas\u0131 olaca\u011f\u0131n\u0131 s\u00f6yledi.<\/p>\n<p><strong>YATIRIM ORTAMI GEL\u0130\u015eT\u0130R\u0130LMEL\u0130<\/strong><\/p>\n<p>Budd, 2023 hedefleri do\u011frultusunda T\u00fcrkiye`nin yenilenebilir enerji g\u00fcc\u00fcne r\u00fczgarda 20, hidrolik enerjide 34, g\u00fcne\u015fte ise 5 gigavat kurulu g\u00fc\u00e7 ekleyece\u011fini belirterek, &#8220;Bu perspektiften bak\u0131ld\u0131\u011f\u0131nda yerel ve uluslararas\u0131 enerji oyuncular\u0131n\u0131n yat\u0131r\u0131m ortam\u0131n\u0131n geli\u015ftirilmesi gerekir&#8221; dedi.<\/p>\n<p><strong>T\u00dcRK\u0130YE K\u00d6T\u00dc TECR\u00dcBELER\u0130 YA\u015eAMAYACAK<\/strong><\/p>\n<p>\u0130ngiltere ve \u0130spanya gibi \u00fclkelerin ya\u015fad\u0131\u011f\u0131 yenilenebilir enerjiye ge\u00e7i\u015f s\u00fcrecindeki k\u00f6t\u00fc tecr\u00fcbelerin T\u00fcrkiye`de ya\u015fanmayaca\u011f\u0131n\u0131 savunan Budd, &#8220;Daha \u015feffaf piyasa ve lisanslama s\u00fcre\u00e7lerinin k\u0131salt\u0131lmas\u0131 sonucunda, yat\u0131r\u0131mc\u0131 ve elektrik t\u00fcketicisi i\u00e7in g\u00fcven ortam\u0131 devam edecektir&#8221; de\u011ferlendirmesinde bulundu.<\/p>\n<p>Kaynak: <a href=\"http:\/\/enerjigunlugu.net\/budd-tr-en-buyuk-yenilenebilir-piyasasi-olacak_14114.html#.VYKF1Pntmko\" target=\"_blank\" rel=\"nofollow\">Enerji G\u00fcnl\u00fc\u011f\u00fc<\/a><\/p>","protected":false},"excerpt":{"rendered":"<p>Sorry, this entry is only available in Turkish. For the sake of viewer convenience, the content is shown below in the alternative language. You may click the link to switch the active language.Shakespeare Enerji Hukuk firmas\u0131ndan Yenilenebilir Enerji Direkt\u00f6r\u00fc Neil Budd, T\u00fcrkiye`nin yak\u0131n gelecekte Avrupa`n\u0131n en b\u00fcy\u00fck yenilenebilir enerji piyasas\u0131 olaca\u011f\u0131n\u0131 s\u00f6yledi. \u0130ngiltere merkezli ELL [&hellip;]<\/p>\n","protected":false},"author":1,"featured_media":40420,"comment_status":"open","ping_status":"open","sticky":false,"template":"","format":"standard","meta":[],"categories":[51,53,49,47,50],"tags":[23544,63,67,1009,2698,165,227,70,23546,69,23545,846,105,4841],"views":953,"_links":{"self":[{"href":"https:\/\/www.enerjigazetesi.ist\/en\/wp-json\/wp\/v2\/posts\/40419"}],"collection":[{"href":"https:\/\/www.enerjigazetesi.ist\/en\/wp-json\/wp\/v2\/posts"}],"about":[{"href":"https:\/\/www.enerjigazetesi.ist\/en\/wp-json\/wp\/v2\/types\/post"}],"author":[{"embeddable":true,"href":"https:\/\/www.enerjigazetesi.ist\/en\/wp-json\/wp\/v2\/users\/1"}],"replies":[{"embeddable":true,"href":"https:\/\/www.enerjigazetesi.ist\/en\/wp-json\/wp\/v2\/comments?post=40419"}],"version-history":[{"count":1,"href":"https:\/\/www.enerjigazetesi.ist\/en\/wp-json\/wp\/v2\/posts\/40419\/revisions"}],"predecessor-version":[{"id":40421,"href":"https:\/\/www.enerjigazetesi.ist\/en\/wp-json\/wp\/v2\/posts\/40419\/revisions\/40421"}],"wp:featuredmedia":[{"embeddable":true,"href":"https:\/\/www.enerjigazetesi.ist\/en\/wp-json\/wp\/v2\/media\/40420"}],"wp:attachment":[{"href":"https:\/\/www.enerjigazetesi.ist\/en\/wp-json\/wp\/v2\/media?parent=40419"}],"wp:term":[{"taxonomy":"category","embeddable":true,"href":"https:\/\/www.enerjigazetesi.ist\/en\/wp-json\/wp\/v2\/categories?post=40419"},{"taxonomy":"post_tag","embeddable":true,"href":"https:\/\/www.enerjigazetesi.ist\/en\/wp-json\/wp\/v2\/tags?post=40419"}],"curies":[{"name":"wp","href":"https:\/\/api.w.org\/{rel}","templated":true}]}}