{"id":40367,"date":"2015-06-17T11:18:49","date_gmt":"2015-06-17T08:18:49","guid":{"rendered":"https:\/\/www.enerjigazetesi.ist\/?p=40367"},"modified":"2015-06-17T11:18:49","modified_gmt":"2015-06-17T08:18:49","slug":"abden-yenilenebilir-enerji-hedeflerini-yakalama-yolunda-bir-adim","status":"publish","type":"post","link":"https:\/\/www.enerjigazetesi.ist\/en\/abden-yenilenebilir-enerji-hedeflerini-yakalama-yolunda-bir-adim\/","title":{"rendered":"(Turkish) AB&#8217;den Yenilenebilir Enerji Hedeflerini Yakalama Yolunda Bir Ad\u0131m&#8230;"},"content":{"rendered":"<p class=\"qtranxs-available-languages-message qtranxs-available-languages-message-en\">Sorry, this entry is only available in <a href=\"https:\/\/www.enerjigazetesi.ist\/tr\/wp-json\/wp\/v2\/posts\/40367\" class=\"qtranxs-available-language-link qtranxs-available-language-link-tr\" title=\"Turkish\">Turkish<\/a>. For the sake of viewer convenience, the content is shown below in the alternative language. You may click the link to switch the active language.<\/p><p><\/p>\n<p style=\"color: #000000;\"><strong>Avrupa Komisyonu, Avrupa Birli\u011fi\u2019nin 2020 y\u0131l\u0131nda enerji \u00fcretiminin be\u015fte birini yenilenebilir kaynaklardan kar\u015f\u0131lama hedefini yakalama yolunda ilerledi\u011fini s\u00f6yledi. Buna g\u00f6re yaln\u0131zca \u0130ngiltere, Hollanda ve L\u00fcksemburg, ara hedefleri yakalayamad\u0131.<\/strong><span id=\"more-72093\"><\/span><\/p>\n<p style=\"color: #000000;\">Avrupa Komisyonu\u2019nun tahminlerine g\u00f6re yenilenebilir kaynaklar ge\u00e7ti\u011fimiz y\u0131l AB\u2019deki toplam enerji \u00fcretiminin y\u00fczde 15.3\u2019\u00fcn\u00fc kar\u015f\u0131lad\u0131.<\/p>\n<p style=\"color: #000000;\">2013\/2014 d\u00f6neminde 28 AB \u00fclkesinden \u0130ngiltere, Hollanda ve L\u00fcksemburg d\u0131\u015f\u0131nda kalan 25\u2019inin, ara hedefl<a href=\"https:\/\/www.enerjigazetesi.ist\/wp-content\/uploads\/2015\/06\/abden-yenilenebilir-enerji-hedeflerini-yakalama-yolunda-bir-adim.jpg\"><img loading=\"lazy\" class=\"alignright size-medium wp-image-40368\" src=\"https:\/\/www.enerjigazetesi.ist\/wp-content\/uploads\/2015\/06\/abden-yenilenebilir-enerji-hedeflerini-yakalama-yolunda-bir-adim-300x168.jpg\" alt=\"abden-yenilenebilir-enerji-hedeflerini-yakalama-yolunda-bir-adim\" width=\"300\" height=\"168\" srcset=\"https:\/\/www.enerjigazetesi.ist\/wp-content\/uploads\/2015\/06\/abden-yenilenebilir-enerji-hedeflerini-yakalama-yolunda-bir-adim-300x168.jpg 300w, https:\/\/www.enerjigazetesi.ist\/wp-content\/uploads\/2015\/06\/abden-yenilenebilir-enerji-hedeflerini-yakalama-yolunda-bir-adim-500x281.jpg 500w, https:\/\/www.enerjigazetesi.ist\/wp-content\/uploads\/2015\/06\/abden-yenilenebilir-enerji-hedeflerini-yakalama-yolunda-bir-adim-80x44.jpg 80w, https:\/\/www.enerjigazetesi.ist\/wp-content\/uploads\/2015\/06\/abden-yenilenebilir-enerji-hedeflerini-yakalama-yolunda-bir-adim.jpg 870w\" sizes=\"(max-width: 300px) 100vw, 300px\" \/><\/a>erini yakalamas\u0131 bekleniyor.<\/p>\n<p style=\"color: #000000;\">AB yenilenebilir enerji ilerleme raporunda, \u2018Fransa, L\u00fcksemburg, Malta, Hollanda, Birle\u015fik Krall\u0131k ve k\u0131smen de Bel\u00e7ika ve \u0130spanya gibi baz\u0131 \u00fcye \u00fclkelerin, politika ve ara\u00e7lar\u0131n\u0131n yenilenebilir enerji hedeflerini yakalamak i\u00e7in yeterli ve etkili olma durumunu de\u011ferlendirmesi gerekiyor\u2019 denildi.<\/p>\n<p style=\"color: #000000;\">2020 hedeflerini \u015fimdiden yakalayan \u00fclkeler aras\u0131nda ise Avusturya, \u0130sve\u00e7, Danimarka ve Letonya bulunuyor.<\/p>\n<p style=\"color: #000000;\">Raporda yer verilen tahminlere g\u00f6re, 2013 y\u0131l\u0131nda yenilenebilir enerjinin pay\u0131ndaki art\u0131\u015f sayesinde AB \u00fclkelerinin yar\u0131s\u0131, en az y\u00fczde 7 oran\u0131nda daha az do\u011falgaz t\u00fcketti ve 388 milyon ton karbon sal\u0131n\u0131m\u0131n\u0131n \u00f6n\u00fcne ge\u00e7ti.<\/p>\n<p style=\"color: #000000;\">AB\u2019nin, karbon emisyonlar\u0131n\u0131 2020 y\u0131l\u0131nda, 1990 seviyesine g\u00f6re y\u00fczde 20 azaltmak gibi ayr\u0131 bir hedefi daha bulunuyor.<\/p>\n<p style=\"color: #000000;\">2014 y\u0131l\u0131nda ula\u015f\u0131mda kullan\u0131lan enerjinin y\u00fczde 5.7\u2019si yenilenebilir kaynaklardan geldi. Avrupa Komisyonu, ula\u015f\u0131mda y\u00fczde 10\u2019luk yenilenebilir enerji hedefinin \u2018zor, fakat ula\u015f\u0131labilir\u2019 oldu\u011funu s\u00f6yledi.<\/p>\n<p style=\"color: #000000;\">Kaynak: Enerji Enstit\u00fcs\u00fc<\/p>\n<p><\/p>","protected":false},"excerpt":{"rendered":"<p>Sorry, this entry is only available in Turkish. For the sake of viewer convenience, the content is shown below in the alternative language. You may click the link to switch the active language. Avrupa Komisyonu, Avrupa Birli\u011fi\u2019nin 2020 y\u0131l\u0131nda enerji \u00fcretiminin be\u015fte birini yenilenebilir kaynaklardan kar\u015f\u0131lama hedefini yakalama yolunda ilerledi\u011fini s\u00f6yledi. Buna g\u00f6re yaln\u0131zca \u0130ngiltere, [&hellip;]<\/p>\n","protected":false},"author":1,"featured_media":40368,"comment_status":"open","ping_status":"open","sticky":false,"template":"","format":"standard","meta":[],"categories":[53,50],"tags":[1192,2132,3969,63,67,1009,2698,165,18,23514,105,1372,23515,1534],"views":1041,"_links":{"self":[{"href":"https:\/\/www.enerjigazetesi.ist\/en\/wp-json\/wp\/v2\/posts\/40367"}],"collection":[{"href":"https:\/\/www.enerjigazetesi.ist\/en\/wp-json\/wp\/v2\/posts"}],"about":[{"href":"https:\/\/www.enerjigazetesi.ist\/en\/wp-json\/wp\/v2\/types\/post"}],"author":[{"embeddable":true,"href":"https:\/\/www.enerjigazetesi.ist\/en\/wp-json\/wp\/v2\/users\/1"}],"replies":[{"embeddable":true,"href":"https:\/\/www.enerjigazetesi.ist\/en\/wp-json\/wp\/v2\/comments?post=40367"}],"version-history":[{"count":1,"href":"https:\/\/www.enerjigazetesi.ist\/en\/wp-json\/wp\/v2\/posts\/40367\/revisions"}],"predecessor-version":[{"id":40369,"href":"https:\/\/www.enerjigazetesi.ist\/en\/wp-json\/wp\/v2\/posts\/40367\/revisions\/40369"}],"wp:featuredmedia":[{"embeddable":true,"href":"https:\/\/www.enerjigazetesi.ist\/en\/wp-json\/wp\/v2\/media\/40368"}],"wp:attachment":[{"href":"https:\/\/www.enerjigazetesi.ist\/en\/wp-json\/wp\/v2\/media?parent=40367"}],"wp:term":[{"taxonomy":"category","embeddable":true,"href":"https:\/\/www.enerjigazetesi.ist\/en\/wp-json\/wp\/v2\/categories?post=40367"},{"taxonomy":"post_tag","embeddable":true,"href":"https:\/\/www.enerjigazetesi.ist\/en\/wp-json\/wp\/v2\/tags?post=40367"}],"curies":[{"name":"wp","href":"https:\/\/api.w.org\/{rel}","templated":true}]}}