{"id":40341,"date":"2015-06-16T14:44:54","date_gmt":"2015-06-16T11:44:54","guid":{"rendered":"https:\/\/www.enerjigazetesi.ist\/?p=40341"},"modified":"2015-06-16T14:44:54","modified_gmt":"2015-06-16T11:44:54","slug":"diyarbakirda-bir-tarlada-50-kw-gucunde-kacak-trafo-ele-gecirildi","status":"publish","type":"post","link":"https:\/\/www.enerjigazetesi.ist\/en\/diyarbakirda-bir-tarlada-50-kw-gucunde-kacak-trafo-ele-gecirildi\/","title":{"rendered":"(Turkish) Diyarbak\u0131r\u2019da Bir Tarlada 50 KW G\u00fcc\u00fcnde Ka\u00e7ak Trafo Ele Ge\u00e7irildi&#8230;"},"content":{"rendered":"<p class=\"qtranxs-available-languages-message qtranxs-available-languages-message-en\">Sorry, this entry is only available in <a href=\"https:\/\/www.enerjigazetesi.ist\/tr\/wp-json\/wp\/v2\/posts\/40341\" class=\"qtranxs-available-language-link qtranxs-available-language-link-tr\" title=\"Turkish\">Turkish<\/a>. For the sake of viewer convenience, the content is shown below in the alternative language. You may click the link to switch the active language.<\/p><p><strong>Diyarbak\u0131r\u2019da d\u00fczenlenen operasyonda, bir r\u00f6morka y\u00fcklenmi\u015f \u015fekilde 50 KW g\u00fcc\u00fcnde ka\u00e7ak trafo ele ge\u00e7irildi.<\/strong><\/p>\n<p>Diyarbak\u0131r\u2019da Bay\u0131nd\u0131r Mahallesinde bir \u015fahsa ait tarlada ka\u00e7ak elektrik kulland\u0131\u011f\u0131 ve tarlas\u0131na ka\u00e7ak trafo kurdu\u011fu ihbar\u0131 al\u0131nd\u0131\u011f\u0131 belirtildi.<a href=\"https:\/\/www.enerjigazetesi.ist\/wp-content\/uploads\/2015\/06\/diyarbakirda-bir-tarlada-50-kw-gucunde-kacak-trafo-ele-gecirildi.png\"><img loading=\"lazy\" class=\"alignleft wp-image-40342 size-medium\" src=\"https:\/\/www.enerjigazetesi.ist\/wp-content\/uploads\/2015\/06\/diyarbakirda-bir-tarlada-50-kw-gucunde-kacak-trafo-ele-gecirildi-300x150.png\" alt=\"diyarbakirda-bir-tarlada-50-kw-gucunde-kacak-trafo-ele-gecirildi\" width=\"300\" height=\"150\" srcset=\"https:\/\/www.enerjigazetesi.ist\/wp-content\/uploads\/2015\/06\/diyarbakirda-bir-tarlada-50-kw-gucunde-kacak-trafo-ele-gecirildi-300x150.png 300w, https:\/\/www.enerjigazetesi.ist\/wp-content\/uploads\/2015\/06\/diyarbakirda-bir-tarlada-50-kw-gucunde-kacak-trafo-ele-gecirildi-500x250.png 500w, https:\/\/www.enerjigazetesi.ist\/wp-content\/uploads\/2015\/06\/diyarbakirda-bir-tarlada-50-kw-gucunde-kacak-trafo-ele-gecirildi-80x40.png 80w, https:\/\/www.enerjigazetesi.ist\/wp-content\/uploads\/2015\/06\/diyarbakirda-bir-tarlada-50-kw-gucunde-kacak-trafo-ele-gecirildi.png 660w\" sizes=\"(max-width: 300px) 100vw, 300px\" \/><\/a><span id=\"more-72078\"><\/span><\/p>\n<p>A\u00e7\u0131klamada, \u201cAl\u0131nan ihbarla ilgili olarak, Diyarbak\u0131r DEDA\u015e ekipleriyle m\u00fc\u015fterek yap\u0131lan ara\u015ft\u0131rma ve inceleme neticesinde, Bismil\/Bay\u0131nd\u0131r Mahallesi\u2019nde ka\u00e7ak elektri\u011fin kullan\u0131ld\u0131\u011f\u0131 tarla kenar\u0131nda, orta gerilim hatt\u0131 olarak kullan\u0131lan enerji nakil hatt\u0131na ait dire\u011finin alt\u0131na bir trakt\u00f6r r\u00f6mork kasas\u0131 \u00fczerinde kurulu ve enerji nakil hatt\u0131na 3 adet \u00e7\u0131plak kablo ile ba\u011fl\u0131 vaziyette 50 KW g\u00fcc\u00fcnde ka\u00e7ak trafo oldu\u011fu tespit edilmi\u015ftir.<\/p>\n<p>Olay ile ilgili yakalanan 1 \u015f\u00fcpheli \u015fah\u0131s hakk\u0131nda adli ve idari i\u015flemler devam etmekte olup, olayda kullan\u0131lan su\u00e7 aletlerine Cumhuriyet Savc\u0131l\u0131\u011f\u0131\u2019n\u0131n talimat\u0131 ile el konulmu\u015ftur\u201d denildi.<\/p>\n<p>Kaynak: Enerji Enstit\u00fcs\u00fc<\/p>","protected":false},"excerpt":{"rendered":"<p>Sorry, this entry is only available in Turkish. For the sake of viewer convenience, the content is shown below in the alternative language. You may click the link to switch the active language.Diyarbak\u0131r\u2019da d\u00fczenlenen operasyonda, bir r\u00f6morka y\u00fcklenmi\u015f \u015fekilde 50 KW g\u00fcc\u00fcnde ka\u00e7ak trafo ele ge\u00e7irildi. Diyarbak\u0131r\u2019da Bay\u0131nd\u0131r Mahallesinde bir \u015fahsa ait tarlada ka\u00e7ak elektrik [&hellip;]<\/p>\n","protected":false},"author":1,"featured_media":40342,"comment_status":"open","ping_status":"open","sticky":false,"template":"","format":"standard","meta":[],"categories":[51,53],"tags":[23490,671,4420,68,61,63,67,1009,2698,165,1215,12716,14945],"views":1489,"_links":{"self":[{"href":"https:\/\/www.enerjigazetesi.ist\/en\/wp-json\/wp\/v2\/posts\/40341"}],"collection":[{"href":"https:\/\/www.enerjigazetesi.ist\/en\/wp-json\/wp\/v2\/posts"}],"about":[{"href":"https:\/\/www.enerjigazetesi.ist\/en\/wp-json\/wp\/v2\/types\/post"}],"author":[{"embeddable":true,"href":"https:\/\/www.enerjigazetesi.ist\/en\/wp-json\/wp\/v2\/users\/1"}],"replies":[{"embeddable":true,"href":"https:\/\/www.enerjigazetesi.ist\/en\/wp-json\/wp\/v2\/comments?post=40341"}],"version-history":[{"count":1,"href":"https:\/\/www.enerjigazetesi.ist\/en\/wp-json\/wp\/v2\/posts\/40341\/revisions"}],"predecessor-version":[{"id":40343,"href":"https:\/\/www.enerjigazetesi.ist\/en\/wp-json\/wp\/v2\/posts\/40341\/revisions\/40343"}],"wp:featuredmedia":[{"embeddable":true,"href":"https:\/\/www.enerjigazetesi.ist\/en\/wp-json\/wp\/v2\/media\/40342"}],"wp:attachment":[{"href":"https:\/\/www.enerjigazetesi.ist\/en\/wp-json\/wp\/v2\/media?parent=40341"}],"wp:term":[{"taxonomy":"category","embeddable":true,"href":"https:\/\/www.enerjigazetesi.ist\/en\/wp-json\/wp\/v2\/categories?post=40341"},{"taxonomy":"post_tag","embeddable":true,"href":"https:\/\/www.enerjigazetesi.ist\/en\/wp-json\/wp\/v2\/tags?post=40341"}],"curies":[{"name":"wp","href":"https:\/\/api.w.org\/{rel}","templated":true}]}}