{"id":40312,"date":"2015-06-15T13:09:36","date_gmt":"2015-06-15T10:09:36","guid":{"rendered":"https:\/\/www.enerjigazetesi.ist\/?p=40312"},"modified":"2015-06-15T13:09:36","modified_gmt":"2015-06-15T10:09:36","slug":"putin-gazprom-ile-turk-akimini-ele-alacak","status":"publish","type":"post","link":"https:\/\/www.enerjigazetesi.ist\/en\/putin-gazprom-ile-turk-akimini-ele-alacak\/","title":{"rendered":"(Turkish) Putin, Gazprom \u0130le T\u00fcrk Ak\u0131m\u0131\u2019n\u0131 Ele Alacak!"},"content":{"rendered":"<p class=\"qtranxs-available-languages-message qtranxs-available-languages-message-en\">Sorry, this entry is only available in <a href=\"https:\/\/www.enerjigazetesi.ist\/tr\/wp-json\/wp\/v2\/posts\/40312\" class=\"qtranxs-available-language-link qtranxs-available-language-link-tr\" title=\"Turkish\">Turkish<\/a>. For the sake of viewer convenience, the content is shown below in the alternative language. You may click the link to switch the active language.<\/p><p><\/p>\n<p style=\"color: #000000;\"><strong>Bak\u00fc\u2019de Cumhurba\u015fkan\u0131 Erdo\u011fan\u2019la g\u00f6r\u00fc\u015fen Rusya Devlet Ba\u015fkan\u0131 Vladimir Putin, g\u00f6r\u00fc\u015fme sonu\u00e7lar\u0131 ba\u011flam\u0131nda Rus do\u011falgaz kurumu Gazprom Ba\u015fkan\u0131 Aleksey Miller ile bir araya gelecek. G\u00f6r\u00fc\u015fmede T\u00fcrk Ak\u0131m\u0131 do\u011falgaz boru hatt\u0131 masaya yat\u0131r\u0131lacak.<\/strong><span id=\"more-72066\"><\/span><\/p>\n<p style=\"color: #000000;\">Kremlin Bas\u0131n S\u00f6zc\u00fcs\u00fc Dmitri Peskov, bas\u0131na yapt\u0131\u011f\u0131 a\u00e7\u0131klamada, Putin\u2019in Gazprom ba\u015fkan\u0131 ile bir araya<a href=\"https:\/\/www.enerjigazetesi.ist\/wp-content\/uploads\/2015\/06\/putin-gazprom-ile-turk-akimini-ele-alacak.jpg\"><img loading=\"lazy\" class=\"alignleft wp-image-40313 size-medium\" src=\"https:\/\/www.enerjigazetesi.ist\/wp-content\/uploads\/2015\/06\/putin-gazprom-ile-turk-akimini-ele-alacak-300x152.jpg\" alt=\"putin-gazprom-ile-turk-akimini-ele-alacak\" width=\"300\" height=\"152\" srcset=\"https:\/\/www.enerjigazetesi.ist\/wp-content\/uploads\/2015\/06\/putin-gazprom-ile-turk-akimini-ele-alacak-300x152.jpg 300w, https:\/\/www.enerjigazetesi.ist\/wp-content\/uploads\/2015\/06\/putin-gazprom-ile-turk-akimini-ele-alacak-500x254.jpg 500w, https:\/\/www.enerjigazetesi.ist\/wp-content\/uploads\/2015\/06\/putin-gazprom-ile-turk-akimini-ele-alacak-80x40.jpg 80w, https:\/\/www.enerjigazetesi.ist\/wp-content\/uploads\/2015\/06\/putin-gazprom-ile-turk-akimini-ele-alacak.jpg 620w\" sizes=\"(max-width: 300px) 100vw, 300px\" \/><\/a> gelece\u011fini duyurdu.<\/p>\n<p style=\"color: #000000;\">Peskov, \u201cPazartesi g\u00fcn\u00fc, Rusya Devlet Ba\u015fkan\u0131 Putin, Gazprom Ba\u015fkan\u0131 Miller ile g\u00f6r\u00fc\u015fecek. G\u00f6r\u00fc\u015fmede\u00a0T\u00fcrkiye Cumhurba\u015fkan\u0131 Erdo\u011fan ile yap\u0131lan g\u00f6r\u00fc\u015fme sonu\u00e7lar\u0131 ve di\u011fer uluslararas\u0131 projeler ele al\u0131nacak. Erdo\u011fan\u2019la g\u00f6r\u00fc\u015fme sonu\u00e7lar\u0131 ba\u011flam\u0131nda Miller\u2019in uzman d\u00fczeyinde \u00f6zel g\u00f6r\u00fc\u015fmeler yapmas\u0131 bekleniyor. Rusya Devlet Ba\u015fkan\u0131, g\u00f6r\u00fc\u015fmede Gazprom ba\u015fkan\u0131n\u0131 dinleyecek\u201d dedi.<\/p>\n<p style=\"color: #000000;\">Kremlin S\u00f6zc\u00fcs\u00fc Peskov, daha sonra g\u00f6r\u00fc\u015fmenin i\u00e7eri\u011fi ile ilgili bilgi vererek Putin ve Erdo\u011fan\u2019\u0131n T\u00fcrk Ak\u0131m\u0131 ba\u015fta olmak \u00fczere temel enerji projelerini ele ald\u0131klar\u0131n\u0131 ifade etmi\u015fti.<\/p>\n<p style=\"color: #000000;\">Mersin Akkuyu N\u00fckleer Santrali ile ilgili teknik problemlerin de\u011ferlendirildi\u011fini s\u00f6yleyen Peskov, \u201cOnlar n\u00fckleer santralin in\u015faat\u0131 ile ilgili teknik konular\u0131 masaya yat\u0131rd\u0131. Bunlar b\u00fcy\u00fck kapasiteli projelerde her zaman olu\u015fan teknik problemler. Enerji alan\u0131nda temel di\u011fer projeler de m\u00fczakere edildi. Ukrayna ba\u015fta olmak \u00fczere uluslar aras\u0131 sorunlarla ilgili g\u00f6r\u00fc\u015f al\u0131\u015fveri\u015finde bulundular\u201d diye bilgi vermi\u015fti.<\/p>\n<p style=\"color: #000000;\">Kaynak: Enerji Enstit\u00fcs\u00fc<\/p>\n<p><\/p>","protected":false},"excerpt":{"rendered":"<p>Sorry, this entry is only available in Turkish. For the sake of viewer convenience, the content is shown below in the alternative language. You may click the link to switch the active language. Bak\u00fc\u2019de Cumhurba\u015fkan\u0131 Erdo\u011fan\u2019la g\u00f6r\u00fc\u015fen Rusya Devlet Ba\u015fkan\u0131 Vladimir Putin, g\u00f6r\u00fc\u015fme sonu\u00e7lar\u0131 ba\u011flam\u0131nda Rus do\u011falgaz kurumu Gazprom Ba\u015fkan\u0131 Aleksey Miller ile bir araya [&hellip;]<\/p>\n","protected":false},"author":1,"featured_media":40313,"comment_status":"open","ping_status":"open","sticky":false,"template":"","format":"standard","meta":[],"categories":[46,53],"tags":[1026,4086,17841,23481,92,876,226,63,67,1009,2698,165,1277,6619,20076,6622],"views":789,"_links":{"self":[{"href":"https:\/\/www.enerjigazetesi.ist\/en\/wp-json\/wp\/v2\/posts\/40312"}],"collection":[{"href":"https:\/\/www.enerjigazetesi.ist\/en\/wp-json\/wp\/v2\/posts"}],"about":[{"href":"https:\/\/www.enerjigazetesi.ist\/en\/wp-json\/wp\/v2\/types\/post"}],"author":[{"embeddable":true,"href":"https:\/\/www.enerjigazetesi.ist\/en\/wp-json\/wp\/v2\/users\/1"}],"replies":[{"embeddable":true,"href":"https:\/\/www.enerjigazetesi.ist\/en\/wp-json\/wp\/v2\/comments?post=40312"}],"version-history":[{"count":1,"href":"https:\/\/www.enerjigazetesi.ist\/en\/wp-json\/wp\/v2\/posts\/40312\/revisions"}],"predecessor-version":[{"id":40314,"href":"https:\/\/www.enerjigazetesi.ist\/en\/wp-json\/wp\/v2\/posts\/40312\/revisions\/40314"}],"wp:featuredmedia":[{"embeddable":true,"href":"https:\/\/www.enerjigazetesi.ist\/en\/wp-json\/wp\/v2\/media\/40313"}],"wp:attachment":[{"href":"https:\/\/www.enerjigazetesi.ist\/en\/wp-json\/wp\/v2\/media?parent=40312"}],"wp:term":[{"taxonomy":"category","embeddable":true,"href":"https:\/\/www.enerjigazetesi.ist\/en\/wp-json\/wp\/v2\/categories?post=40312"},{"taxonomy":"post_tag","embeddable":true,"href":"https:\/\/www.enerjigazetesi.ist\/en\/wp-json\/wp\/v2\/tags?post=40312"}],"curies":[{"name":"wp","href":"https:\/\/api.w.org\/{rel}","templated":true}]}}