{"id":40297,"date":"2015-06-15T12:52:38","date_gmt":"2015-06-15T09:52:38","guid":{"rendered":"https:\/\/www.enerjigazetesi.ist\/?p=40297"},"modified":"2015-06-15T12:52:38","modified_gmt":"2015-06-15T09:52:38","slug":"dogalgaz-ve-elektrikte-zam-ihtiyaci","status":"publish","type":"post","link":"https:\/\/www.enerjigazetesi.ist\/en\/dogalgaz-ve-elektrikte-zam-ihtiyaci\/","title":{"rendered":"(Turkish) Do\u011falgaz ve Elektrikte Zam \u0130htiyac\u0131&#8230;"},"content":{"rendered":"<p class=\"qtranxs-available-languages-message qtranxs-available-languages-message-en\">Sorry, this entry is only available in <a href=\"https:\/\/www.enerjigazetesi.ist\/tr\/wp-json\/wp\/v2\/posts\/40297\" class=\"qtranxs-available-language-link qtranxs-available-language-link-tr\" title=\"Turkish\">Turkish<\/a>. For the sake of viewer convenience, the content is shown below in the alternative language. You may click the link to switch the active language.<\/p><p><\/p>\n<p style=\"color: #000000;\"><strong>7 Haziran\u2019da yap\u0131lan genel se\u00e7imin ard\u0131ndan, \u00fc\u00e7 g\u00fcn arayla benzine \u00f6nce 15 kuru\u015f, daha sonra 7 kuru\u015f, toplamda 22 kuru\u015f gibi y\u00fckl\u00fc bir zam yap\u0131lmas\u0131 tart\u0131\u015fma konusu oldu.<span id=\"more-72058\"><\/span>\u00a0<\/strong><\/p>\n<p style=\"color: #000000;\">H\u00fcrriyet\u2019ten Merve Erdil\u2019in haberine g\u00f6re, bir iddia, se\u00e7imlerden \u00f6nce yap\u0131lmas\u0131 gereken zamlar\u0131n bekletildi\u011fi ve se\u00e7im sonras\u0131 yap\u0131ld\u0131\u011f\u0131 y\u00f6n\u00fcnde. Enerji Piyasas\u0131 D\u00fczenleme Kurumu (EPDK), bu iddiay\u0131 bir a\u00e7\u0131klama yaparak yalanlad\u0131. <a href=\"https:\/\/www.enerjigazetesi.ist\/wp-content\/uploads\/2015\/06\/dogalgaz-ve-elektrikte-zam-ihtiyaci.jpg\"><img loading=\"lazy\" class=\"alignright size-medium wp-image-40298\" src=\"https:\/\/www.enerjigazetesi.ist\/wp-content\/uploads\/2015\/06\/dogalgaz-ve-elektrikte-zam-ihtiyaci-300x168.jpg\" alt=\"dogalgaz-ve-elektrikte-zam-ihtiyaci\" width=\"300\" height=\"168\" srcset=\"https:\/\/www.enerjigazetesi.ist\/wp-content\/uploads\/2015\/06\/dogalgaz-ve-elektrikte-zam-ihtiyaci-300x168.jpg 300w, https:\/\/www.enerjigazetesi.ist\/wp-content\/uploads\/2015\/06\/dogalgaz-ve-elektrikte-zam-ihtiyaci-500x280.jpg 500w, https:\/\/www.enerjigazetesi.ist\/wp-content\/uploads\/2015\/06\/dogalgaz-ve-elektrikte-zam-ihtiyaci-80x44.jpg 80w, https:\/\/www.enerjigazetesi.ist\/wp-content\/uploads\/2015\/06\/dogalgaz-ve-elektrikte-zam-ihtiyaci.jpg 606w\" sizes=\"(max-width: 300px) 100vw, 300px\" \/><\/a>EPDK taraf\u0131ndan yap\u0131lan a\u00e7\u0131klamada, \u201cSon fiyat art\u0131\u015f\u0131 T\u00fcpra\u015f\u2019\u0131n kendi metodolojisi \u00e7er\u00e7evesinde belirledi\u011fi bir art\u0131\u015ft\u0131r. Gerek\u00e7esi ise hem T\u00fcpra\u015f\u2019\u0131n bir \u00f6nceki benzin fiyat\u0131n\u0131 belirledi\u011fi 20 May\u0131s tarihinden bu yana dolar cinsinden benzin fiyat\u0131nda ya\u015fanan y\u00fczde 3.5 art\u0131\u015f, hem de ayn\u0131 d\u00f6nemde dolar kurunda ya\u015fanan y\u00fczde 7.5 art\u0131\u015ft\u0131r. Bu art\u0131\u015flar dikkate al\u0131narak, T\u00fcpra\u015f taraf\u0131ndan metodolojisine uygun \u015fekilde rafineri fiyatlar\u0131 art\u0131r\u0131lm\u0131\u015f, bu art\u0131\u015f da beklendi\u011fi \u00fczere di\u011fer \u015firketlerce pompa fiyatlar\u0131na yans\u0131t\u0131lm\u0131\u015ft\u0131r.<\/p>\n<p style=\"color: #000000;\">\u00d6zellikle se\u00e7im sonras\u0131nda dolar kurunda ya\u015fanan art\u0131\u015f\u0131n benzin fiyat art\u0131\u015f\u0131nda etkili oldu\u011fu g\u00f6r\u00fclm\u00fc\u015ft\u00fcr\u201d denildi. \u201cBir haftada 22 kuru\u015fluk zamm\u0131n gerek\u00e7esi nedir\u201d sorusu y\u00f6neltti\u011fimiz bir sekt\u00f6r temsilcisi ise \u201cSe\u00e7im \u00f6ncesi bu zamlar\u0131n olmas\u0131 laz\u0131md\u0131 asl\u0131nda. 8-9 kuru\u015fluk bir art\u0131\u015f\u0131 se\u00e7im \u00f6ncesi \u00c7ar\u015famba-Per\u015fembe bekliyorduk ama yap\u0131lmad\u0131. Yap\u0131lmay\u0131nca, dolarda da 2.80\u2019leri bulan fiyatlar bir anda \u015fi\u015firdi att\u0131. Bir g\u00fcnde olan bir art\u0131\u015f de\u011fil bu rakam\u201d yorumunu yapt\u0131. Hafta ba\u015f\u0131nda motorinde de 5-6 kuru\u015fluk bir zam yap\u0131lmas\u0131 bekleniyor.<\/p>\n<h2 style=\"color: #232323;\">Elektrik ve gaz zamm\u0131 da g\u00fcndemde<\/h2>\n<p style=\"color: #000000;\">Enerji Panorama dergisinin Haziran 2015 say\u0131s\u0131nda, enerji sekt\u00f6r\u00fcn\u00fcn \u201cSe\u00e7imden sonra elektrik ve gaza zam ka\u00e7\u0131n\u0131lmaz\u201d g\u00f6r\u00fc\u015flerini yans\u0131tan bir analiz haber yer al\u0131yor. Enerji Panorama\u2019n\u0131n sekt\u00f6r\u00fcn \u00f6nde gelen uzmanlar\u0131yla yapt\u0131\u011f\u0131 g\u00f6r\u00fc\u015fmelere g\u00f6re, mevcut fiyatlar ve konjonkt\u00fcr zam yap\u0131lmas\u0131n\u0131 zorunlu k\u0131l\u0131yor. Do\u011falgazdaki y\u00fckseli\u015fin elektrik \u00fcretimin maliyetini de art\u0131rd\u0131\u011f\u0131n\u0131 belirten uzmanlar, \u201cZam ka\u00e7\u0131n\u0131lmaz\u201d de\u011ferlendirmesinde bulunuyor.<\/p>\n<p style=\"color: #000000;\">Habere g\u00f6re BOTA\u015e, y\u0131l\u0131n ilk \u00e7eyre\u011finde serbest piyasada sanayiye her 1000 metrek\u00fcp gaz\u0131 782 TL\u2019ye (ald\u0131\u011f\u0131 fiyat\u0131n alt\u0131na), konutlara da 848 TL\u2019ye (ithalat fiyat\u0131n\u0131n \u00fcst\u00fcnde) satt\u0131. Uzmanlar\u0131n hesaplamalar\u0131na g\u00f6re, bu d\u00f6nemde dolar kuru da ortalama 2.5 TL d\u00fczeyinde ger\u00e7ekle\u015fti. BOTA\u015e, bu veriler \u00e7er\u00e7evesinde satt\u0131\u011f\u0131 her 1000 metrek\u00fcp gazdan ortalama 8 dolar dolay\u0131nda zarar etti. Elektri\u011fe yap\u0131lacak olas\u0131 zamm\u0131n oran\u0131n\u0131n ise do\u011falgaz fiyatlar\u0131yla do\u011frudan orant\u0131l\u0131 olaca\u011f\u0131 tahminleri yap\u0131l\u0131yor. Elektrikte, 1 Temmuz\u2019dan ge\u00e7erli olmak \u00fczere 3 ay ge\u00e7erli olacak yeni fiyatlar belirlenecek. Enerji ve Tabii Kaynaklar Bakan\u0131 Taner Y\u0131ld\u0131z, do\u011falgaz ve elektri\u011fe ger\u00e7ekte y\u00fczde 7 dolay\u0131nda zam ihtiyac\u0131 oldu\u011funu belirterek, bu zamm\u0131 yapmayacaklar\u0131n\u0131 s\u00f6ylemi\u015fti.<\/p>\n<p style=\"color: #000000;\"><strong>EN SON \u00d6TV ARTI\u015eINDA GELM\u0130\u015eT\u0130<\/strong><\/p>\n<p style=\"color: #000000;\">Akaryak\u0131t sekt\u00f6r\u00fcnde, se\u00e7imden \u00f6nce yap\u0131lmas\u0131 gereken zamm\u0131n, se\u00e7imin ard\u0131ndan toplu \u015fekilde yans\u0131t\u0131ld\u0131\u011f\u0131 iddias\u0131 dillendiriliyor. EPDK, bu iddiay\u0131 bir a\u00e7\u0131klama yaparak yalanlad\u0131 ve \u201cFiyatlar\u0131n belirlenmesindeki en temel iki veri olan benzin \u00fcr\u00fcn fiyat\u0131 ve dolar kurundaki b\u00fcy\u00fck art\u0131\u015f ve azal\u0131\u015flarda daha \u00f6nce de bu b\u00fcy\u00fckl\u00fckte fiyat de\u011fi\u015fimleri oldu\u011fudur\u201d denildi. 22 kuru\u015fluk zamm\u0131n kayna\u011f\u0131 konusunda bir sekt\u00f6r temsilcisi ise \u015fu iddiada bulundu: \u201cEn son b\u00f6yle y\u00fckl\u00fc bir rakam Maliye Bakanl\u0131\u011f\u0131 \u00d6TV art\u0131\u015f\u0131 yapt\u0131\u011f\u0131nda gelmi\u015fti. Bu yakla\u015f\u0131k bir hafta, on be\u015f g\u00fcn\u00fcn \u00fcr\u00fcn\u00fc. T\u00fcpra\u015f ge\u00e7en hafta yapmas\u0131 gereken zamm\u0131 yapmad\u0131, dolay\u0131s\u0131yla zarar\u0131 cebinden \u00e7ekti. \u015eu anda form\u00fclasyon metodolojisine g\u00f6re gayet normal bu zamlar.\u201d<\/p>\n<p style=\"color: #000000;\">Haberin Devam\u0131 i\u00e7in\u00a0<a style=\"color: #c75615;\" href=\"http:\/\/www.hurriyet.com.tr\/ekonomi\/29278277.asp\" target=\"_blank\" rel=\"nofollow\">t\u0131klay\u0131n\u0131z&gt;&gt;&gt;<\/a><\/p>\n<p style=\"color: #000000;\">Kaynak: H\u00fcrriyet<\/p>\n<p><\/p>","protected":false},"excerpt":{"rendered":"<p>Sorry, this entry is only available in Turkish. For the sake of viewer convenience, the content is shown below in the alternative language. You may click the link to switch the active language. 7 Haziran\u2019da yap\u0131lan genel se\u00e7imin ard\u0131ndan, \u00fc\u00e7 g\u00fcn arayla benzine \u00f6nce 15 kuru\u015f, daha sonra 7 kuru\u015f, toplamda 22 kuru\u015f gibi y\u00fckl\u00fc [&hellip;]<\/p>\n","protected":false},"author":1,"featured_media":40298,"comment_status":"open","ping_status":"open","sticky":false,"template":"","format":"standard","meta":[],"categories":[46,51,53],"tags":[531,92,655,68,63,67,1009,2698,1046,165,750,1946,1000,23470],"views":769,"_links":{"self":[{"href":"https:\/\/www.enerjigazetesi.ist\/en\/wp-json\/wp\/v2\/posts\/40297"}],"collection":[{"href":"https:\/\/www.enerjigazetesi.ist\/en\/wp-json\/wp\/v2\/posts"}],"about":[{"href":"https:\/\/www.enerjigazetesi.ist\/en\/wp-json\/wp\/v2\/types\/post"}],"author":[{"embeddable":true,"href":"https:\/\/www.enerjigazetesi.ist\/en\/wp-json\/wp\/v2\/users\/1"}],"replies":[{"embeddable":true,"href":"https:\/\/www.enerjigazetesi.ist\/en\/wp-json\/wp\/v2\/comments?post=40297"}],"version-history":[{"count":1,"href":"https:\/\/www.enerjigazetesi.ist\/en\/wp-json\/wp\/v2\/posts\/40297\/revisions"}],"predecessor-version":[{"id":40299,"href":"https:\/\/www.enerjigazetesi.ist\/en\/wp-json\/wp\/v2\/posts\/40297\/revisions\/40299"}],"wp:featuredmedia":[{"embeddable":true,"href":"https:\/\/www.enerjigazetesi.ist\/en\/wp-json\/wp\/v2\/media\/40298"}],"wp:attachment":[{"href":"https:\/\/www.enerjigazetesi.ist\/en\/wp-json\/wp\/v2\/media?parent=40297"}],"wp:term":[{"taxonomy":"category","embeddable":true,"href":"https:\/\/www.enerjigazetesi.ist\/en\/wp-json\/wp\/v2\/categories?post=40297"},{"taxonomy":"post_tag","embeddable":true,"href":"https:\/\/www.enerjigazetesi.ist\/en\/wp-json\/wp\/v2\/tags?post=40297"}],"curies":[{"name":"wp","href":"https:\/\/api.w.org\/{rel}","templated":true}]}}