{"id":40264,"date":"2015-06-13T17:06:22","date_gmt":"2015-06-13T14:06:22","guid":{"rendered":"https:\/\/www.enerjigazetesi.ist\/?p=40264"},"modified":"2015-06-13T17:06:22","modified_gmt":"2015-06-13T14:06:22","slug":"tek-klima-ile-tum-ev-isinacak","status":"publish","type":"post","link":"https:\/\/www.enerjigazetesi.ist\/en\/tek-klima-ile-tum-ev-isinacak\/","title":{"rendered":"(Turkish) Tek Klima \u0130le T\u00fcm Ev Is\u0131nacak&#8230;"},"content":{"rendered":"<p class=\"qtranxs-available-languages-message qtranxs-available-languages-message-en\">Sorry, this entry is only available in <a href=\"https:\/\/www.enerjigazetesi.ist\/tr\/wp-json\/wp\/v2\/posts\/40264\" class=\"qtranxs-available-language-link qtranxs-available-language-link-tr\" title=\"Turkish\">Turkish<\/a>. For the sake of viewer convenience, the content is shown below in the alternative language. You may click the link to switch the active language.<\/p><p><strong>Akdeniz \u00dcniversitesi \u00f6\u011frencilerinin tasarlad\u0131klar\u0131 tek klima ile b\u00fct\u00fcn evi \u0131s\u0131t\u0131l\u0131yor.<\/strong><\/p>\n<p>B\u00fcy\u00fck\u015fehir Belediyesi\u2019nin d\u00fczenledi\u011fi \u201cAntalya Bilim Festivali\u201d gen\u00e7 mucitleri ortaya \u00e7\u0131kard\u0131. Akdeniz \u00dcniversitesi \u00f6\u011frencilerinin tasarlad\u0131klar\u0131 tek klima ile b\u00fct\u00fcn evi \u0131s\u0131tma sistemi, festivalin en merak edileni oldu.<a href=\"https:\/\/www.enerjigazetesi.ist\/wp-content\/uploads\/2015\/06\/tek-klima-ile-tum-ev-isinacak.jpg\"><img loading=\"lazy\" class=\"alignleft wp-image-40265 size-medium\" src=\"https:\/\/www.enerjigazetesi.ist\/wp-content\/uploads\/2015\/06\/tek-klima-ile-tum-ev-isinacak-300x162.jpg\" alt=\"tek-klima-ile-tum-ev-isinacak\" width=\"300\" height=\"162\" srcset=\"https:\/\/www.enerjigazetesi.ist\/wp-content\/uploads\/2015\/06\/tek-klima-ile-tum-ev-isinacak-300x162.jpg 300w, https:\/\/www.enerjigazetesi.ist\/wp-content\/uploads\/2015\/06\/tek-klima-ile-tum-ev-isinacak-80x43.jpg 80w, https:\/\/www.enerjigazetesi.ist\/wp-content\/uploads\/2015\/06\/tek-klima-ile-tum-ev-isinacak.jpg 448w\" sizes=\"(max-width: 300px) 100vw, 300px\" \/><\/a><\/p>\n<p>Akdeniz \u00dcniversitesi Teknik Bilimler Meslek Y\u00fcksek Okulu son s\u0131n\u0131f \u00f6\u011frencilerinin tez \u00f6devi olarak haz\u0131rlad\u0131klar\u0131, \u0130klimlendirme ve So\u011futma Teknolojileri dersi bitirme projesinin grup s\u00f6zc\u00fcs\u00fc Durmu\u015f As\u0131l, \u00f6\u011fretmenlerinin kliman\u0131n di\u011fer iklimlendirme sistemlerine g\u00f6re daha ekonomik oldu\u011funu s\u00f6ylemesinden yola \u00e7\u0131kt\u0131klar\u0131n\u0131 ifade ederek, \u201cE\u011fer bir projeye imza atacaksak bu bizim gelece\u011fimizi de\u011fi\u015ftirmeli ve insan yarar\u0131na olmal\u0131 diye d\u00fc\u015f\u00fcnd\u00fck. Hem tasarruflu hem de verimli olmas\u0131n\u0131 istedik. Antalya gibi s\u0131cak bir memlekette insanlar\u0131n evlerinde en az iki ya da \u00fc\u00e7 klima oluyor. Bu da insanlar\u0131n b\u00fct\u00e7elerine olduk\u00e7a zarar veriyor. \u00d6yle bir \u015fey yapmal\u0131y\u0131z ki vatanda\u015f\u0131 y\u00fcksek elektrik faturas\u0131 \u00f6demekten kurtarmal\u0131y\u0131z dedik ve tek klima ile b\u00fct\u00fcn evi \u0131s\u0131tabilecek ya da so\u011futulabilecek bir sistem geli\u015ftirdik\u201d diye konu\u015ftu.<\/p>\n<p><strong>KOMB\u0130 BENZER\u0130 S\u0130STEM<\/strong><\/p>\n<p>Kombi sistemi ile benzer \u00f6zellikleri ta\u015f\u0131yan sistem \u015f\u00f6yle i\u015fliyor. Binan\u0131n duvarlar\u0131na ya da taban k\u0131sm\u0131na yal\u0131t\u0131m yap\u0131l\u0131p, borular d\u00f6\u015feniyor. Evin uygun yerlerine fan ve radyat\u00f6rler yerle\u015ftiriliyor. Borular\u0131n i\u00e7inden su ak\u0131\u015f\u0131n\u0131n sa\u011flanmas\u0131 i\u00e7in k\u00fc\u00e7\u00fck bir su deposu sistemi kuruluyor. Su deposu i\u00e7ine kurulan klima gaz\u0131n\u0131n dola\u015ft\u0131\u011f\u0131 radyat\u00f6r benzeri sistem yerle\u015ftiriliyor. Klima gaz\u0131 taraf\u0131ndan so\u011futulan ya da \u0131s\u0131t\u0131lan su, pompa yard\u0131m\u0131yla evin i\u00e7inde dola\u015farak \u0131s\u0131tmay\u0131 ya da so\u011futmay\u0131 sa\u011fl\u0131yor. Is\u0131nan su ayn\u0131 zamanda musluklara verilerek, evde de kullan\u0131labiliyor.<\/p>\n<p>Kaynak: B\u00fcltenler<\/p>","protected":false},"excerpt":{"rendered":"<p>Sorry, this entry is only available in Turkish. For the sake of viewer convenience, the content is shown below in the alternative language. You may click the link to switch the active language.Akdeniz \u00dcniversitesi \u00f6\u011frencilerinin tasarlad\u0131klar\u0131 tek klima ile b\u00fct\u00fcn evi \u0131s\u0131t\u0131l\u0131yor. B\u00fcy\u00fck\u015fehir Belediyesi\u2019nin d\u00fczenledi\u011fi \u201cAntalya Bilim Festivali\u201d gen\u00e7 mucitleri ortaya \u00e7\u0131kard\u0131. Akdeniz \u00dcniversitesi \u00f6\u011frencilerinin [&hellip;]<\/p>\n","protected":false},"author":1,"featured_media":40265,"comment_status":"open","ping_status":"open","sticky":false,"template":"","format":"standard","meta":[],"categories":[51,53],"tags":[23457,23459,63,67,1009,2698,165,23458,796,23456],"views":937,"_links":{"self":[{"href":"https:\/\/www.enerjigazetesi.ist\/en\/wp-json\/wp\/v2\/posts\/40264"}],"collection":[{"href":"https:\/\/www.enerjigazetesi.ist\/en\/wp-json\/wp\/v2\/posts"}],"about":[{"href":"https:\/\/www.enerjigazetesi.ist\/en\/wp-json\/wp\/v2\/types\/post"}],"author":[{"embeddable":true,"href":"https:\/\/www.enerjigazetesi.ist\/en\/wp-json\/wp\/v2\/users\/1"}],"replies":[{"embeddable":true,"href":"https:\/\/www.enerjigazetesi.ist\/en\/wp-json\/wp\/v2\/comments?post=40264"}],"version-history":[{"count":1,"href":"https:\/\/www.enerjigazetesi.ist\/en\/wp-json\/wp\/v2\/posts\/40264\/revisions"}],"predecessor-version":[{"id":40266,"href":"https:\/\/www.enerjigazetesi.ist\/en\/wp-json\/wp\/v2\/posts\/40264\/revisions\/40266"}],"wp:featuredmedia":[{"embeddable":true,"href":"https:\/\/www.enerjigazetesi.ist\/en\/wp-json\/wp\/v2\/media\/40265"}],"wp:attachment":[{"href":"https:\/\/www.enerjigazetesi.ist\/en\/wp-json\/wp\/v2\/media?parent=40264"}],"wp:term":[{"taxonomy":"category","embeddable":true,"href":"https:\/\/www.enerjigazetesi.ist\/en\/wp-json\/wp\/v2\/categories?post=40264"},{"taxonomy":"post_tag","embeddable":true,"href":"https:\/\/www.enerjigazetesi.ist\/en\/wp-json\/wp\/v2\/tags?post=40264"}],"curies":[{"name":"wp","href":"https:\/\/api.w.org\/{rel}","templated":true}]}}