{"id":40243,"date":"2015-06-13T16:36:40","date_gmt":"2015-06-13T13:36:40","guid":{"rendered":"https:\/\/www.enerjigazetesi.ist\/?p=40243"},"modified":"2015-06-13T16:36:40","modified_gmt":"2015-06-13T13:36:40","slug":"elektrik-piyasasinda-gun-ici-piyasasi-1-temmuzda-aciliyor","status":"publish","type":"post","link":"https:\/\/www.enerjigazetesi.ist\/en\/elektrik-piyasasinda-gun-ici-piyasasi-1-temmuzda-aciliyor\/","title":{"rendered":"(Turkish) Elektrik Piyasas\u0131nda G\u00fcn \u0130\u00e7i Piyasas\u0131 1 Temmuz\u2019da A\u00e7\u0131l\u0131yor!"},"content":{"rendered":"<p class=\"qtranxs-available-languages-message qtranxs-available-languages-message-en\">Sorry, this entry is only available in <a href=\"https:\/\/www.enerjigazetesi.ist\/tr\/wp-json\/wp\/v2\/posts\/40243\" class=\"qtranxs-available-language-link qtranxs-available-language-link-tr\" title=\"Turkish\">Turkish<\/a>. For the sake of viewer convenience, the content is shown below in the alternative language. You may click the link to switch the active language.<\/p><p><\/p>\n<p style=\"color: #000000;\"><strong>Elektrik piyasas\u0131nda a\u00e7\u0131l\u0131\u015f\u0131 2 kere ertelenen\u00a0g\u00fcn i\u00e7i piyasas\u0131 (G\u0130P) 1 Temmuz\u2019da a\u00e7\u0131l\u0131yor.<\/strong><span id=\"more-72055\"><\/span><\/p>\n<p style=\"color: #000000;\">EPDK Ba\u015fkan\u0131 Mustafa Y\u0131lmaz, \u201cG\u00fcn i\u00e7i piyasas\u0131 ilk ba\u015fta TE\u0130A\u015e taraf\u0131ndan i\u015fletilecek ve daha sonra EP\u0130A\u015e\u2019\u0131<a href=\"https:\/\/www.enerjigazetesi.ist\/wp-content\/uploads\/2015\/06\/elektrik-piyasasinda-gun-ici-piyasasi-1-temmuzda-aciliyor.jpg\"><img loading=\"lazy\" class=\"alignleft wp-image-40244 size-medium\" src=\"https:\/\/www.enerjigazetesi.ist\/wp-content\/uploads\/2015\/06\/elektrik-piyasasinda-gun-ici-piyasasi-1-temmuzda-aciliyor-300x200.jpg\" alt=\"elektrik-piyasasinda-gun-ici-piyasasi-1-temmuzda-aciliyor\" width=\"300\" height=\"200\" srcset=\"https:\/\/www.enerjigazetesi.ist\/wp-content\/uploads\/2015\/06\/elektrik-piyasasinda-gun-ici-piyasasi-1-temmuzda-aciliyor-300x200.jpg 300w, https:\/\/www.enerjigazetesi.ist\/wp-content\/uploads\/2015\/06\/elektrik-piyasasinda-gun-ici-piyasasi-1-temmuzda-aciliyor-500x334.jpg 500w, https:\/\/www.enerjigazetesi.ist\/wp-content\/uploads\/2015\/06\/elektrik-piyasasinda-gun-ici-piyasasi-1-temmuzda-aciliyor-74x50.jpg 74w, https:\/\/www.enerjigazetesi.ist\/wp-content\/uploads\/2015\/06\/elektrik-piyasasinda-gun-ici-piyasasi-1-temmuzda-aciliyor.jpg 822w\" sizes=\"(max-width: 300px) 100vw, 300px\" \/><\/a>n piyasa i\u015fletim lisans\u0131 almas\u0131yla birlikte EP\u0130A\u015e taraf\u0131ndan i\u015fletilmeye ba\u015flanacak\u201d dedi.<\/p>\n<p style=\"color: #000000;\">Y\u0131lmaz, \u201cKap\u0131 kapan\u0131\u015f zaman\u0131 da \u015fimdilikfiziksel teslimat\u0131n iki saat \u00f6ncesi olacak.Yani lisansl\u0131 piyasa kat\u0131l\u0131mc\u0131lar\u0131 elektri\u011fin teslimat\u0131na iki saat kalana kadar al\u0131m sat\u0131m yapabilecek. Bu iki saatlik s\u00fcrenin zamanla 45 dakikaya d\u00fc\u015f\u00fcr\u00fclmesi de planlar aras\u0131nda, yani Kurul elektrik ticaretini ger\u00e7ek zamana yakla\u015ft\u0131racak devrim niteli\u011finde bir ad\u0131m atm\u0131\u015f oldu ve devam\u0131 da gelecek \u0130n\u015faallah\u201d ifadesini kulland\u0131.<\/p>\n<p style=\"color: #000000;\">G\u0130P\u2019in, s\u00fcrekli ticaret y\u00f6ntemiyle \u00e7al\u0131\u015fan bir piyasa olaca\u011f\u0131n\u0131 vurgulayan EPDK Ba\u015fkan\u0131 Mustafa Y\u0131lmaz, \u201cG\u0130P, saat 18.00\u2019da ertesi g\u00fcn\u00fcn saatleri i\u00e7in a\u00e7\u0131lacak ve i\u015flemler s\u00fcrekli olarak yap\u0131lacak.\u00a0G\u0130P yaz\u0131l\u0131m\u0131 y\u00fczde 100 yerli olup t\u00fcm kodlar TE\u0130A\u015e yaz\u0131l\u0131mc\u0131lar\u0131 taraf\u0131ndan geli\u015ftirildi, bu sayede yakla\u015f\u0131k 1.5 milyon dolar TE\u0130A\u015e\u2019ta kald\u0131 ancak bu rakam \u00f6n\u00fcm\u00fczdeki g\u00fcnlerde di\u011fer getirileri ile birlikte \u00e7okdaha y\u00fckselecek. Elektrik piyasas\u0131na DGPYS\u2019den sonra T\u00fcrk yaz\u0131l\u0131mc\u0131lar taraf\u0131ndan geli\u015ftirilen d\u00fcnya standartlar\u0131nda bir yaz\u0131l\u0131m daha kazand\u0131r\u0131ld\u0131. Bu \u00fclkemiz i\u00e7in b\u00fcy\u00fck bir gurur. \u201d<\/p>\n<p style=\"color: #000000;\">Kaynak: Enerji Enstit\u00fcs\u00fc<\/p>\n<p><\/p>","protected":false},"excerpt":{"rendered":"<p>Sorry, this entry is only available in Turkish. For the sake of viewer convenience, the content is shown below in the alternative language. You may click the link to switch the active language. Elektrik piyasas\u0131nda a\u00e7\u0131l\u0131\u015f\u0131 2 kere ertelenen\u00a0g\u00fcn i\u00e7i piyasas\u0131 (G\u0130P) 1 Temmuz\u2019da a\u00e7\u0131l\u0131yor. EPDK Ba\u015fkan\u0131 Mustafa Y\u0131lmaz, \u201cG\u00fcn i\u00e7i piyasas\u0131 ilk ba\u015fta TE\u0130A\u015e [&hellip;]<\/p>\n","protected":false},"author":1,"featured_media":40244,"comment_status":"open","ping_status":"open","sticky":false,"template":"","format":"standard","meta":[],"categories":[51,53],"tags":[68,61,1451,2873,63,67,1009,2698,749,165,750,1010,23447,12996,1582,23448],"views":1390,"_links":{"self":[{"href":"https:\/\/www.enerjigazetesi.ist\/en\/wp-json\/wp\/v2\/posts\/40243"}],"collection":[{"href":"https:\/\/www.enerjigazetesi.ist\/en\/wp-json\/wp\/v2\/posts"}],"about":[{"href":"https:\/\/www.enerjigazetesi.ist\/en\/wp-json\/wp\/v2\/types\/post"}],"author":[{"embeddable":true,"href":"https:\/\/www.enerjigazetesi.ist\/en\/wp-json\/wp\/v2\/users\/1"}],"replies":[{"embeddable":true,"href":"https:\/\/www.enerjigazetesi.ist\/en\/wp-json\/wp\/v2\/comments?post=40243"}],"version-history":[{"count":1,"href":"https:\/\/www.enerjigazetesi.ist\/en\/wp-json\/wp\/v2\/posts\/40243\/revisions"}],"predecessor-version":[{"id":40245,"href":"https:\/\/www.enerjigazetesi.ist\/en\/wp-json\/wp\/v2\/posts\/40243\/revisions\/40245"}],"wp:featuredmedia":[{"embeddable":true,"href":"https:\/\/www.enerjigazetesi.ist\/en\/wp-json\/wp\/v2\/media\/40244"}],"wp:attachment":[{"href":"https:\/\/www.enerjigazetesi.ist\/en\/wp-json\/wp\/v2\/media?parent=40243"}],"wp:term":[{"taxonomy":"category","embeddable":true,"href":"https:\/\/www.enerjigazetesi.ist\/en\/wp-json\/wp\/v2\/categories?post=40243"},{"taxonomy":"post_tag","embeddable":true,"href":"https:\/\/www.enerjigazetesi.ist\/en\/wp-json\/wp\/v2\/tags?post=40243"}],"curies":[{"name":"wp","href":"https:\/\/api.w.org\/{rel}","templated":true}]}}