{"id":40237,"date":"2015-06-13T16:29:14","date_gmt":"2015-06-13T13:29:14","guid":{"rendered":"https:\/\/www.enerjigazetesi.ist\/?p=40237"},"modified":"2015-06-13T16:29:14","modified_gmt":"2015-06-13T13:29:14","slug":"s-arabistan-petrol-uretimini-rekor-seviyelere-cikarmaya-hazirlaniyor","status":"publish","type":"post","link":"https:\/\/www.enerjigazetesi.ist\/en\/s-arabistan-petrol-uretimini-rekor-seviyelere-cikarmaya-hazirlaniyor\/","title":{"rendered":"(Turkish) S. Arabistan Petrol \u00dcretimini Rekor Seviyelere \u00c7\u0131karmaya Haz\u0131rlan\u0131yor!"},"content":{"rendered":"<p class=\"qtranxs-available-languages-message qtranxs-available-languages-message-en\">Sorry, this entry is only available in <a href=\"https:\/\/www.enerjigazetesi.ist\/tr\/wp-json\/wp\/v2\/posts\/40237\" class=\"qtranxs-available-language-link qtranxs-available-language-link-tr\" title=\"Turkish\">Turkish<\/a>. For the sake of viewer convenience, the content is shown below in the alternative language. You may click the link to switch the active language.<\/p><p><\/p>\n<p style=\"color: #000000;\"><strong>Suudi Arabistan`\u0131n kamu petrol \u015firketi Aramco`nun \u00fcst d\u00fczey y\u00f6neticilerinden Ahmet El-Sub<a href=\"https:\/\/www.enerjigazetesi.ist\/wp-content\/uploads\/2015\/06\/s-arabistan-petrol-uretimini-rekor-seviyelere-cikarmaya-hazirlaniyor.jpg\"><img loading=\"lazy\" class=\"alignright size-medium wp-image-40238\" src=\"https:\/\/www.enerjigazetesi.ist\/wp-content\/uploads\/2015\/06\/s-arabistan-petrol-uretimini-rekor-seviyelere-cikarmaya-hazirlaniyor-300x197.jpg\" alt=\"s-arabistan-petrol-uretimini-rekor-seviyelere-cikarmaya-hazirlaniyor\" width=\"300\" height=\"197\" srcset=\"https:\/\/www.enerjigazetesi.ist\/wp-content\/uploads\/2015\/06\/s-arabistan-petrol-uretimini-rekor-seviyelere-cikarmaya-hazirlaniyor-300x197.jpg 300w, https:\/\/www.enerjigazetesi.ist\/wp-content\/uploads\/2015\/06\/s-arabistan-petrol-uretimini-rekor-seviyelere-cikarmaya-hazirlaniyor-500x328.jpg 500w, https:\/\/www.enerjigazetesi.ist\/wp-content\/uploads\/2015\/06\/s-arabistan-petrol-uretimini-rekor-seviyelere-cikarmaya-hazirlaniyor-76x50.jpg 76w, https:\/\/www.enerjigazetesi.ist\/wp-content\/uploads\/2015\/06\/s-arabistan-petrol-uretimini-rekor-seviyelere-cikarmaya-hazirlaniyor.jpg 840w\" sizes=\"(max-width: 300px) 100vw, 300px\" \/><\/a>aey, artan k\u00fcresel talebi kar\u015f\u0131layabilmek i\u00e7in \u00fcretimlerini rekor seviyelere \u00e7\u0131karmaya haz\u0131r olduklar\u0131n\u0131 s\u00f6yledi.<\/strong><span id=\"more-72050\"><\/span><\/p>\n<p style=\"color: #000000;\">Suudi Arabistan\u2019dan \u201cPetrol \u00fcretimini art\u0131rmaya haz\u0131r\u0131z\u201d mesaj\u0131 geldi. Suudi Arabistan\u2019\u0131n kamu petrol \u015firketi Aramco\u2019nun \u00fcst d\u00fczey y\u00f6neticilerinden Ahmet El-Subaey, artan k\u00fcresel talebi kar\u015f\u0131layabilmek i\u00e7in \u00fcretimlerini \u00f6n\u00fcm\u00fczdeki aylarda rekor seviyelere \u00e7\u0131karmaya haz\u0131r olduklar\u0131n\u0131 s\u00f6yledi.<\/p>\n<p style=\"color: #000000;\">Reuters\u2019a konu\u015fan Suudi yetkili, ek \u00fcretim konusunda Hindistan ile g\u00f6r\u00fc\u015fmeye ba\u015flad\u0131klar\u0131n\u0131 ifade etti.<\/p>\n<p style=\"color: #000000;\">Kaynak: Enerji Enstit\u00fcs\u00fc<\/p>\n<p><\/p>","protected":false},"excerpt":{"rendered":"<p>Sorry, this entry is only available in Turkish. For the sake of viewer convenience, the content is shown below in the alternative language. You may click the link to switch the active language. Suudi Arabistan`\u0131n kamu petrol \u015firketi Aramco`nun \u00fcst d\u00fczey y\u00f6neticilerinden Ahmet El-Subaey, artan k\u00fcresel talebi kar\u015f\u0131layabilmek i\u00e7in \u00fcretimlerini rekor seviyelere \u00e7\u0131karmaya haz\u0131r olduklar\u0131n\u0131 [&hellip;]<\/p>\n","protected":false},"author":1,"featured_media":40238,"comment_status":"open","ping_status":"open","sticky":false,"template":"","format":"standard","meta":[],"categories":[53,44],"tags":[23440,18719,63,67,1009,2698,165,12829,59,79,1369,23441,23442,23443],"views":734,"_links":{"self":[{"href":"https:\/\/www.enerjigazetesi.ist\/en\/wp-json\/wp\/v2\/posts\/40237"}],"collection":[{"href":"https:\/\/www.enerjigazetesi.ist\/en\/wp-json\/wp\/v2\/posts"}],"about":[{"href":"https:\/\/www.enerjigazetesi.ist\/en\/wp-json\/wp\/v2\/types\/post"}],"author":[{"embeddable":true,"href":"https:\/\/www.enerjigazetesi.ist\/en\/wp-json\/wp\/v2\/users\/1"}],"replies":[{"embeddable":true,"href":"https:\/\/www.enerjigazetesi.ist\/en\/wp-json\/wp\/v2\/comments?post=40237"}],"version-history":[{"count":1,"href":"https:\/\/www.enerjigazetesi.ist\/en\/wp-json\/wp\/v2\/posts\/40237\/revisions"}],"predecessor-version":[{"id":40239,"href":"https:\/\/www.enerjigazetesi.ist\/en\/wp-json\/wp\/v2\/posts\/40237\/revisions\/40239"}],"wp:featuredmedia":[{"embeddable":true,"href":"https:\/\/www.enerjigazetesi.ist\/en\/wp-json\/wp\/v2\/media\/40238"}],"wp:attachment":[{"href":"https:\/\/www.enerjigazetesi.ist\/en\/wp-json\/wp\/v2\/media?parent=40237"}],"wp:term":[{"taxonomy":"category","embeddable":true,"href":"https:\/\/www.enerjigazetesi.ist\/en\/wp-json\/wp\/v2\/categories?post=40237"},{"taxonomy":"post_tag","embeddable":true,"href":"https:\/\/www.enerjigazetesi.ist\/en\/wp-json\/wp\/v2\/tags?post=40237"}],"curies":[{"name":"wp","href":"https:\/\/api.w.org\/{rel}","templated":true}]}}