{"id":40232,"date":"2015-06-12T14:25:23","date_gmt":"2015-06-12T11:25:23","guid":{"rendered":"https:\/\/www.enerjigazetesi.ist\/?p=40232"},"modified":"2015-06-12T14:25:36","modified_gmt":"2015-06-12T11:25:36","slug":"ledled-aydinlatma-fuari-icin-hazirliklar-tum-hiziyla-devam-ediyor","status":"publish","type":"post","link":"https:\/\/www.enerjigazetesi.ist\/en\/ledled-aydinlatma-fuari-icin-hazirliklar-tum-hiziyla-devam-ediyor\/","title":{"rendered":"(Turkish) Led&#038;Led Ayd\u0131nlatma Fuar\u0131 \u0130\u00e7in Haz\u0131rl\u0131klar T\u00fcm H\u0131z\u0131yla Devam Ediyor&#8230;"},"content":{"rendered":"<p class=\"qtranxs-available-languages-message qtranxs-available-languages-message-en\">Sorry, this entry is only available in <a href=\"https:\/\/www.enerjigazetesi.ist\/tr\/wp-json\/wp\/v2\/posts\/40232\" class=\"qtranxs-available-language-link qtranxs-available-language-link-tr\" title=\"Turkish\">Turkish<\/a>. For the sake of viewer convenience, the content is shown below in the alternative language. You may click the link to switch the active language.<\/p><p><strong>T\u00fcrkiye\u2019de LED sekt\u00f6r\u00fcn\u00fcn tek fuar\u0131 olan Led&amp;Led Ayd\u0131nlatma Fuar\u0131 bu y\u0131l 1-4 Ekim tarihlerinde 11. kez ziyaret\u00e7ileriyle bulu\u015fmaya haz\u0131rlan\u0131yor. <\/strong><\/p>\n<p>Marmara Tan\u0131t\u0131m Fuarc\u0131l\u0131k taraf\u0131ndan d\u00fczenlenmeye ba\u015fland\u0131\u011f\u0131 2007 y\u0131l\u0131ndan itibaren sekt\u00f6r\u00fcn ihtiya\u00e7 duydu\u011fu platformu sa\u011flamas\u0131 nedeniyle s\u00fcrekli olarak kat\u0131l\u0131mc\u0131 ve ziyaret\u00e7i say\u0131s\u0131n\u0131 art\u0131ran Led&amp;Led Ayd\u0131nlatma Fuar\u0131 i\u00e7in bu y\u0131l da haz\u0131rl\u0131klar doludizgin devam ediyor. Yine LED teknolojisi alan\u0131ndaki tek fuar olma \u00f6zelli\u011fini koruyacak olan 11. Led<a href=\"https:\/\/www.enerjigazetesi.ist\/wp-content\/uploads\/2015\/06\/ledled-aydinlatma-fuari-icin-hazirliklar-tum-hiziyla-devam-ediyor.jpg\"><img loading=\"lazy\" class=\"alignleft wp-image-40233 size-medium\" src=\"https:\/\/www.enerjigazetesi.ist\/wp-content\/uploads\/2015\/06\/ledled-aydinlatma-fuari-icin-hazirliklar-tum-hiziyla-devam-ediyor-300x150.jpg\" alt=\"ledled-aydinlatma-fuari-icin-hazirliklar-tum-hiziyla-devam-ediyor\" width=\"300\" height=\"150\" srcset=\"https:\/\/www.enerjigazetesi.ist\/wp-content\/uploads\/2015\/06\/ledled-aydinlatma-fuari-icin-hazirliklar-tum-hiziyla-devam-ediyor-300x150.jpg 300w, https:\/\/www.enerjigazetesi.ist\/wp-content\/uploads\/2015\/06\/ledled-aydinlatma-fuari-icin-hazirliklar-tum-hiziyla-devam-ediyor-500x250.jpg 500w, https:\/\/www.enerjigazetesi.ist\/wp-content\/uploads\/2015\/06\/ledled-aydinlatma-fuari-icin-hazirliklar-tum-hiziyla-devam-ediyor-80x40.jpg 80w, https:\/\/www.enerjigazetesi.ist\/wp-content\/uploads\/2015\/06\/ledled-aydinlatma-fuari-icin-hazirliklar-tum-hiziyla-devam-ediyor.jpg 1000w\" sizes=\"(max-width: 300px) 100vw, 300px\" \/><\/a>&amp;Led Ayd\u0131nlatma Fuar\u0131 i\u00e7in yap\u0131lan tan\u0131t\u0131m \u00e7al\u0131\u015fmalar\u0131, sekt\u00f6rdeki t\u00fcm k\u00f6kl\u00fc ve yeni firmalara bu prestijli fuarda yer alabilmelerine olanak sa\u011flayarak sekt\u00f6rdeki payda\u015flarla bulu\u015fma f\u0131rsatlar\u0131 yaratmaktad\u0131r.<\/p>\n<p>7 y\u0131ldan bu yana, d\u00fczenlendi\u011fi her sene hem kat\u0131l\u0131mc\u0131 hem de ziyaret\u00e7i say\u0131s\u0131n\u0131n \u00fcst\u00fcne koyarak gidi\u015fat\u0131n\u0131 s\u00fcrd\u00fcren Led&amp;Led Ayd\u0131nlatma Fuar\u0131\u2019nda en son 2014 y\u0131l\u0131nda yakalanm\u0131\u015f olan %42\u2019lik kat\u0131l\u0131m oran art\u0131\u015f\u0131, bu kapsamda Marmara Tan\u0131t\u0131m Fuarc\u0131l\u0131k\u2019\u0131n ba\u015far\u0131s\u0131n\u0131 g\u00f6zler \u00f6n\u00fcne sermektedir. 2015 y\u0131l\u0131 i\u00e7inse, bug\u00fcne kadar yap\u0131lan \u00e7al\u0131\u015fmalara bak\u0131ld\u0131\u011f\u0131nda, bas\u0131l\u0131 medyada <strong>11 yurt i\u00e7i yay\u0131na reklam verilirken, 10 sekt\u00f6rel bazda yay\u0131n yapan dergiye \u2018insert\u2019 davetiye<\/strong> eklenerek okuyuculara ula\u015f\u0131ld\u0131. Bunun yan\u0131nda, Led&amp;Led Ayd\u0131nlatma Fuar\u0131 ile ilgili sekt\u00f6rleri kapsayan <strong>50\u2019nin \u00fcst\u00fcnde bas\u0131l\u0131 ve internet yay\u0131n\u0131na fuar\u0131n bas\u0131n b\u00fcltenleri her ay d\u00fczenli olarak g\u00f6nderilmeye devam etmektedir<\/strong>.<\/p>\n<p>\u00c7o\u011funlu\u011fu uluslararas\u0131 alanda faaliyet g\u00f6steren, \u00f6zel \u015fartlar d\u00e2hilinde anla\u015fma yap\u0131lm\u0131\u015f olan, i\u00e7inde yay\u0131n, dernek, oda, vak\u0131f ya da kamu kurumlar\u0131n\u0131n da bulundu\u011fu <strong>30\u2019un \u00fczerinde kurulu\u015fun \u00fcyelerine y\u00f6nelik fuar\u0131n tan\u0131t\u0131m\u0131 amac\u0131yla \u2018e-mail\u2019 \u00e7al\u0131\u015fmas\u0131 <\/strong>yap\u0131lm\u0131\u015ft\u0131r.<\/p>\n<p>S\u00f6z konusu kurumlar\u0131n \u00fcyelerine g\u00f6nderilen mailler vas\u0131tas\u0131yla daha geni\u015f kesimlere fuar tan\u0131t\u0131mlar\u0131 yap\u0131larak daha fazla ziyaret\u00e7i ve kat\u0131l\u0131mc\u0131ya ula\u015f\u0131lmas\u0131 hedeflenmektedir. Ayr\u0131ca, internet ortam\u0131na y\u00f6nelik olarak, <strong>hem sekt\u00f6rel hem de genel bazda yay\u0131n yapan ulusal ve uluslararas\u0131 15\u2019in \u00fczerinde \u00f6nemli web sitesi ile anla\u015fma yap\u0131lm\u0131\u015f<\/strong> ve bu anla\u015fma gere\u011fi Led&amp;Led Ayd\u0131nlatma Fuar\u0131\u2019n\u0131n reklam band\u0131 s\u00f6z konusu web sitelerinde yay\u0131nlanm\u0131\u015ft\u0131r.<\/p>\n<p><strong>Detayl\u0131 Bilgi \u0130\u00e7in:<\/strong> <a href=\"http:\/\/www.ledfuari.com\" target=\"_blank\">www.ledfuari.com<\/a><\/p>\n<p>Yay\u0131nc\u0131: <a href=\"https:\/\/www.enerjigazetesi.ist\" target=\"_blank\">Enerji Gazetesi<\/a><\/p>","protected":false},"excerpt":{"rendered":"<p>Sorry, this entry is only available in Turkish. For the sake of viewer convenience, the content is shown below in the alternative language. You may click the link to switch the active language.T\u00fcrkiye\u2019de LED sekt\u00f6r\u00fcn\u00fcn tek fuar\u0131 olan Led&amp;Led Ayd\u0131nlatma Fuar\u0131 bu y\u0131l 1-4 Ekim tarihlerinde 11. kez ziyaret\u00e7ileriyle bulu\u015fmaya haz\u0131rlan\u0131yor. Marmara Tan\u0131t\u0131m Fuarc\u0131l\u0131k taraf\u0131ndan [&hellip;]<\/p>\n","protected":false},"author":1,"featured_media":40233,"comment_status":"open","ping_status":"open","sticky":false,"template":"","format":"standard","meta":[],"categories":[53,52],"tags":[63,67,1009,2698,165,3675,23439,2898],"views":1180,"_links":{"self":[{"href":"https:\/\/www.enerjigazetesi.ist\/en\/wp-json\/wp\/v2\/posts\/40232"}],"collection":[{"href":"https:\/\/www.enerjigazetesi.ist\/en\/wp-json\/wp\/v2\/posts"}],"about":[{"href":"https:\/\/www.enerjigazetesi.ist\/en\/wp-json\/wp\/v2\/types\/post"}],"author":[{"embeddable":true,"href":"https:\/\/www.enerjigazetesi.ist\/en\/wp-json\/wp\/v2\/users\/1"}],"replies":[{"embeddable":true,"href":"https:\/\/www.enerjigazetesi.ist\/en\/wp-json\/wp\/v2\/comments?post=40232"}],"version-history":[{"count":2,"href":"https:\/\/www.enerjigazetesi.ist\/en\/wp-json\/wp\/v2\/posts\/40232\/revisions"}],"predecessor-version":[{"id":40235,"href":"https:\/\/www.enerjigazetesi.ist\/en\/wp-json\/wp\/v2\/posts\/40232\/revisions\/40235"}],"wp:featuredmedia":[{"embeddable":true,"href":"https:\/\/www.enerjigazetesi.ist\/en\/wp-json\/wp\/v2\/media\/40233"}],"wp:attachment":[{"href":"https:\/\/www.enerjigazetesi.ist\/en\/wp-json\/wp\/v2\/media?parent=40232"}],"wp:term":[{"taxonomy":"category","embeddable":true,"href":"https:\/\/www.enerjigazetesi.ist\/en\/wp-json\/wp\/v2\/categories?post=40232"},{"taxonomy":"post_tag","embeddable":true,"href":"https:\/\/www.enerjigazetesi.ist\/en\/wp-json\/wp\/v2\/tags?post=40232"}],"curies":[{"name":"wp","href":"https:\/\/api.w.org\/{rel}","templated":true}]}}