{"id":40189,"date":"2015-06-11T12:42:02","date_gmt":"2015-06-11T09:42:02","guid":{"rendered":"https:\/\/www.enerjigazetesi.ist\/?p=40189"},"modified":"2015-06-11T12:42:02","modified_gmt":"2015-06-11T09:42:02","slug":"kyocera-23-mwlik-yuzer-santralini-devreye-aldi","status":"publish","type":"post","link":"https:\/\/www.enerjigazetesi.ist\/en\/kyocera-23-mwlik-yuzer-santralini-devreye-aldi\/","title":{"rendered":"(Turkish) Kyocera 2,3 MW\u2019l\u0131k Y\u00fczer Santralini Devreye Ald\u0131!"},"content":{"rendered":"<p class=\"qtranxs-available-languages-message qtranxs-available-languages-message-en\">Sorry, this entry is only available in <a href=\"https:\/\/www.enerjigazetesi.ist\/tr\/wp-json\/wp\/v2\/posts\/40189\" class=\"qtranxs-available-language-link qtranxs-available-language-link-tr\" title=\"Turkish\">Turkish<\/a>. For the sake of viewer convenience, the content is shown below in the alternative language. You may click the link to switch the active language.<\/p><p><\/p>\n<p style=\"color: #444444;\"><strong>Japonya\u2019da yeni bir y\u00fczer g\u00fcne\u015f elektri\u011fi santrali projesinin tamamland\u0131\u011f\u0131 ve Haziran ay\u0131 ba\u015f\u0131 itibari ile ticari elektrik \u00fcretimine ba\u015flayaca\u011f\u0131 bildirildi.<\/strong><\/p>\n<p style=\"color: #444444;\">Japon g\u00fcne\u015f mod\u00fcl\u00fc \u00fcreticisi Kyocera ile finans kurulu\u015fu Century Tokyo Leasing ortak giri\u015fimi olan Kyocera TCL Solar taraf\u0131ndan ger\u00e7ekle\u015ftirilen proje 2,3 MW kurulu g\u00fcc\u00fcnde.<\/p>\n<p style=\"color: #444444;\">Santralin y\u0131ll\u0131k 2.680 megavat-saat elektrik \u00fcretimi ger\u00e7ekle\u015ftirmesi \u00f6ng\u00f6r\u00fcl\u00fcyor. Bu rakam ortalama olara<a href=\"https:\/\/www.enerjigazetesi.ist\/wp-content\/uploads\/2015\/06\/kyocera-23-mwlik-yuzer-santralini-devreye-aldi.jpg\"><img loading=\"lazy\" class=\"alignright size-medium wp-image-40190\" src=\"https:\/\/www.enerjigazetesi.ist\/wp-content\/uploads\/2015\/06\/kyocera-23-mwlik-yuzer-santralini-devreye-aldi-300x163.jpg\" alt=\"kyocera-23-mwlik-yuzer-santralini-devreye-aldi\" width=\"300\" height=\"163\" srcset=\"https:\/\/www.enerjigazetesi.ist\/wp-content\/uploads\/2015\/06\/kyocera-23-mwlik-yuzer-santralini-devreye-aldi-300x163.jpg 300w, https:\/\/www.enerjigazetesi.ist\/wp-content\/uploads\/2015\/06\/kyocera-23-mwlik-yuzer-santralini-devreye-aldi-80x43.jpg 80w, https:\/\/www.enerjigazetesi.ist\/wp-content\/uploads\/2015\/06\/kyocera-23-mwlik-yuzer-santralini-devreye-aldi.jpg 460w\" sizes=\"(max-width: 300px) 100vw, 300px\" \/><\/a>k Japonya\u2019daki 820 T\u00fcrkiye\u2019deki 1,780 hanenin y\u0131ll\u0131k elektrik t\u00fcketimine denk geliyor.<\/p>\n<p style=\"color: #444444;\">2012 y\u0131l\u0131 A\u011fustos ay\u0131nda kurulan Kyocera TCL Solar ge\u00e7en ay da yine Hyogo \u015fehrinde 1,7 ve 1,2 MW g\u00fcc\u00fcnde iki y\u00fczer g\u00fcne\u015f elektri\u011fi santralini devreye alm\u0131\u015ft\u0131. \u015eirket halihaz\u0131rda Japonya\u2019n\u0131n Chiba \u015fehrindeki bir baraj g\u00f6l\u00fc \u00fczerinde 13,4 MW g\u00fcc\u00fcnde olacak di\u011fer bir projenin in\u015fa \u00e7al\u0131\u015fmalar\u0131n\u0131 y\u00fcr\u00fct\u00fcyor.<\/p>\n<p style=\"color: #444444;\">\u015eirketler taraf\u0131ndan yap\u0131lan ortak a\u00e7\u0131klamada su y\u00fczeyinde kurulan g\u00fcne\u015f elektri\u011fi santrallerinin suyun so\u011futma etkisi sayesinde zemine monte ve \u00e7at\u0131 \u00fcst\u00fc sistemlere g\u00f6re \u00e7ok daha etkili oldu\u011fu, yaratt\u0131\u011f\u0131 g\u00f6lge ile de kuruldu\u011fu b\u00f6lgelerdeki yosun olu\u015fumunu engelledi\u011fi bildirildi.<\/p>\n<p style=\"color: #444444;\">Santraller tayfunlar gibi a\u015f\u0131r\u0131 iklim olaylar\u0131na kar\u015f\u0131 dayanabilecek seviyede in\u015fa edilirken, y\u00fczer platformlar a\u015f\u0131nmaya dayan\u0131kl\u0131 y\u00fczde 100 geri d\u00f6n\u00fc\u015ft\u00fcr\u00fclebilir y\u00fcksek yo\u011funluklu polietilen maddeden \u00fcretildi.<\/p>\n<p style=\"color: #444444;\">Kaynak: Ye\u015fil Ekonomi<\/p>\n<p><\/p>","protected":false},"excerpt":{"rendered":"<p>Sorry, this entry is only available in Turkish. For the sake of viewer convenience, the content is shown below in the alternative language. You may click the link to switch the active language. Japonya\u2019da yeni bir y\u00fczer g\u00fcne\u015f elektri\u011fi santrali projesinin tamamland\u0131\u011f\u0131 ve Haziran ay\u0131 ba\u015f\u0131 itibari ile ticari elektrik \u00fcretimine ba\u015flayaca\u011f\u0131 bildirildi. Japon g\u00fcne\u015f [&hellip;]<\/p>\n","protected":false},"author":1,"featured_media":40190,"comment_status":"open","ping_status":"open","sticky":false,"template":"","format":"standard","meta":[],"categories":[53,49],"tags":[63,67,1009,2698,165,2326,21886,227,13,23416,2569,21768,23417],"views":935,"_links":{"self":[{"href":"https:\/\/www.enerjigazetesi.ist\/en\/wp-json\/wp\/v2\/posts\/40189"}],"collection":[{"href":"https:\/\/www.enerjigazetesi.ist\/en\/wp-json\/wp\/v2\/posts"}],"about":[{"href":"https:\/\/www.enerjigazetesi.ist\/en\/wp-json\/wp\/v2\/types\/post"}],"author":[{"embeddable":true,"href":"https:\/\/www.enerjigazetesi.ist\/en\/wp-json\/wp\/v2\/users\/1"}],"replies":[{"embeddable":true,"href":"https:\/\/www.enerjigazetesi.ist\/en\/wp-json\/wp\/v2\/comments?post=40189"}],"version-history":[{"count":1,"href":"https:\/\/www.enerjigazetesi.ist\/en\/wp-json\/wp\/v2\/posts\/40189\/revisions"}],"predecessor-version":[{"id":40191,"href":"https:\/\/www.enerjigazetesi.ist\/en\/wp-json\/wp\/v2\/posts\/40189\/revisions\/40191"}],"wp:featuredmedia":[{"embeddable":true,"href":"https:\/\/www.enerjigazetesi.ist\/en\/wp-json\/wp\/v2\/media\/40190"}],"wp:attachment":[{"href":"https:\/\/www.enerjigazetesi.ist\/en\/wp-json\/wp\/v2\/media?parent=40189"}],"wp:term":[{"taxonomy":"category","embeddable":true,"href":"https:\/\/www.enerjigazetesi.ist\/en\/wp-json\/wp\/v2\/categories?post=40189"},{"taxonomy":"post_tag","embeddable":true,"href":"https:\/\/www.enerjigazetesi.ist\/en\/wp-json\/wp\/v2\/tags?post=40189"}],"curies":[{"name":"wp","href":"https:\/\/api.w.org\/{rel}","templated":true}]}}