{"id":40087,"date":"2015-06-09T11:43:11","date_gmt":"2015-06-09T08:43:11","guid":{"rendered":"https:\/\/www.enerjigazetesi.ist\/?p=40087"},"modified":"2015-06-09T11:43:11","modified_gmt":"2015-06-09T08:43:11","slug":"elder-akilli-sebekeler-icin-hibe-fonuna-basvuruyor","status":"publish","type":"post","link":"https:\/\/www.enerjigazetesi.ist\/en\/elder-akilli-sebekeler-icin-hibe-fonuna-basvuruyor\/","title":{"rendered":"(Turkish) ELDER, Ak\u0131ll\u0131 \u015eebekeler \u0130\u00e7in Hibe Fonuna Ba\u015fvuruyor!"},"content":{"rendered":"<p class=\"qtranxs-available-languages-message qtranxs-available-languages-message-en\">Sorry, this entry is only available in <a href=\"https:\/\/www.enerjigazetesi.ist\/tr\/wp-json\/wp\/v2\/posts\/40087\" class=\"qtranxs-available-language-link qtranxs-available-language-link-tr\" title=\"Turkish\">Turkish<\/a>. For the sake of viewer convenience, the content is shown below in the alternative language. You may click the link to switch the active language.<\/p><p><\/p>\n<p style=\"color: #000000;\"><strong>Elektrik Da\u011f\u0131t\u0131m Hizmetleri Derne\u011fi (ELDER) Genel Sekreteri U\u011fur Y\u00fcksel, T\u00fcrkiye\u2019nin Avrupa piyasalar\u0131 ile entegre bir elektrik piyasaya ihtiyac\u0131 oldu\u011funu belirterek, \u201cAvrupa Elektrik Da\u011f\u0131t\u0131c\u0131lar\u0131 Birli\u011fi (EDSO) ile Avrupa Komisyonu\u2019nun 150 bin avroluk hibe fonuna ba\u015fvuruyoruz. T\u00fcrkiye\u2019ye ak\u0131ll\u0131 \u015febekeleri kazand\u0131rmak istiyoruz\u201d dedi.<\/strong><span id=\"more-71988\"><\/span><\/p>\n<p style=\"color: #000000;\">Ak\u0131ll\u0131 \u015febekelerin bir\u00e7ok \u00fclkenin yat\u0131r\u0131m yapt\u0131\u011f\u0131 bir alan oldu\u011funu dile getiren Y\u00fcksel, \u201cAvrupa Komisyonu ak\u0131ll\u0131 \u015febekeler i\u00e7in 2050\u2019ye kadar 400 milyar avro b\u00fct\u00e7e ay\u0131rm\u0131\u015f durumda, \u00e7\u00fcnk\u00fc AB\u2019nin, enerjinin verimli kullan\u0131lmas\u0131, yenil<a href=\"https:\/\/www.enerjigazetesi.ist\/wp-content\/uploads\/2015\/06\/elder-akilli-sebekeler-icin-hibe-fonuna-basvuruyor.jpg\"><img loading=\"lazy\" class=\"alignright size-medium wp-image-40088\" src=\"https:\/\/www.enerjigazetesi.ist\/wp-content\/uploads\/2015\/06\/elder-akilli-sebekeler-icin-hibe-fonuna-basvuruyor-300x134.jpg\" alt=\"elder-akilli-sebekeler-icin-hibe-fonuna-basvuruyor\" width=\"300\" height=\"134\" srcset=\"https:\/\/www.enerjigazetesi.ist\/wp-content\/uploads\/2015\/06\/elder-akilli-sebekeler-icin-hibe-fonuna-basvuruyor-300x134.jpg 300w, https:\/\/www.enerjigazetesi.ist\/wp-content\/uploads\/2015\/06\/elder-akilli-sebekeler-icin-hibe-fonuna-basvuruyor-500x224.jpg 500w, https:\/\/www.enerjigazetesi.ist\/wp-content\/uploads\/2015\/06\/elder-akilli-sebekeler-icin-hibe-fonuna-basvuruyor-80x35.jpg 80w, https:\/\/www.enerjigazetesi.ist\/wp-content\/uploads\/2015\/06\/elder-akilli-sebekeler-icin-hibe-fonuna-basvuruyor.jpg 870w\" sizes=\"(max-width: 300px) 100vw, 300px\" \/><\/a>enebilir enerjinin daha yo\u011fun kullan\u0131lmas\u0131 ve karbon sal\u0131n\u0131m\u0131n\u0131n azalt\u0131lmas\u0131n\u0131 i\u00e7eren 3 amac\u0131 var. Bunlar\u0131 ger\u00e7ekle\u015ftirmek i\u00e7in ak\u0131ll\u0131 \u015febekeler \u00e7\u00f6z\u00fcm olarak g\u00f6r\u00fcn\u00fcyor. Devletlerin politikalar\u0131 ve kaynaklar\u0131 buna g\u00f6re haz\u0131rlan\u0131yor\u201d diye konu\u015ftu.<\/p>\n<p style=\"color: #000000;\">Y\u00fcksel, EDSO ile T\u00fcrkiye\u2019nin ak\u0131ll\u0131 \u015febeke standartlar\u0131, teknoloji ve ak\u0131ll\u0131 \u015febeke teknolojisi yol haritas\u0131 \u00fczerine \u00fc\u00e7 rapor haz\u0131rlayacaklar\u0131 bilgisini payla\u015farak, \u201cEDSO, Avrupa fonlar\u0131ndan iyi bir \u015fekilde yararlan\u0131yor. Avrupa Elektrik Da\u011f\u0131t\u0131c\u0131lar\u0131 Birli\u011fi (EDSO) ile Avrupa Komisyonu\u2019nun 150 bin avroluk hibe fonuna ba\u015fvuruyoruz. T\u00fcrkiye\u2019ye ak\u0131ll\u0131 \u015febekeleri kazand\u0131rmak istiyoruz. Bu fonun b\u00fcy\u00fck bir k\u0131sm\u0131ndan T\u00fcrkiye olarak faydalanaca\u011f\u0131z\u201d ifadelerini kulland\u0131.<\/p>\n<p style=\"color: #000000;\">Elektrikte Avrupa piyasalar\u0131 ile entegre olmu\u015f bir piyasaya ihtiya\u00e7 oldu\u011funu ifade eden Y\u00fcksel, konu\u015fmas\u0131n\u0131 \u015f\u00f6yle s\u00fcrd\u00fcrd\u00fc:<br \/>\n\u201cT\u00fcrkiye\u2019nin enerji piyasas\u0131n\u0131n Avrupa ile entegre olmas\u0131n\u0131 istiyoruz. Orta Do\u011fu, T\u00fcrki Cumhuriyetler ve Afrika\u2019daki enerji piyasalar\u0131n\u0131n T\u00fcrkiye \u00fczerinden d\u00f6nebilece\u011fini d\u00fc\u015f\u00fcn\u00fcyoruz. Elektrik de art\u0131k bir emtia haline geldi. Dolay\u0131s\u0131yla en az\u0131ndan b\u00f6lgesel \u00f6l\u00e7ekte T\u00fcrkiye\u2019nin bunu sa\u011flayabilmesi laz\u0131m. Bunun i\u00e7in de Avrupa piyasalar\u0131yla entegre olmas\u0131 laz\u0131m. Avrupa ve T\u00fcrkiye\u2019deki fiyatlar bir dengesizlik olu\u015fturuyorsa bu sa\u011fl\u0131kl\u0131 bir durum de\u011fil. Bizim Avrupa ve benzeri piyasalarla entegre sa\u011flam\u0131\u015f bir T\u00fcrkiye elektrik piyasas\u0131na ihtiyac\u0131m\u0131z var. \u00dcyeli\u011fimiz s\u00fcrecindeki beklentilerimizden birisi bu.\u201d<\/p>\n<p style=\"color: #000000;\">Kaynak: Enerji Enstit\u00fcs\u00fc<\/p>\n<p><\/p>","protected":false},"excerpt":{"rendered":"<p>Sorry, this entry is only available in Turkish. For the sake of viewer convenience, the content is shown below in the alternative language. You may click the link to switch the active language. Elektrik Da\u011f\u0131t\u0131m Hizmetleri Derne\u011fi (ELDER) Genel Sekreteri U\u011fur Y\u00fcksel, T\u00fcrkiye\u2019nin Avrupa piyasalar\u0131 ile entegre bir elektrik piyasaya ihtiyac\u0131 oldu\u011funu belirterek, \u201cAvrupa Elektrik [&hellip;]<\/p>\n","protected":false},"author":1,"featured_media":40088,"comment_status":"open","ping_status":"open","sticky":false,"template":"","format":"standard","meta":[],"categories":[51,53],"tags":[1603,23355,3969,22210,1824,7315,63,67,1009,2698,165,23354,19431,7457],"views":1041,"_links":{"self":[{"href":"https:\/\/www.enerjigazetesi.ist\/en\/wp-json\/wp\/v2\/posts\/40087"}],"collection":[{"href":"https:\/\/www.enerjigazetesi.ist\/en\/wp-json\/wp\/v2\/posts"}],"about":[{"href":"https:\/\/www.enerjigazetesi.ist\/en\/wp-json\/wp\/v2\/types\/post"}],"author":[{"embeddable":true,"href":"https:\/\/www.enerjigazetesi.ist\/en\/wp-json\/wp\/v2\/users\/1"}],"replies":[{"embeddable":true,"href":"https:\/\/www.enerjigazetesi.ist\/en\/wp-json\/wp\/v2\/comments?post=40087"}],"version-history":[{"count":1,"href":"https:\/\/www.enerjigazetesi.ist\/en\/wp-json\/wp\/v2\/posts\/40087\/revisions"}],"predecessor-version":[{"id":40089,"href":"https:\/\/www.enerjigazetesi.ist\/en\/wp-json\/wp\/v2\/posts\/40087\/revisions\/40089"}],"wp:featuredmedia":[{"embeddable":true,"href":"https:\/\/www.enerjigazetesi.ist\/en\/wp-json\/wp\/v2\/media\/40088"}],"wp:attachment":[{"href":"https:\/\/www.enerjigazetesi.ist\/en\/wp-json\/wp\/v2\/media?parent=40087"}],"wp:term":[{"taxonomy":"category","embeddable":true,"href":"https:\/\/www.enerjigazetesi.ist\/en\/wp-json\/wp\/v2\/categories?post=40087"},{"taxonomy":"post_tag","embeddable":true,"href":"https:\/\/www.enerjigazetesi.ist\/en\/wp-json\/wp\/v2\/tags?post=40087"}],"curies":[{"name":"wp","href":"https:\/\/api.w.org\/{rel}","templated":true}]}}