{"id":40036,"date":"2015-06-07T15:52:06","date_gmt":"2015-06-07T12:52:06","guid":{"rendered":"https:\/\/www.enerjigazetesi.ist\/?p=40036"},"modified":"2015-06-07T15:52:30","modified_gmt":"2015-06-07T12:52:30","slug":"karamana-4-mwlik-gunes-enerjisi-santrali-ges-kurulumu-yapilacak","status":"publish","type":"post","link":"https:\/\/www.enerjigazetesi.ist\/en\/karamana-4-mwlik-gunes-enerjisi-santrali-ges-kurulumu-yapilacak\/","title":{"rendered":"(Turkish) Karaman`a 4 MW`l\u0131k G\u00fcne\u015f Enerjisi Santrali (GES) Kurulumu Yap\u0131lacak&#8230;"},"content":{"rendered":"<p class=\"qtranxs-available-languages-message qtranxs-available-languages-message-en\">Sorry, this entry is only available in <a href=\"https:\/\/www.enerjigazetesi.ist\/tr\/wp-json\/wp\/v2\/posts\/40036\" class=\"qtranxs-available-language-link qtranxs-available-language-link-tr\" title=\"Turkish\">Turkish<\/a>. For the sake of viewer convenience, the content is shown below in the alternative language. You may click the link to switch the active language.<\/p><p><strong>Ak\u00e7em Elektrik, Karaman`da 4 MW`l\u0131k G\u00fcne\u015f Enerjisi Santrali (GES) kuracak.<\/strong><\/p>\n<p>Ak\u00e7em Elek. \u0130n\u015f. Taah. S<a href=\"https:\/\/www.enerjigazetesi.ist\/wp-content\/uploads\/2015\/06\/karamana-4-mwlik-gunes-enerjisi-santrali-ges-kurulumu-yapilacak.jpg\"><img loading=\"lazy\" class=\"alignleft size-medium wp-image-40037\" src=\"https:\/\/www.enerjigazetesi.ist\/wp-content\/uploads\/2015\/06\/karamana-4-mwlik-gunes-enerjisi-santrali-ges-kurulumu-yapilacak-300x190.jpg\" alt=\"karamana-4-mwlik-gunes-enerjisi-santrali-ges-kurulumu-yapilacak\" width=\"300\" height=\"190\" srcset=\"https:\/\/www.enerjigazetesi.ist\/wp-content\/uploads\/2015\/06\/karamana-4-mwlik-gunes-enerjisi-santrali-ges-kurulumu-yapilacak-300x190.jpg 300w, https:\/\/www.enerjigazetesi.ist\/wp-content\/uploads\/2015\/06\/karamana-4-mwlik-gunes-enerjisi-santrali-ges-kurulumu-yapilacak-80x50.jpg 80w, https:\/\/www.enerjigazetesi.ist\/wp-content\/uploads\/2015\/06\/karamana-4-mwlik-gunes-enerjisi-santrali-ges-kurulumu-yapilacak.jpg 448w\" sizes=\"(max-width: 300px) 100vw, 300px\" \/><\/a>an. Tic. Ltd. \u015eti. taraf\u0131ndan Karaman ili, Merkez il\u00e7esi, Urgan Mahallesi Mevkii, 170, 171 ve 172 nolu parseller \u00fczerinde 4 MW kurulu g\u00fcce sahip Ak\u00e7em G\u00fcne\u015f Enerji Santrali kurulmas\u0131 ve i\u015fletilmesi planlan\u0131yor.<\/p>\n<p>Proje kapsam\u0131nda herbir \u00fcnite i\u00e7in 260 Wp Polikristal G\u00fcne\u015f Panelleri kullan\u0131larak her bir \u00fcnitenin (1144 kWp \/ 1000kWe) olmak \u00fczere 1.950.000 kWh\/y\u0131l elektrik enerjisi \u00fcretmesi \u00f6ng\u00f6r\u00fcl\u00fcyor. AK\u00c7EM GES projesi kapsam\u0131nda y\u0131ll\u0131k 7.800.000 kWh\/y\u0131l elektrik enerjisi elde edilmesi planlan\u0131yor.<\/p>\n<p>Kurulacak trafo tesisi ile \u00fcretilen elektrik enerjisi 34,5 kV olarak elektrik \u015febekesine verilecek. Proje bedeli ise AK\u00c7EM 1, 2, 3, 4 GES i\u00e7in toplamda 12.600.000 TL olarak \u00f6ng\u00f6r\u00fcl\u00fcyor.<\/p>\n<p><strong>PROJEYE \u00c7ED GEREKL\u0130 G\u00d6R\u00dcLMED\u0130<\/strong><\/p>\n<p>\u00c7evresel Etki De\u011ferlendirmesi \u0130zin ve Denetim Genel M\u00fcd\u00fcrl\u00fc\u011f\u00fc`n\u00fcn internet sitesinde konu ile ilgili yap\u0131lan a\u00e7\u0131klamada, proje ile ilgili olarak Bakanl\u0131\u011fa sunulan dosyan\u0131n incelenip de\u011ferlendirilerek, Karaman Valili\u011fi taraf\u0131ndan `\u00c7evresel Etki De\u011ferlendirmesi Gerekli De\u011fildir` karar\u0131 verildi\u011fi belirtildi.<\/p>\n<p>Kaynak: <a href=\"http:\/\/enerjigunlugu.net\/karamana-4-mwlik-akcem-ges-kurulacak_13944.html#.VXRCZ9Ltmko\" target=\"_blank\" rel=\"nofollow\">Enerji G\u00fcnl\u00fc\u011f\u00fc<\/a><\/p>","protected":false},"excerpt":{"rendered":"<p>Sorry, this entry is only available in Turkish. For the sake of viewer convenience, the content is shown below in the alternative language. You may click the link to switch the active language.Ak\u00e7em Elektrik, Karaman`da 4 MW`l\u0131k G\u00fcne\u015f Enerjisi Santrali (GES) kuracak. Ak\u00e7em Elek. \u0130n\u015f. Taah. San. Tic. Ltd. \u015eti. taraf\u0131ndan Karaman ili, Merkez il\u00e7esi, [&hellip;]<\/p>\n","protected":false},"author":1,"featured_media":40037,"comment_status":"open","ping_status":"open","sticky":false,"template":"","format":"standard","meta":[],"categories":[53,49],"tags":[23330,23331,23332,63,67,1009,2698,165,2326,21886,227,13,2569,21768,1679],"views":1927,"_links":{"self":[{"href":"https:\/\/www.enerjigazetesi.ist\/en\/wp-json\/wp\/v2\/posts\/40036"}],"collection":[{"href":"https:\/\/www.enerjigazetesi.ist\/en\/wp-json\/wp\/v2\/posts"}],"about":[{"href":"https:\/\/www.enerjigazetesi.ist\/en\/wp-json\/wp\/v2\/types\/post"}],"author":[{"embeddable":true,"href":"https:\/\/www.enerjigazetesi.ist\/en\/wp-json\/wp\/v2\/users\/1"}],"replies":[{"embeddable":true,"href":"https:\/\/www.enerjigazetesi.ist\/en\/wp-json\/wp\/v2\/comments?post=40036"}],"version-history":[{"count":1,"href":"https:\/\/www.enerjigazetesi.ist\/en\/wp-json\/wp\/v2\/posts\/40036\/revisions"}],"predecessor-version":[{"id":40038,"href":"https:\/\/www.enerjigazetesi.ist\/en\/wp-json\/wp\/v2\/posts\/40036\/revisions\/40038"}],"wp:featuredmedia":[{"embeddable":true,"href":"https:\/\/www.enerjigazetesi.ist\/en\/wp-json\/wp\/v2\/media\/40037"}],"wp:attachment":[{"href":"https:\/\/www.enerjigazetesi.ist\/en\/wp-json\/wp\/v2\/media?parent=40036"}],"wp:term":[{"taxonomy":"category","embeddable":true,"href":"https:\/\/www.enerjigazetesi.ist\/en\/wp-json\/wp\/v2\/categories?post=40036"},{"taxonomy":"post_tag","embeddable":true,"href":"https:\/\/www.enerjigazetesi.ist\/en\/wp-json\/wp\/v2\/tags?post=40036"}],"curies":[{"name":"wp","href":"https:\/\/api.w.org\/{rel}","templated":true}]}}