{"id":39977,"date":"2015-06-06T12:42:21","date_gmt":"2015-06-06T09:42:21","guid":{"rendered":"https:\/\/www.enerjigazetesi.ist\/?p=39977"},"modified":"2015-06-06T12:42:21","modified_gmt":"2015-06-06T09:42:21","slug":"tetra-pak-cevre-hedeflerine-emin-adimlarla-ilerliyor","status":"publish","type":"post","link":"https:\/\/www.enerjigazetesi.ist\/en\/tetra-pak-cevre-hedeflerine-emin-adimlarla-ilerliyor\/","title":{"rendered":"(Turkish) Tetra Pak \u00c7evre Hedeflerine Emin Ad\u0131mlarla \u0130lerliyor&#8230;"},"content":{"rendered":"<p class=\"qtranxs-available-languages-message qtranxs-available-languages-message-en\">Sorry, this entry is only available in <a href=\"https:\/\/www.enerjigazetesi.ist\/tr\/wp-json\/wp\/v2\/posts\/39977\" class=\"qtranxs-available-language-link qtranxs-available-language-link-tr\" title=\"Turkish\">Turkish<\/a>. For the sake of viewer convenience, the content is shown below in the alternative language. You may click the link to switch the active language.<\/p><p><\/p>\n<p style=\"color: #363636;\"><strong>Tetra Pak k\u00fcresel d\u00fczeyde, s\u00fcrd\u00fcr\u00fclebilir \u00fcr\u00fcnler geli\u015ftirme, de\u011fer zinciri boyunca ekolojik ayak izini azaltma ve geri d\u00f6n\u00fc\u015f\u00fcm\u00fc art\u0131rma konular\u0131na odaklanan 2020 \u00e7evresel hedeflerine ula\u015fma yolunda b\u00fcy\u00fck ilerleme kaydetti.<\/strong><\/p>\n<p style=\"color: #363636;\">Tetra Pak paketleme \u00fcr\u00fcnlerini daha s\u00fcrd\u00fcr\u00fclebilir hale getirmek i\u00e7in ah\u015fap lifi ve \u015feker kam\u0131\u015f\u0131 gibi yen<a href=\"https:\/\/www.enerjigazetesi.ist\/wp-content\/uploads\/2015\/06\/tetra-pak-cevre-hedeflerine-emin-adimlarla-ilerliyor.jpg\"><img loading=\"lazy\" class=\"alignright  wp-image-39978\" src=\"https:\/\/www.enerjigazetesi.ist\/wp-content\/uploads\/2015\/06\/tetra-pak-cevre-hedeflerine-emin-adimlarla-ilerliyor.jpg\" alt=\"tetra-pak-cevre-hedeflerine-emin-adimlarla-ilerliyor\" width=\"300\" height=\"207\" \/><\/a>ilenebilir malzemelerin kullan\u0131m\u0131n\u0131 art\u0131r\u0131yor. Bu kaynaklar do\u011fru y\u00f6netildiklerinde tekrar yeti\u015febilen do\u011fal kaynaklardan aras\u0131nda yer al\u0131yor. Tetra Pak ambalajlar\u0131n\u0131n ortalama %75\u2019i ah\u015fap lifinden \u00fcretilmi\u015f kartondan olu\u015fuyor. Forest Stewardship Council\u2122 (FSC \u2013 Orman Y\u00f6netim Konseyi) sertifikas\u0131na sahip olan Tetra Pak, d\u00fcnya genelinde \u00fcr\u00fcnlerini sorumlu bi\u00e7imde y\u00f6netilen ormanlar ve di\u011fer kontrol alt\u0131ndaki kaynaklardan temin etmeyi ve %100 oranda FSC sertifikal\u0131 karton kullanmay\u0131 hedefliyor. Bu hedef do\u011frultusunda, 2014 y\u0131l\u0131nda kullan\u0131lan sertifikal\u0131 karton 2013\u2019e g\u00f6re %38 oranla y\u00fckselmi\u015f durumda. Ge\u00e7en sene t\u00fcketicilere ula\u015fan FSC etiketli Tetra Pak ambalaj say\u0131s\u0131, 2013\u2019e g\u00f6re 12 milyardan fazla art\u0131\u015f g\u00f6stererek 44 milyara y\u00fckseldi.<\/p>\n<p style=\"color: #363636;\"><strong>Ekolojik ayak izinin azalt\u0131lmas\u0131<\/strong><\/p>\n<p style=\"color: #363636;\">Tetra Pak, bir yandan i\u015f hacmini b\u00fcy\u00fct\u00fcrken, di\u011fer yandan 2020 y\u0131l\u0131ndaki iklim etkisini, de\u011fer zinciri boyunca 2010 seviyesinde tutmay\u0131 hedefliyor. Bu amaca ula\u015fmak i\u00e7in Sera Gazlar\u0131 Protokol\u00fc Kurumsal De\u011fer Zinciri Standard\u0131na uygun bir muhasebe ve raporlama sisteminin geli\u015ftirilmesi ve denetlenmesini de i\u00e7eren bir dizi giri\u015fim devreye sokuldu. Tetra Pak 2010 ve 2014 y\u0131llar\u0131 aras\u0131nda sat\u0131lan paketlerin say\u0131s\u0131nda %13 oran\u0131nda art\u0131\u015f sa\u011flarken kendi faaliyetlerinden kaynaklanan emisyonlar\u0131n\u0131 2.000 ton CO2e (karbondioksit e\u015fde\u011feri) kadar azaltt\u0131. 2014 senesinde CDP (Karbon Saydaml\u0131k Projesi) puan\u0131n\u0131 91\u2019den 97\u2019e \u00e7\u0131kararak end\u00fcstri ortalamas\u0131 olan 53\u2019\u00fcn \u00e7ok \u00fczerinde yer ald\u0131.<\/p>\n<p style=\"color: #363636;\"><strong>Geri D\u00f6n\u00fc\u015f\u00fcm<\/strong><\/p>\n<p style=\"color: #363636;\">Tetra Pak t\u00fcketici fark\u0131ndal\u0131\u011f\u0131n\u0131 art\u0131rma, bilgi ve uzmanl\u0131k payla\u015f\u0131m\u0131, toplama altyap\u0131s\u0131n\u0131 geli\u015ftirme ve geri d\u00f6n\u00fc\u015f\u00fcm teknolojisinin geli\u015fimini destekleme alanlar\u0131na odaklanarak 2020 senesinde k\u00fcresel geri d\u00f6n\u00fc\u015f\u00fcm oran\u0131n\u0131 %40\u2019a \u00e7\u0131karmay\u0131 hedefliyor.<\/p>\n<p style=\"color: #363636;\">2014 y\u0131l\u0131nda, geri d\u00f6n\u00fc\u015f\u00fcm \u00e7al\u0131\u015fmalar\u0131na devam eden Tetra Pak, global olarak 2013 y\u0131l\u0131na g\u00f6re 28.000 ton daha fazla ambalaj\u0131n geri d\u00f6n\u00fc\u015f\u00fcm\u00fcn\u00fc geri sa\u011flayarak toplamda 651.000 ton ambalaj\u0131n geri d\u00f6n\u00fc\u015ft\u00fcrm\u00fc\u015ft\u00fcr. Bu da Tetra Pak\u2019\u0131n y\u0131ll\u0131k teslimat\u0131n\u0131n %26\u2019s\u0131na e\u015fittir.<\/p>\n<p style=\"color: #363636;\"><strong>Tetra Pak T\u00fcrkiye\u2019de de \u00e7evre konusunda \u00e7e\u015fitli \u00e7al\u0131\u015fmalar ger\u00e7ekle\u015ftiriyor<\/strong><\/p>\n<p style=\"color: #363636;\">Tetra Pak T\u00fcrkiye\u2019de de \u00e7evre alan\u0131nda faaliyetlere \u00f6ncelik veriyor. \u0130zmir Fabrikas\u0131\u2019nda 1999 y\u0131l\u0131nda ba\u015flayan TPM (Total Productive Maintenance \u2013 Toplam Verimli Bak\u0131m) \u00e7al\u0131\u015fmalar\u0131 kapsam\u0131nda yap\u0131lan \u00e7evresel iyile\u015ftirme faliyetleri ile fabrikada olu\u015fan at\u0131klar\u0131n geri d\u00f6n\u00fc\u015f\u00fcm oran\u0131n\u0131 %99.2 seviyesine getirildi. Bu oran 1999 y\u0131l\u0131 ile kar\u015f\u0131la\u015ft\u0131r\u0131ld\u0131\u011f\u0131nda %93\u2019l\u00fck bir performans art\u0131\u015f\u0131na denk geliyor.<\/p>\n<p style=\"color: #363636;\">Bunun yan\u0131nda Tetra Pak \u0130zmir fabrikas\u0131, operasyonlar sonucu olu\u015fan e\u015fde\u011fer CO2 de\u011ferini 15 y\u0131l\u0131 a\u015fk\u0131n s\u00fcredir s\u00fcrekli takip ediyor ve d\u00fc\u015f\u00fcrmeyi hedefliyor. Fabrika, y\u0131llar i\u00e7inde bu oran\u0131 1999 y\u0131l\u0131n\u0131n de\u011ferine g\u00f6re %49 oran\u0131nda iyile\u015ftirmeyi ba\u015fard\u0131.<\/p>\n<p style=\"color: #363636;\">\u00c7evre koruma prensipleri \u00e7er\u00e7evesinde, do\u011fal kaynak kullan\u0131m\u0131n\u0131 azaltmay\u0131 hedefleyen Tetra Pak \u0130zmir fabrikas\u0131, verdi\u011fi \u00fcretim firesinde, 2014 y\u0131l\u0131nda da d\u00fcnyadaki di\u011fer Tetra Pak fabrikalar\u0131 aras\u0131nda ilk s\u0131ralardaki yerini korudu. Enerji verimlili\u011fi konusunda performans\u0131n\u0131 s\u00fcrekli iyile\u015ftiren Tetra Pak \u0130zmir fabrikas\u0131, 2015 y\u0131l\u0131 i\u00e7erisinde ISO 50001 enerji y\u00f6netim sistemi sertifikasyonunu alarak enerji t\u00fcketimini daha da d\u00fc\u015f\u00fcrmeyi hedefliyor.<\/p>\n<p style=\"color: #363636;\"><strong>Karton geri d\u00f6n\u00fc\u015f\u00fcm\u00fc her y\u0131l g\u00f6zle g\u00f6r\u00fcl\u00fcr oranda art\u0131yor<\/strong><\/p>\n<p style=\"color: #363636;\">T\u00fcrkiye\u2019de ise 1995 y\u0131l\u0131nda ba\u015flanan Tetra Pak i\u00e7ecek kartonlar\u0131n\u0131n geri d\u00f6n\u00fc\u015f\u00fcm\u00fc her y\u0131l g\u00f6zle g\u00f6r\u00fcl\u00fcr derecede artarak y\u00fckseli\u015f g\u00f6steriyor. 19 y\u0131ldan bu yana 8 milyardan fazla Tetra Pak paketi geri d\u00f6n\u00fc\u015ft\u00fcr\u00fcl\u00fcrken, 2014 y\u0131l\u0131nda T\u00fcrkiye\u2019de sat\u0131lan ambalajlar\u0131n geri d\u00f6n\u00fc\u015f\u00fcm\u00fc y\u00fczde 57\u2019e ula\u015ft\u0131.<\/p>\n<p style=\"color: #363636;\">Tetra Pak, 2004\u2019ten beri ilkokullarda \u00e7evre ve \u00f6zellikle de geri d\u00f6n\u00fc\u015f\u00fcm ile ilgili bilin\u00e7 d\u00fczeyini y\u00fckseltmek ve geri d\u00f6n\u00fc\u015f\u00fcm\u00fcn yayg\u0131nla\u015ft\u0131r\u0131lmas\u0131na destek olmak i\u00e7in Milli E\u011fitim Bakanl\u0131\u011f\u0131 himayesinde ve Istanbul \u00dcniversitesi\u2019nin deste\u011fiyle K\u00fc\u00e7\u00fck \u015eeyler Do\u011fay\u0131 Yeniler e\u011fitimlerini y\u00fcr\u00fct\u00fcyor. Proje, \u00f6zellikle ilk\u00f6\u011fretim \u00f6\u011frencilerine, do\u011fal kaynaklar\u0131n tasarruflu kullan\u0131m\u0131n\u0131 ve yenilenebilir kaynaklar\u0131n \u00f6nemini aktarmak, ambalaj at\u0131klar\u0131n\u0131n di\u011fer at\u0131klardan ayr\u0131 biriktirilmesi al\u0131\u015fkanl\u0131\u011f\u0131n\u0131 kazand\u0131rmak ve k\u00fc\u00e7\u00fck \u00e7aba ve dokunu\u015flarla do\u011fay\u0131 nas\u0131l koruyabileceklerini anlatmay\u0131 hedefliyor. Proje kapsam\u0131nda, dokuz y\u0131l\u0131n sonunda 1 milyonun \u00fczerinde \u00f6\u011frenciye ula\u015f\u0131ld\u0131.<\/p>\n<p style=\"color: #363636;\">Kaynak: B\u00fcltenler<\/p>\n<p><\/p>","protected":false},"excerpt":{"rendered":"<p>Sorry, this entry is only available in Turkish. For the sake of viewer convenience, the content is shown below in the alternative language. You may click the link to switch the active language. Tetra Pak k\u00fcresel d\u00fczeyde, s\u00fcrd\u00fcr\u00fclebilir \u00fcr\u00fcnler geli\u015ftirme, de\u011fer zinciri boyunca ekolojik ayak izini azaltma ve geri d\u00f6n\u00fc\u015f\u00fcm\u00fc art\u0131rma konular\u0131na odaklanan 2020 \u00e7evresel [&hellip;]<\/p>\n","protected":false},"author":1,"featured_media":39978,"comment_status":"open","ping_status":"open","sticky":false,"template":"","format":"standard","meta":[],"categories":[53],"tags":[2530,23299,23300,63,67,1009,2698,165,2529,566,23301,23298,4198],"views":840,"_links":{"self":[{"href":"https:\/\/www.enerjigazetesi.ist\/en\/wp-json\/wp\/v2\/posts\/39977"}],"collection":[{"href":"https:\/\/www.enerjigazetesi.ist\/en\/wp-json\/wp\/v2\/posts"}],"about":[{"href":"https:\/\/www.enerjigazetesi.ist\/en\/wp-json\/wp\/v2\/types\/post"}],"author":[{"embeddable":true,"href":"https:\/\/www.enerjigazetesi.ist\/en\/wp-json\/wp\/v2\/users\/1"}],"replies":[{"embeddable":true,"href":"https:\/\/www.enerjigazetesi.ist\/en\/wp-json\/wp\/v2\/comments?post=39977"}],"version-history":[{"count":1,"href":"https:\/\/www.enerjigazetesi.ist\/en\/wp-json\/wp\/v2\/posts\/39977\/revisions"}],"predecessor-version":[{"id":39979,"href":"https:\/\/www.enerjigazetesi.ist\/en\/wp-json\/wp\/v2\/posts\/39977\/revisions\/39979"}],"wp:featuredmedia":[{"embeddable":true,"href":"https:\/\/www.enerjigazetesi.ist\/en\/wp-json\/wp\/v2\/media\/39978"}],"wp:attachment":[{"href":"https:\/\/www.enerjigazetesi.ist\/en\/wp-json\/wp\/v2\/media?parent=39977"}],"wp:term":[{"taxonomy":"category","embeddable":true,"href":"https:\/\/www.enerjigazetesi.ist\/en\/wp-json\/wp\/v2\/categories?post=39977"},{"taxonomy":"post_tag","embeddable":true,"href":"https:\/\/www.enerjigazetesi.ist\/en\/wp-json\/wp\/v2\/tags?post=39977"}],"curies":[{"name":"wp","href":"https:\/\/api.w.org\/{rel}","templated":true}]}}