{"id":39961,"date":"2015-06-05T15:20:26","date_gmt":"2015-06-05T12:20:26","guid":{"rendered":"https:\/\/www.enerjigazetesi.ist\/?p=39961"},"modified":"2015-06-06T12:25:40","modified_gmt":"2015-06-06T09:25:40","slug":"2nci-iei-turkiye-enerji-yatirimlari-konferansi-10-11-eylul-2015de-istanbulda","status":"publish","type":"post","link":"https:\/\/www.enerjigazetesi.ist\/en\/2nci-iei-turkiye-enerji-yatirimlari-konferansi-10-11-eylul-2015de-istanbulda\/","title":{"rendered":"(Turkish) 2nci IEI T\u00fcrkiye Enerji Yat\u0131r\u0131mlar\u0131 Konferans\u0131 10-11 Eyl\u00fcl 2015&#8217;de \u0130stanbul\u2019da!"},"content":{"rendered":"<p class=\"qtranxs-available-languages-message qtranxs-available-languages-message-en\">Sorry, this entry is only available in <a href=\"https:\/\/www.enerjigazetesi.ist\/tr\/wp-json\/wp\/v2\/posts\/39961\" class=\"qtranxs-available-language-link qtranxs-available-language-link-tr\" title=\"Turkish\">Turkish<\/a>. For the sake of viewer convenience, the content is shown below in the alternative language. You may click the link to switch the active language.<\/p><p><strong>2nci IEI T\u00fcrkiye Enerji Yat\u0131r\u0131mlar\u0131 Konferans\u0131 10-11 Eyl\u00fcl 2015 tarihlerinde \u0130stanbul\u2019da ger\u00e7ekle\u015ftiriliyor.<\/strong><\/p>\n<p>\u00c7ok say\u0131da yerli ve yabanc\u0131 yat\u0131r\u0131mc\u0131n\u0131n bulu\u015fma noktas\u0131 olan IEI konferanslar\u0131n\u0131n bir yenisi <strong>10-11 <a href=\"https:\/\/www.enerjigazetesi.ist\/wp-content\/uploads\/2015\/06\/2nci-iei-turkiye-enerji-yatirimlari-konferansi-10-11-eylul-2015de-istanbulda.png\"><img loading=\"lazy\" class=\"alignright size-medium wp-image-39966\" src=\"https:\/\/www.enerjigazetesi.ist\/wp-content\/uploads\/2015\/06\/2nci-iei-turkiye-enerji-yatirimlari-konferansi-10-11-eylul-2015de-istanbulda-300x195.png\" alt=\"2nci-iei-turkiye-enerji-yatirimlari-konferansi-10-11-eylul-2015de-istanbulda\" width=\"300\" height=\"195\" srcset=\"https:\/\/www.enerjigazetesi.ist\/wp-content\/uploads\/2015\/06\/2nci-iei-turkiye-enerji-yatirimlari-konferansi-10-11-eylul-2015de-istanbulda-300x195.png 300w, https:\/\/www.enerjigazetesi.ist\/wp-content\/uploads\/2015\/06\/2nci-iei-turkiye-enerji-yatirimlari-konferansi-10-11-eylul-2015de-istanbulda-500x325.png 500w, https:\/\/www.enerjigazetesi.ist\/wp-content\/uploads\/2015\/06\/2nci-iei-turkiye-enerji-yatirimlari-konferansi-10-11-eylul-2015de-istanbulda-76x50.png 76w, https:\/\/www.enerjigazetesi.ist\/wp-content\/uploads\/2015\/06\/2nci-iei-turkiye-enerji-yatirimlari-konferansi-10-11-eylul-2015de-istanbulda.png 921w\" sizes=\"(max-width: 300px) 100vw, 300px\" \/><\/a>Eyl\u00fcl 2015<\/strong> tarihinde <strong>\u0130stanbul\u2019da<\/strong> ger\u00e7ekle\u015ftiriliyor. Kamu, \u00f6zel sekt\u00f6r, ara\u015ft\u0131rma \u015firketleri, \u00fcniversiteler ve yat\u0131r\u0131m kurulu\u015flar\u0131n\u0131n kat\u0131l\u0131m\u0131yla 30\u2019dan fazla konu\u015fmac\u0131n\u0131n yer alaca\u011f\u0131 programda, T\u00fcrkiye enerji piyasas\u0131n\u0131n yat\u0131r\u0131m ortam\u0131 masaya yat\u0131r\u0131lacak. <strong>LNG sekt\u00f6r\u00fc, g\u00fcne\u015f enerjisi yat\u0131r\u0131mlar\u0131 ve enerji borsas\u0131na<\/strong> y\u00f6nelik \u00f6zel \u00e7al\u0131\u015ftaylar\u0131n yer alaca\u011f\u0131 <strong>2015 y\u0131l\u0131 program\u0131n\u0131n konu\u015fmac\u0131lar\u0131ndan baz\u0131lar\u0131<\/strong> \u015f\u00f6yle;<\/p>\n<p>Ahmet Faruk Aysan, T.C. Merkez Bankas\u0131 Ba\u015fkan Yard\u0131mc\u0131s\u0131<\/p>\n<p>Aura Sabadus, ICIS Raport\u00f6r\u00fc<\/p>\n<p>Bora Tokyay, Coren M\u00fcd\u00fcr\u00fc<\/p>\n<p>Ceren \u00d6zdal, Enexion Genel M\u00fcd\u00fcr\u00fc<\/p>\n<p>Danila Bochkarev, EastWest Institute Dan\u0131\u015fman\u0131<\/p>\n<p>David Tonge, IBS Research &amp; Consultancy Direkt\u00f6r\u00fc<\/p>\n<p>Gulmira Rzayeva, Azerbaycan Stratejik Ara\u015ft\u0131rmalar Merkezi Ara\u015ft\u0131rmac\u0131s\u0131<\/p>\n<p>Hasan K\u00f6kta\u015f, TENVA Ba\u015fkan\u0131<\/p>\n<p>John Roberts, Methinks Direkt\u00f6r\u00fc<\/p>\n<p>Karen Sund, Sund Enerji CEO\u2019su<\/p>\n<p>Nihat \u00d6zdemir, Limak Ba\u015fkan\u0131<\/p>\n<p>Nusret C\u00f6mert, Damnus Enerji ve Yat\u0131r\u0131mlar\u0131 CEO\u2019su<\/p>\n<p>Prof. Dr. Serkan Da\u011f, ODT\u00dc \u00d6\u011fretim \u00dcyesi<\/p>\n<p>Sergiy Korsunsky, Ukrayna Ankara B\u00fcy\u00fckel\u00e7isi<\/p>\n<p>Ge\u00e7ti\u011fimiz y\u0131l d\u00fczenlenen <strong>IEI T\u00fcrkiye Yat\u0131r\u0131m Konferans\u0131\u2019na<\/strong> \u00c7ek Cumhuriyeti\u2019nin eski Ba\u015fbakan\u0131 Mirek Topolanek, Enerji Piyasalar\u0131 D\u00fczenleyicileri Birli\u011fi Ba\u015fkan\u0131 Alparslan Bayraktar, Ba\u015fbakanl\u0131k Yat\u0131r\u0131m Destek ve Tan\u0131t\u0131m Ajans\u0131 Ba\u015fkan Yard\u0131mc\u0131s\u0131 Arda Ermut, Ukrayna Ankara B\u00fcy\u00fckel\u00e7isi Dr. Sergiy Korsunsky, Bulgaristan B\u00fcy\u00fckel\u00e7isi Peter Poptchev, Enerco CEO\u2019su Dr. Ulvi F. \u0130lhan, Limak CEO\u2019su Birol Erg\u00fcven, Nordic Enterprise Trust Dan\u0131\u015fman\u0131 Chris Cook, DNV Maritime &amp; O&amp;G Business Area Departman Ba\u015fkan\u0131 Fabio Maria Lo Brutto, University of Florida Public Utility Research Center Direkt\u00f6r\u00fc Dr. Mark A. Jamison, Pro Danube Direkt\u00f6r\u00fc Manfred Seitz, Argus Ba\u015fkan Yard\u0131mc\u0131s\u0131 Matthew Monteverde, Energy Contract Company CEO\u2019su Niall Trimble, BOTA\u015e Eski Genel M\u00fcd\u00fcr\u00fc Mete G\u00f6knel, Petrol \u0130\u015fleri Genel M\u00fcd\u00fcrl\u00fc\u011f\u00fc B\u00f6l\u00fcm Ba\u015fkan\u0131 Saim G\u00fcl, \u0130GDA\u015e Y\u00f6netim Dan\u0131\u015fman\u0131 Nadim Ekiz, Ak\u0131n Hukuk B\u00fcrosu Kurucusu \u00dcmit Ak\u0131n gibi isimler konu\u015fmac\u0131 olarak kat\u0131lm\u0131\u015f ve \u00e7ok \u00f6nemli de\u011ferlendirmelerde bulunmu\u015flard\u0131.<\/p>\n<p>T\u00fcrkiye piyasas\u0131na girmeyi planlayan ve yerel partner aray\u0131\u015f\u0131nda olan Nafta\u2019n\u0131n ve Genel Enerji, Ak\u0131n Hukuk B\u00fcrosu ve Pegi gibi kurulu\u015flar\u0131n sponsorlu\u011funda d\u00fczenlenen 2014 y\u0131l\u0131 zirvesinde \u00e7ok say\u0131da yerli ve yabanc\u0131 \u015firketin i\u015fbirli\u011fi ad\u0131mlar\u0131 at\u0131lm\u0131\u015ft\u0131.<\/p>\n<p><strong>2015 y\u0131l\u0131 organizasyonunda yer almak i\u00e7in<\/strong> Venera Mambaeva (<a href=\"mailto:mambaeva@internationalenergyinvestments.com\">mambaeva@internationalenergyinvestments.com<\/a>) veya Aydo\u011fan Tant\u00fcrk\u00fc\u00a0 (<a href=\"mailto:aydogan@aztconsultancy.com\">aydogan@aztconsultancy.com<\/a>) ile ileti\u015fime ge\u00e7ebilirsiniz.<\/p>\n<p><strong>Konferans internet sayfas\u0131 i\u00e7in:<\/strong> <a href=\"http:\/\/www.internationalenergyinvestments.com\/iei-turkey-energy-conference-2015\/\" target=\"_blank\">http:\/\/www.internationalenergyinvestments.com\/iei-turkey-energy-conference-2015\/<\/a><\/p>\n<p>Yay\u0131nc\u0131: <a href=\"https:\/\/www.enerjigazetesi.ist\" target=\"_blank\">Enerji Gazetesi<\/a><\/p>","protected":false},"excerpt":{"rendered":"<p>Sorry, this entry is only available in Turkish. For the sake of viewer convenience, the content is shown below in the alternative language. You may click the link to switch the active language.2nci IEI T\u00fcrkiye Enerji Yat\u0131r\u0131mlar\u0131 Konferans\u0131 10-11 Eyl\u00fcl 2015 tarihlerinde \u0130stanbul\u2019da ger\u00e7ekle\u015ftiriliyor. \u00c7ok say\u0131da yerli ve yabanc\u0131 yat\u0131r\u0131mc\u0131n\u0131n bulu\u015fma noktas\u0131 olan IEI konferanslar\u0131n\u0131n [&hellip;]<\/p>\n","protected":false},"author":1,"featured_media":39966,"comment_status":"open","ping_status":"open","sticky":false,"template":"","format":"standard","meta":[],"categories":[53,4],"tags":[23286,112,67,1009,2698,165,117,5982,23287,23289,23288],"views":1936,"_links":{"self":[{"href":"https:\/\/www.enerjigazetesi.ist\/en\/wp-json\/wp\/v2\/posts\/39961"}],"collection":[{"href":"https:\/\/www.enerjigazetesi.ist\/en\/wp-json\/wp\/v2\/posts"}],"about":[{"href":"https:\/\/www.enerjigazetesi.ist\/en\/wp-json\/wp\/v2\/types\/post"}],"author":[{"embeddable":true,"href":"https:\/\/www.enerjigazetesi.ist\/en\/wp-json\/wp\/v2\/users\/1"}],"replies":[{"embeddable":true,"href":"https:\/\/www.enerjigazetesi.ist\/en\/wp-json\/wp\/v2\/comments?post=39961"}],"version-history":[{"count":4,"href":"https:\/\/www.enerjigazetesi.ist\/en\/wp-json\/wp\/v2\/posts\/39961\/revisions"}],"predecessor-version":[{"id":39967,"href":"https:\/\/www.enerjigazetesi.ist\/en\/wp-json\/wp\/v2\/posts\/39961\/revisions\/39967"}],"wp:featuredmedia":[{"embeddable":true,"href":"https:\/\/www.enerjigazetesi.ist\/en\/wp-json\/wp\/v2\/media\/39966"}],"wp:attachment":[{"href":"https:\/\/www.enerjigazetesi.ist\/en\/wp-json\/wp\/v2\/media?parent=39961"}],"wp:term":[{"taxonomy":"category","embeddable":true,"href":"https:\/\/www.enerjigazetesi.ist\/en\/wp-json\/wp\/v2\/categories?post=39961"},{"taxonomy":"post_tag","embeddable":true,"href":"https:\/\/www.enerjigazetesi.ist\/en\/wp-json\/wp\/v2\/tags?post=39961"}],"curies":[{"name":"wp","href":"https:\/\/api.w.org\/{rel}","templated":true}]}}