{"id":39935,"date":"2015-06-05T14:41:21","date_gmt":"2015-06-05T11:41:21","guid":{"rendered":"https:\/\/www.enerjigazetesi.ist\/?p=39935"},"modified":"2015-06-05T14:41:21","modified_gmt":"2015-06-05T11:41:21","slug":"iea-kuresel-dogalgaz-talebi-yavaslayacak","status":"publish","type":"post","link":"https:\/\/www.enerjigazetesi.ist\/en\/iea-kuresel-dogalgaz-talebi-yavaslayacak\/","title":{"rendered":"(Turkish) IEA: \u201cK\u00fcresel Do\u011falgaz Talebi Yava\u015flayacak!\u201d"},"content":{"rendered":"<p class=\"qtranxs-available-languages-message qtranxs-available-languages-message-en\">Sorry, this entry is only available in <a href=\"https:\/\/www.enerjigazetesi.ist\/tr\/wp-json\/wp\/v2\/posts\/39935\" class=\"qtranxs-available-language-link qtranxs-available-language-link-tr\" title=\"Turkish\">Turkish<\/a>. For the sake of viewer convenience, the content is shown below in the alternative language. You may click the link to switch the active language.<\/p><p><\/p>\n<p style=\"color: #000000;\"><strong>Uluslararas\u0131 Enerji Ajans\u0131 raporuna g\u00f6re, ge\u00e7en 10 y\u0131lda y\u00fczde 2,3 olan k\u00fcresel do\u011falgaz talebi art\u0131\u015f h\u0131z\u0131, 2014-2020 y\u0131llar\u0131nda y\u00fczde 2\u2019ye gerileyecek.<\/strong><\/p>\n<p style=\"color: #000000;\">K\u00fcresel do\u011falgaz talebinin, 2020 y\u0131l\u0131nda 3,9 trilyon metrek\u00fcp olaca\u011f\u0131 \u00f6ng\u00f6r\u00fcl\u00fcyor.<span id=\"more-71948\"><\/span><\/p>\n<p style=\"color: #000000;\">Uluslararas\u0131 Enerji Ajans\u0131\u2019n\u0131n (IEA) \u201c2015 Orta Vadeli Do\u011falgaz Piyasas\u0131 Raporu\u201dna g\u00f6re, ge\u00e7en 10 y\u0131lda y\u00fczde 2,3 olan k\u00fcresel do\u011falgaz talebi art\u0131\u015f h\u0131z\u0131, 2014-2020 y\u0131llar\u0131nda y\u00fczde 2\u2019ye gerileyecek. 2014\u2019te 3,5 trilyon metrek\u00fcp o<a href=\"https:\/\/www.enerjigazetesi.ist\/wp-content\/uploads\/2015\/06\/iea-kuresel-dogalgaz-talebi-yavaslayacak.jpg\"><img loading=\"lazy\" class=\"alignleft wp-image-39936 size-medium\" src=\"https:\/\/www.enerjigazetesi.ist\/wp-content\/uploads\/2015\/06\/iea-kuresel-dogalgaz-talebi-yavaslayacak-300x199.jpg\" alt=\"iea-kuresel-dogalgaz-talebi-yavaslayacak\" width=\"300\" height=\"199\" srcset=\"https:\/\/www.enerjigazetesi.ist\/wp-content\/uploads\/2015\/06\/iea-kuresel-dogalgaz-talebi-yavaslayacak-300x199.jpg 300w, https:\/\/www.enerjigazetesi.ist\/wp-content\/uploads\/2015\/06\/iea-kuresel-dogalgaz-talebi-yavaslayacak-500x333.jpg 500w, https:\/\/www.enerjigazetesi.ist\/wp-content\/uploads\/2015\/06\/iea-kuresel-dogalgaz-talebi-yavaslayacak-75x50.jpg 75w, https:\/\/www.enerjigazetesi.ist\/wp-content\/uploads\/2015\/06\/iea-kuresel-dogalgaz-talebi-yavaslayacak.jpg 707w\" sizes=\"(max-width: 300px) 100vw, 300px\" \/><\/a>lan k\u00fcresel do\u011falgaz talebi 2020 y\u0131l\u0131nda 3,9 trilyon metrek\u00fcpe \u00e7\u0131kacak.<\/p>\n<p style=\"color: #000000;\">S\u00f6z konusu d\u00f6nemde, do\u011falgaz talebinin en fazla y\u0131ll\u0131k y\u00fczde 10 ile \u00c7in\u2019de, en az y\u0131ll\u0131k y\u00fczde 0,1 ile Ekonomik \u0130\u015fbirli\u011fi ve Kalk\u0131nma \u00d6rg\u00fct\u00fc (OECD) \u00fcyesi olmayan Avrupa \u00fclkelerinde ger\u00e7ekle\u015fmesi bekleniyor. Tahminlere g\u00f6re, toplamda 431 milyar metrek\u00fcpl\u00fck talep art\u0131\u015f\u0131n\u0131n y\u00fczde 48\u2019ini g\u00fc\u00e7 sekt\u00f6r\u00fc olu\u015fturacak. Talebin en h\u0131zl\u0131 artt\u0131\u011f\u0131 sekt\u00f6r ise 47 milyar metrek\u00fcple ula\u015ft\u0131rma olacak.<\/p>\n<p style=\"color: #000000;\">Ge\u00e7en on y\u0131lda y\u0131ll\u0131k y\u00fczde 2,4 artan k\u00fcresel do\u011falgaz arz\u0131 ise bu d\u00f6nemde yava\u015flayarak her y\u0131l ortalama y\u00fczde 1,9\u2019a inecek. 2014\u2019te 3,5 trilyon metrek\u00fcp olan k\u00fcresel arz, 2020\u2019de 3,9 trilyon metrek\u00fcp olacak.<br \/>\nArzda en fazla art\u0131\u015f y\u0131ll\u0131k y\u00fczde 12,6 ile Asya\u2019da beklenirken, en yava\u015f b\u00fcy\u00fcmenin Latin Amerika\u2019da olmas\u0131 \u00f6ng\u00f6r\u00fcl\u00fcyor. Do\u011falgaz arz\u0131 OECD Avrupa\u2019s\u0131nda ise 254 milyar metrek\u00fcpten 227 milyar metrek\u00fcpe gerileyecek.<\/p>\n<p style=\"color: #000000;\">Do\u011falgaz sekt\u00f6r\u00fcn\u00fcn direkt veya dolayl\u0131 olarak petrol piyasas\u0131na ba\u011fl\u0131 oldu\u011fu belirtilen raporda, \u201c\u015eirketlerin 2015 b\u00fct\u00e7eleri d\u00fc\u015fen petrol fiyatlar\u0131yla azald\u0131 ve bu da geri d\u00f6n\u00fc\u015f\u00fc y\u00fcksek, maliyeti d\u00fc\u015f\u00fck projelere y\u00f6nelimi daha da art\u0131rmaya devam edecek. Bu nedenle k\u00fcresel do\u011falgaz \u00fcretimi yava\u015flayacak\u201d de\u011ferlendirmesine yer verildi.<\/p>\n<p style=\"color: #000000;\">Artan maliyetlerden dolay\u0131 \u00e7e\u015fitli Asya \u00fclkelerinin do\u011falgaz t\u00fcketimlerini s\u0131n\u0131rland\u0131rd\u0131\u011f\u0131 kaydedilen raporda, \u201c2013 ve 2014\u2019te ithalat\u0131n y\u00fcksek olmas\u0131 do\u011falgaz t\u00fcketimini azaltt\u0131, do\u011falgaz\u0131n ucuz k\u00f6m\u00fcr fiyatlar\u0131 ve d\u00fc\u015fen yenilenebilir maliyetleriyle yar\u0131\u015fmas\u0131 zorla\u015ft\u0131. Bu durumda baz\u0131 Asya \u00fclkeleri ise k\u00f6m\u00fcre y\u00f6nelmeyi tercih etti\u201d ifadeleri kullan\u0131ld\u0131.<\/p>\n<p style=\"color: #000000;\">Kaynak: Enerji Enstit\u00fcs\u00fc<\/p>\n<p><\/p>","protected":false},"excerpt":{"rendered":"<p>Sorry, this entry is only available in Turkish. For the sake of viewer convenience, the content is shown below in the alternative language. You may click the link to switch the active language. Uluslararas\u0131 Enerji Ajans\u0131 raporuna g\u00f6re, ge\u00e7en 10 y\u0131lda y\u00fczde 2,3 olan k\u00fcresel do\u011falgaz talebi art\u0131\u015f h\u0131z\u0131, 2014-2020 y\u0131llar\u0131nda y\u00fczde 2\u2019ye gerileyecek. K\u00fcresel [&hellip;]<\/p>\n","protected":false},"author":1,"featured_media":39936,"comment_status":"open","ping_status":"open","sticky":false,"template":"","format":"standard","meta":[],"categories":[46,53],"tags":[23267,92,4707,226,19761,2092,2677,63,67,1009,2698,165,1023,15875,23268,347,1022],"views":687,"_links":{"self":[{"href":"https:\/\/www.enerjigazetesi.ist\/en\/wp-json\/wp\/v2\/posts\/39935"}],"collection":[{"href":"https:\/\/www.enerjigazetesi.ist\/en\/wp-json\/wp\/v2\/posts"}],"about":[{"href":"https:\/\/www.enerjigazetesi.ist\/en\/wp-json\/wp\/v2\/types\/post"}],"author":[{"embeddable":true,"href":"https:\/\/www.enerjigazetesi.ist\/en\/wp-json\/wp\/v2\/users\/1"}],"replies":[{"embeddable":true,"href":"https:\/\/www.enerjigazetesi.ist\/en\/wp-json\/wp\/v2\/comments?post=39935"}],"version-history":[{"count":1,"href":"https:\/\/www.enerjigazetesi.ist\/en\/wp-json\/wp\/v2\/posts\/39935\/revisions"}],"predecessor-version":[{"id":39937,"href":"https:\/\/www.enerjigazetesi.ist\/en\/wp-json\/wp\/v2\/posts\/39935\/revisions\/39937"}],"wp:featuredmedia":[{"embeddable":true,"href":"https:\/\/www.enerjigazetesi.ist\/en\/wp-json\/wp\/v2\/media\/39936"}],"wp:attachment":[{"href":"https:\/\/www.enerjigazetesi.ist\/en\/wp-json\/wp\/v2\/media?parent=39935"}],"wp:term":[{"taxonomy":"category","embeddable":true,"href":"https:\/\/www.enerjigazetesi.ist\/en\/wp-json\/wp\/v2\/categories?post=39935"},{"taxonomy":"post_tag","embeddable":true,"href":"https:\/\/www.enerjigazetesi.ist\/en\/wp-json\/wp\/v2\/tags?post=39935"}],"curies":[{"name":"wp","href":"https:\/\/api.w.org\/{rel}","templated":true}]}}