{"id":39886,"date":"2015-06-04T09:41:06","date_gmt":"2015-06-04T06:41:06","guid":{"rendered":"https:\/\/www.enerjigazetesi.ist\/?p=39886"},"modified":"2015-06-04T09:41:06","modified_gmt":"2015-06-04T06:41:06","slug":"iran-da-dogalgazini-avrupaya-tasimak-icin-turk-akimini-kullanabilir","status":"publish","type":"post","link":"https:\/\/www.enerjigazetesi.ist\/en\/iran-da-dogalgazini-avrupaya-tasimak-icin-turk-akimini-kullanabilir\/","title":{"rendered":"(Turkish) \u201c\u0130ran da Do\u011falgaz\u0131n\u0131 Avrupa\u2019ya Ta\u015f\u0131mak \u0130\u00e7in T\u00fcrk Ak\u0131m\u0131\u2019n\u0131 Kullanabilir!\u201d"},"content":{"rendered":"<p class=\"qtranxs-available-languages-message qtranxs-available-languages-message-en\">Sorry, this entry is only available in <a href=\"https:\/\/www.enerjigazetesi.ist\/tr\/wp-json\/wp\/v2\/posts\/39886\" class=\"qtranxs-available-language-link qtranxs-available-language-link-tr\" title=\"Turkish\">Turkish<\/a>. For the sake of viewer convenience, the content is shown below in the alternative language. You may click the link to switch the active language.<\/p><p><strong>\u0130ran Milli Gaz \u015eirketi Uluslararas\u0131 \u0130li\u015fkiler M\u00fcd\u00fcr\u00fc Azizullah Ramezani, \u0130ran\u2019\u0131n, do\u011falgaz\u0131n\u0131 Avrupa\u2019ya ta\u015f\u0131mak i\u00e7in T\u00fcrk Ak\u0131m\u0131\u2019n\u0131 kullanabilece\u011fini s\u00f6yledi.<\/strong><\/p>\n<p>\u0130ran\u2019\u0131n do\u011falgaz transferi i\u00e7in b<a href=\"https:\/\/www.enerjigazetesi.ist\/wp-content\/uploads\/2015\/06\/iran-da-dogalgazini-avrupaya-tasimak-icin-turk-akimini-kullanabilir.png\"><img loading=\"lazy\" class=\"alignleft size-medium wp-image-39887\" src=\"https:\/\/www.enerjigazetesi.ist\/wp-content\/uploads\/2015\/06\/iran-da-dogalgazini-avrupaya-tasimak-icin-turk-akimini-kullanabilir-300x203.png\" alt=\"iran-da-dogalgazini-avrupaya-tasimak-icin-turk-akimini-kullanabilir\" width=\"300\" height=\"203\" srcset=\"https:\/\/www.enerjigazetesi.ist\/wp-content\/uploads\/2015\/06\/iran-da-dogalgazini-avrupaya-tasimak-icin-turk-akimini-kullanabilir-300x203.png 300w, https:\/\/www.enerjigazetesi.ist\/wp-content\/uploads\/2015\/06\/iran-da-dogalgazini-avrupaya-tasimak-icin-turk-akimini-kullanabilir-500x339.png 500w, https:\/\/www.enerjigazetesi.ist\/wp-content\/uploads\/2015\/06\/iran-da-dogalgazini-avrupaya-tasimak-icin-turk-akimini-kullanabilir-73x50.png 73w, https:\/\/www.enerjigazetesi.ist\/wp-content\/uploads\/2015\/06\/iran-da-dogalgazini-avrupaya-tasimak-icin-turk-akimini-kullanabilir.png 840w\" sizes=\"(max-width: 300px) 100vw, 300px\" \/><\/a>e\u015f alt\u0131 tane rotaya sahip oldu\u011funu ifade eden Ramezani,<span id=\"more-71925\"><\/span> \u201cDo\u011falgaz\u0131m\u0131z\u0131 Avrupa\u2019ya ta\u015f\u0131mak i\u00e7in T\u00fcrk Ak\u0131m\u0131\u2019n\u0131 kullanabiliriz, bu m\u00fcmk\u00fcn ancak bununla ilgili g\u00f6r\u00fc\u015fmeler hen\u00fcz yap\u0131lmad\u0131. Rusya ve T\u00fcrkiye\u2019nin boru hatlar\u0131n\u0131n Avrupa\u2019ya ula\u015ft\u0131\u011f\u0131 nokta ayn\u0131 zamanda \u0130ran boru hatlar\u0131n\u0131n Avrupa\u2019ya ula\u015ft\u0131\u011f\u0131 nokta olabilir\u201d dedi.<\/p>\n<p>\u0130ran\u2019\u0131n Avrupa\u2019ya do\u011falgaz transferi i\u00e7in T\u00fcrkiye\u2019nin yan\u0131 s\u0131ra, Karadeniz, Suriye, Irak ve Akdeniz\u2019i de de\u011ferlendirdi\u011fine dikkati \u00e7eken Ramezani, \u0130ran\u2019a Avrupa \u00fclkeleri uygulanan yapt\u0131r\u0131mlar\u0131n kald\u0131r\u0131lmas\u0131 durumunda g\u00f6r\u00fc\u015fmeler i\u00e7in ilk ad\u0131m\u0131n at\u0131laca\u011f\u0131n\u0131 belirtti.<\/p>\n<p>Kendileri i\u00e7in en iyi rotan\u0131n \u201cekonomik olarak en uygun rota\u201d olaca\u011f\u0131n\u0131 a\u00e7\u0131klayan Ramezani, kullanacaklar\u0131 rota i\u00e7in karar\u0131 yapt\u0131r\u0131mlar\u0131n kald\u0131r\u0131lmas\u0131n\u0131n ard\u0131ndan vereceklerini ifade etti.<\/p>\n<p>Kaynak: Enerji Enstit\u00fcs\u00fc<\/p>","protected":false},"excerpt":{"rendered":"<p>Sorry, this entry is only available in Turkish. For the sake of viewer convenience, the content is shown below in the alternative language. You may click the link to switch the active language.\u0130ran Milli Gaz \u015eirketi Uluslararas\u0131 \u0130li\u015fkiler M\u00fcd\u00fcr\u00fc Azizullah Ramezani, \u0130ran\u2019\u0131n, do\u011falgaz\u0131n\u0131 Avrupa\u2019ya ta\u015f\u0131mak i\u00e7in T\u00fcrk Ak\u0131m\u0131\u2019n\u0131 kullanabilece\u011fini s\u00f6yledi. \u0130ran\u2019\u0131n do\u011falgaz transferi i\u00e7in be\u015f [&hellip;]<\/p>\n","protected":false},"author":1,"featured_media":39887,"comment_status":"open","ping_status":"open","sticky":false,"template":"","format":"standard","meta":[],"categories":[46,53],"tags":[23238,92,226,63,67,1009,2698,165,12387,17405,23239,20076],"views":856,"_links":{"self":[{"href":"https:\/\/www.enerjigazetesi.ist\/en\/wp-json\/wp\/v2\/posts\/39886"}],"collection":[{"href":"https:\/\/www.enerjigazetesi.ist\/en\/wp-json\/wp\/v2\/posts"}],"about":[{"href":"https:\/\/www.enerjigazetesi.ist\/en\/wp-json\/wp\/v2\/types\/post"}],"author":[{"embeddable":true,"href":"https:\/\/www.enerjigazetesi.ist\/en\/wp-json\/wp\/v2\/users\/1"}],"replies":[{"embeddable":true,"href":"https:\/\/www.enerjigazetesi.ist\/en\/wp-json\/wp\/v2\/comments?post=39886"}],"version-history":[{"count":1,"href":"https:\/\/www.enerjigazetesi.ist\/en\/wp-json\/wp\/v2\/posts\/39886\/revisions"}],"predecessor-version":[{"id":39888,"href":"https:\/\/www.enerjigazetesi.ist\/en\/wp-json\/wp\/v2\/posts\/39886\/revisions\/39888"}],"wp:featuredmedia":[{"embeddable":true,"href":"https:\/\/www.enerjigazetesi.ist\/en\/wp-json\/wp\/v2\/media\/39887"}],"wp:attachment":[{"href":"https:\/\/www.enerjigazetesi.ist\/en\/wp-json\/wp\/v2\/media?parent=39886"}],"wp:term":[{"taxonomy":"category","embeddable":true,"href":"https:\/\/www.enerjigazetesi.ist\/en\/wp-json\/wp\/v2\/categories?post=39886"},{"taxonomy":"post_tag","embeddable":true,"href":"https:\/\/www.enerjigazetesi.ist\/en\/wp-json\/wp\/v2\/tags?post=39886"}],"curies":[{"name":"wp","href":"https:\/\/api.w.org\/{rel}","templated":true}]}}