{"id":39861,"date":"2015-06-03T13:47:43","date_gmt":"2015-06-03T10:47:43","guid":{"rendered":"https:\/\/www.enerjigazetesi.ist\/?p=39861"},"modified":"2015-06-03T13:47:43","modified_gmt":"2015-06-03T10:47:43","slug":"secimlerde-elektrik-kesintilerine-karsi-helikopterle-mudahale","status":"publish","type":"post","link":"https:\/\/www.enerjigazetesi.ist\/en\/secimlerde-elektrik-kesintilerine-karsi-helikopterle-mudahale\/","title":{"rendered":"(Turkish) Se\u00e7imlerde Elektrik Kesintilerine Kar\u015f\u0131 Helikopterle M\u00fcdahale&#8230;"},"content":{"rendered":"<p class=\"qtranxs-available-languages-message qtranxs-available-languages-message-en\">Sorry, this entry is only available in <a href=\"https:\/\/www.enerjigazetesi.ist\/tr\/wp-json\/wp\/v2\/posts\/39861\" class=\"qtranxs-available-language-link qtranxs-available-language-link-tr\" title=\"Turkish\">Turkish<\/a>. For the sake of viewer convenience, the content is shown below in the alternative language. You may click the link to switch the active language.<\/p><p><\/p>\n<p style=\"color: #000000;\"><strong>Enerji ve Tabii Kaynaklar Bakan\u0131 Y\u0131ld\u0131z, genel se\u00e7imde muhalefete elektrik kesintisi konusunda kullanacak malzeme vermemek i\u00e7in \u00e7ok s\u0131k\u0131 \u00f6nlemler ald\u0131klar\u0131n\u0131 anlatt\u0131: \u0130letim hatlar\u0131yla ilgili, enfraruj \u0131\u015f\u0131nlarla g\u00f6rev yapan 4 helikopter g\u00f6rev yapacak; 52 bin kilometreyi dola\u015f\u0131p kontrol ve an\u0131nda m\u00fcdahale edecek.<\/strong><span id=\"more-71914\"><\/span><\/p>\n<p style=\"color: #000000;\">Se\u00e7im g\u00fcn\u00fc de bakanl\u0131\u011f\u0131n\u0131n \u00e7al\u0131\u015fmalar\u0131n\u0131 bizzat y\u00fcr\u00fctecek olan Bakan Y\u0131ld\u0131z Milliyet\u2019ten Serpil \u00c7evikcan\u2019a konu\u015ftu. Y\u0131ld\u0131z, g\u00fcncel siyasi tart\u0131\u015fmalar ve se\u00e7im g\u00fcvenli\u011fine y\u00f6nelik al\u0131nan \u00f6nlemler konusunda \u015fu a\u00e7\u0131klamalar\u0131 yapt\u0131:<\/p>\n<p style=\"color: #000000;\">Enerji Bakanl\u0131\u011f\u0131\u2019n\u0131n b\u00fcnyesinde bulunmayan ve hizmet ald\u0131\u011f\u0131m\u0131z bir \u015firketin eleman\u0131ndan bahsediyo<a href=\"https:\/\/www.enerjigazetesi.ist\/wp-content\/uploads\/2015\/06\/secimlerde-elektrik-kesintilerine-karsi-helikopterle-mudahale.jpg\"><img loading=\"lazy\" class=\"alignright size-medium wp-image-39862\" src=\"https:\/\/www.enerjigazetesi.ist\/wp-content\/uploads\/2015\/06\/secimlerde-elektrik-kesintilerine-karsi-helikopterle-mudahale-300x168.jpg\" alt=\"secimlerde-elektrik-kesintilerine-karsi-helikopterle-mudahale\" width=\"300\" height=\"168\" srcset=\"https:\/\/www.enerjigazetesi.ist\/wp-content\/uploads\/2015\/06\/secimlerde-elektrik-kesintilerine-karsi-helikopterle-mudahale-300x168.jpg 300w, https:\/\/www.enerjigazetesi.ist\/wp-content\/uploads\/2015\/06\/secimlerde-elektrik-kesintilerine-karsi-helikopterle-mudahale-500x281.jpg 500w, https:\/\/www.enerjigazetesi.ist\/wp-content\/uploads\/2015\/06\/secimlerde-elektrik-kesintilerine-karsi-helikopterle-mudahale-80x45.jpg 80w, https:\/\/www.enerjigazetesi.ist\/wp-content\/uploads\/2015\/06\/secimlerde-elektrik-kesintilerine-karsi-helikopterle-mudahale.jpg 720w\" sizes=\"(max-width: 300px) 100vw, 300px\" \/><\/a>ruz. E\u00dcA\u015e\u2019\u0131n hizmet ald\u0131\u011f\u0131 Ertem Tek\u2019te \u00e7al\u0131\u015fan birisi. Takdir edersiniz, bu ki\u015filer baz\u0131 kurumlarda bulunuyor. O ki\u015finin ya\u015fanan olayda bir rol\u00fc olmu\u015f mu, talimat verdik, ara\u015ft\u0131r\u0131l\u0131yor. E\u00dcA\u015e\u2019la ilgili santrallerle ilgili s\u0131k\u0131nt\u0131da bu ki\u015finin bir rol\u00fc var m\u0131 yok mu ara\u015ft\u0131r\u0131yoruz. S\u0131k\u0131nt\u0131l\u0131 bir durum varsa kamuoyuyla payla\u015faca\u011f\u0131z. Ama \u015fu anda b\u00f6yle bir \u015fey var diye bir \u015fey s\u00f6yleyemem. Soru\u015fturma s\u00fcr\u00fcyor. Ciddiyetle ara\u015ft\u0131r\u0131l\u0131yor. Bu ki\u015fi Ertek Tek\u2019e girdi\u011fine soru\u015fturma yap\u0131lm\u0131\u015f ama sab\u0131ka dosyas\u0131 yok. \u015eimdi devam eden mahkemeler var. \u015eu anda i\u015ften el \u00e7ektirildi kendisine. Operasyonel bir g\u00f6revi yok.<\/p>\n<p style=\"color: #000000;\">Ulusal Enterkonnekte sistemimizin herhangi bir siber sald\u0131r\u0131ya a\u00e7\u0131k olup olmad\u0131\u011f\u0131na dair bir \u00e7al\u0131\u015fma yap\u0131yoruz. Se\u00e7im g\u00fcn\u00fc bir s\u0131k\u0131nt\u0131 ya\u015famayaca\u011f\u0131m\u0131z\u0131 umuyoruz. O y\u00f6nde tedbirlerimiz var. Belli noktalarda 21 b\u00f6lgeden online giri\u015fler, birebir haberle\u015fme var. Kayseri\u2019de oyumu kulland\u0131ktan sonra o merkezin ba\u015f\u0131na gidece\u011fim. B\u00f6yle bir siber sald\u0131r\u0131ya maruz kalmadan sistemde s\u0131k\u0131nt\u0131 olmadan se\u00e7im g\u00fcn\u00fcn\u00fc y\u00f6netece\u011fimizi d\u00fc\u015f\u00fcn\u00fcyorum.<\/p>\n<p style=\"color: #000000;\">Bu se\u00e7imde bir g\u00fcvensizlik var. Elektrik kesintisi olaca\u011f\u0131 y\u00f6n\u00fcnde s\u00f6ylentiler ve alg\u0131 var.<br \/>\nSe\u00e7im g\u00fcn\u00fc elektrik kesintisi ya\u015fanaca\u011f\u0131na dair alg\u0131 \u00e7ok y\u00fcksek. Bu ger\u00e7e\u011fin \u00f6n\u00fcnde. Hem de \u00e7ok \u00e7ok \u00f6n\u00fcnde. Bunda muhalefetin de b\u00fcy\u00fck pay\u0131 var. 174 bin sand\u0131kta oy kullan\u0131lacak. Cumhurba\u015fkanl\u0131\u011f\u0131 se\u00e7imi, yerel se\u00e7imler oldu. Herhangi bir ki\u015finin oyuna bir \u015fey oldu mu?<\/p>\n<p style=\"color: #000000;\">Ben YSK Ba\u015fkan\u0131 ile konu\u015ftum. \u2018Benim oyum elektrik kesildi\u011fi i\u00e7in say\u0131lmad\u0131, haks\u0131zl\u0131\u011fa u\u011frad\u0131m diye m\u00fcracaat eden bir parti var m\u0131\u2019 dedim. Hi\u00e7 kimsenin oyu elektrik kesintisinden dolay\u0131 say\u0131lmad\u0131 diye bir \u015fey olmad\u0131. Hi\u00e7bir nedenden dolay\u0131 da oyu say\u0131lmayan olmad\u0131. Yedi ki\u015filik sand\u0131k kurulunun be\u015fi siyasi. Ger\u00e7ek diyor ki; elektrik kesintisiyle ilgili herhangi bir s\u0131k\u0131nt\u0131 yoktur. Ger\u00e7ek buyken alg\u0131 ne? Bir mum \u0131\u015f\u0131\u011f\u0131 ve mum \u0131\u015f\u0131\u011f\u0131nda ders \u00e7al\u0131\u015fan bir \u00e7ocuk. Bu do\u011fru de\u011fil. Bunu hak etmiyoruz. B\u00f6yle bir \u015fey olsa bunu \u00f6nce s\u00f6yleyecek olan benim. \u2018B\u00f6yle bir s\u0131k\u0131nt\u0131 var, ondan dolay\u0131 oldu\u2019 derim. Anket sonu\u00e7lar\u0131n\u0131 g\u00f6rd\u00fck\u00e7e \u015fimdiden arkas\u0131na s\u0131\u011f\u0131nacak bir gerek\u00e7e ar\u0131yorlar. \u2018Se\u00e7imler \u015faibeli\u2019 diyorlar.<\/p>\n<p style=\"color: #000000;\">7 Haziran se\u00e7imleri. Peki, olmadan nas\u0131l \u015faibeli olacak? Bu alg\u0131 y\u00f6netimidir. Oy say\u0131lmayacaksa Ak Parti\u2019nin oyu da say\u0131lmayacak. Bu a\u011f\u0131r bir sorumluluktur. \u0130n\u015fallah Allah\u2019\u0131n izniyle biz bunu ya\u015famayaca\u011f\u0131z. 174 bin sand\u0131kta \u2018kimse benim oyum say\u0131lamad\u0131\u2019 demeyecek. Her defas\u0131nda b\u00f6yle m\u0131z\u0131k\u00e7\u0131 \u00e7ocuk gibi \u2018benim elimden ald\u0131lar oyunca\u011f\u0131m\u0131z\u0131\u2019 \u015feklindeki yakla\u015f\u0131m\u0131 siyasetin sayg\u0131nl\u0131\u011f\u0131na uygun bulmuyorum. Tamam se\u00e7imleri alamayabilirsin ama bunu b\u00f6yle ifade etmeniz do\u011fru de\u011fildir. Elektrik kesintilerini, muhalefetin mazereti olmaktan \u00e7\u0131karaca\u011f\u0131z. Biz, 1 milyon 200 km\u2019lik bir hatta bulunuyoruz. \u015e\u0131rnak\u2019ta, Silopi\u2019de 150 kilovatl\u0131k bir hatta sald\u0131r\u0131 oldu. Siz dire\u011fi bombalarsan\u0131z elektrik kesilir. Trafo patlat\u0131l\u0131rsa, elektrik kesilir. Ben, HDP\u2019nin de b\u00f6yle bir \u015feyi dillendirece\u011fini sanm\u0131yorum. Bunu en \u00e7ok dillendiren se\u00e7imlerde ba\u015far\u0131s\u0131z olacak olan CHP\u2019dir. B\u00f6yle bir malzeme muhalefetin eline in\u015fallah verilmeyecektir. Ne kadar zorlasalar da verilmeyecek.<\/p>\n<p style=\"color: #000000;\"><strong>SABOTAJA KEF\u0130L OLMAM<\/strong><\/p>\n<p style=\"color: #000000;\">Hem Enerji Bakanl\u0131\u011f\u0131\u2019nda hem elektrik da\u011f\u0131t\u0131m birimlerinde bulunan ve bu g\u00f6revi yapan 8 bin ki\u015fi var. Onlar\u0131n izinleri kald\u0131r\u0131ld\u0131. Sabaha kadar g\u00f6rev yapacaklar. \u0130\u00e7i\u015fleri Bakanl\u0131\u011f\u0131 ile yapt\u0131\u011f\u0131m\u0131z koordinasyonla, \u00f6zel kuvvetleriyle, ter\u00f6r riski olan baz\u0131 yerlerin g\u00fcvenli\u011fini art\u0131rd\u0131k. T\u00fcrkiye\u2019nin b\u00fct\u00fcn yerlerinde bak\u0131m ve onar\u0131mlar yap\u0131ld\u0131.<\/p>\n<p style=\"color: #000000;\">Bir de iletim hatlar\u0131yla alakal\u0131, enfraruj \u0131\u015f\u0131nlarla g\u00f6rev yapan helikopterlerimiz belli noktalarda bulunacaklar. \u0130lk defa bu se\u00e7imde kullan\u0131lacak. Diyelim ki bir yerde \u0131s\u0131nma var bir yerde risk var ola\u011fand\u0131\u015f\u0131 bir \u015feyde m\u00fcdahil olabiliyoruz. Onlar\u0131 tespit edip bak\u0131m onar\u0131m i\u00e7in haber veriyor. Onlar\u0131 anl\u0131k yapaca\u011f\u0131z. Cuma, cumartesi, pazar, pazartesi g\u00fcn\u00fc yapaca\u011f\u0131z bunlar\u0131. Bu helikopterden d\u00f6rt tane var. Bu maksat i\u00e7in donan\u0131ml\u0131 bir helikopterdir. Bizim bu helikopterlerle ilgili hizmet al\u0131m\u0131m\u0131z y\u0131ll\u0131k 10 milyon euro. Ar\u0131za olmadan giriyoruz.<\/p>\n<p style=\"color: #000000;\">Bu helikopterler 52 bin kilometrenin hepsini geziyor. 150 kilovolt\u2019un geziyor bu helikopterler. Her t\u00fcrl\u00fc \u00f6nlemi ald\u0131k. Helikopterlerle anl\u0131k m\u00fcdahale edece\u011fiz. Ama ben sabotaja kefil olmam. K\u0131zg\u0131nl\u0131\u011f\u0131m\u0131 ifade edeyim. HDP\u2019nin bunu bilerek dillendirmedi\u011fini d\u00fc\u015f\u00fcn\u00fcyorum. K\u00fcrt karde\u015flerimize giden elektri\u011fi sabote ederseniz, sabote etti\u011finiz devlet olmuyor, vatanda\u015f oluyor.<\/p>\n<p style=\"color: #000000;\">Y\u00fcksekova Havaalan\u0131\u2019nda \u00e7al\u0131\u015fan i\u015f makinesine sabotaj yaparsan\u0131z, o devlete de\u011fil, vatanda\u015fa oluyor. Vatanda\u015flar m\u00fcsterih olsun, se\u00e7im g\u00fcvenli\u011fiyle ilgili bir \u015fey olmayacak. Bunlar 52 bin kilometreyi dola\u015f\u0131p kontrol edecekler. 2014 sonu itibar\u0131yla 1 y\u0131lda bu helikopter u\u00e7u\u015flar\u0131nda 53 bin 941 nokta ar\u0131za ve ar\u0131za olabilecek \u015feyler rapor edilmi\u015f. \u0130lk defa bu se\u00e7imde uygulayaca\u011f\u0131z. Ar\u0131za raporlar\u0131nda acil durumlarda dire\u011fe m\u00fcdahale edilmi\u015f, acil olmayan durumlarda bak\u0131m program\u0131na al\u0131nm\u0131\u015f.<\/p>\n<p style=\"color: #000000;\">Kaynak: Enerji Enstit\u00fcs\u00fc<\/p>\n<p><\/p>","protected":false},"excerpt":{"rendered":"<p>Sorry, this entry is only available in Turkish. For the sake of viewer convenience, the content is shown below in the alternative language. You may click the link to switch the active language. Enerji ve Tabii Kaynaklar Bakan\u0131 Y\u0131ld\u0131z, genel se\u00e7imde muhalefete elektrik kesintisi konusunda kullanacak malzeme vermemek i\u00e7in \u00e7ok s\u0131k\u0131 \u00f6nlemler ald\u0131klar\u0131n\u0131 anlatt\u0131: \u0130letim [&hellip;]<\/p>\n","protected":false},"author":1,"featured_media":39862,"comment_status":"open","ping_status":"open","sticky":false,"template":"","format":"standard","meta":[],"categories":[51,53],"tags":[68,23221,61,19638,23222,140,1451,2873,63,963,67,1009,2698,165,1033,23223,23220,23224],"views":717,"_links":{"self":[{"href":"https:\/\/www.enerjigazetesi.ist\/en\/wp-json\/wp\/v2\/posts\/39861"}],"collection":[{"href":"https:\/\/www.enerjigazetesi.ist\/en\/wp-json\/wp\/v2\/posts"}],"about":[{"href":"https:\/\/www.enerjigazetesi.ist\/en\/wp-json\/wp\/v2\/types\/post"}],"author":[{"embeddable":true,"href":"https:\/\/www.enerjigazetesi.ist\/en\/wp-json\/wp\/v2\/users\/1"}],"replies":[{"embeddable":true,"href":"https:\/\/www.enerjigazetesi.ist\/en\/wp-json\/wp\/v2\/comments?post=39861"}],"version-history":[{"count":1,"href":"https:\/\/www.enerjigazetesi.ist\/en\/wp-json\/wp\/v2\/posts\/39861\/revisions"}],"predecessor-version":[{"id":39863,"href":"https:\/\/www.enerjigazetesi.ist\/en\/wp-json\/wp\/v2\/posts\/39861\/revisions\/39863"}],"wp:featuredmedia":[{"embeddable":true,"href":"https:\/\/www.enerjigazetesi.ist\/en\/wp-json\/wp\/v2\/media\/39862"}],"wp:attachment":[{"href":"https:\/\/www.enerjigazetesi.ist\/en\/wp-json\/wp\/v2\/media?parent=39861"}],"wp:term":[{"taxonomy":"category","embeddable":true,"href":"https:\/\/www.enerjigazetesi.ist\/en\/wp-json\/wp\/v2\/categories?post=39861"},{"taxonomy":"post_tag","embeddable":true,"href":"https:\/\/www.enerjigazetesi.ist\/en\/wp-json\/wp\/v2\/tags?post=39861"}],"curies":[{"name":"wp","href":"https:\/\/api.w.org\/{rel}","templated":true}]}}