{"id":39811,"date":"2015-06-02T14:33:51","date_gmt":"2015-06-02T11:33:51","guid":{"rendered":"https:\/\/www.enerjigazetesi.ist\/?p=39811"},"modified":"2015-06-02T14:33:51","modified_gmt":"2015-06-02T11:33:51","slug":"petkimde-sendika-ile-isveren-arasinda-anlasma-saglandi","status":"publish","type":"post","link":"https:\/\/www.enerjigazetesi.ist\/en\/petkimde-sendika-ile-isveren-arasinda-anlasma-saglandi\/","title":{"rendered":"(Turkish) Petkim\u2019de Sendika \u0130le \u0130\u015fveren Aras\u0131nda Anla\u015fma Sa\u011fland\u0131&#8230;"},"content":{"rendered":"<p class=\"qtranxs-available-languages-message qtranxs-available-languages-message-en\">Sorry, this entry is only available in <a href=\"https:\/\/www.enerjigazetesi.ist\/tr\/wp-json\/wp\/v2\/posts\/39811\" class=\"qtranxs-available-language-link qtranxs-available-language-link-tr\" title=\"Turkish\">Turkish<\/a>. For the sake of viewer convenience, the content is shown below in the alternative language. You may click the link to switch the active language.<\/p><p><\/p>\n<p style=\"color: #000000;\"><strong>Petrol \u0130\u015f Sendikas\u0131 Alia\u011fa \u015eubesi Ba\u015fkan\u0131 Ahmet Oktay, \u015firket \u00fcst d\u00fczey y\u00f6neticileriyle yapt\u0131klar\u0131 g\u00f6r\u00fc\u015fme sonucu Toplu \u0130\u015f S\u00f6zle\u015fmesi (T\u0130S) g\u00f6r\u00fc\u015fmelerinde uzla\u015fmaya vard\u0131klar\u0131n\u0131, eyleme son verdikl<a href=\"https:\/\/www.enerjigazetesi.ist\/wp-content\/uploads\/2015\/06\/petkimde-sendika-ile-isveren-arasinda-anlasma-saglandi.jpg\"><img loading=\"lazy\" class=\"alignright size-medium wp-image-39812\" src=\"https:\/\/www.enerjigazetesi.ist\/wp-content\/uploads\/2015\/06\/petkimde-sendika-ile-isveren-arasinda-anlasma-saglandi-300x178.jpg\" alt=\"petkimde-sendika-ile-isveren-arasinda-anlasma-saglandi\" width=\"300\" height=\"178\" srcset=\"https:\/\/www.enerjigazetesi.ist\/wp-content\/uploads\/2015\/06\/petkimde-sendika-ile-isveren-arasinda-anlasma-saglandi-300x178.jpg 300w, https:\/\/www.enerjigazetesi.ist\/wp-content\/uploads\/2015\/06\/petkimde-sendika-ile-isveren-arasinda-anlasma-saglandi-500x297.jpg 500w, https:\/\/www.enerjigazetesi.ist\/wp-content\/uploads\/2015\/06\/petkimde-sendika-ile-isveren-arasinda-anlasma-saglandi-80x47.jpg 80w, https:\/\/www.enerjigazetesi.ist\/wp-content\/uploads\/2015\/06\/petkimde-sendika-ile-isveren-arasinda-anlasma-saglandi.jpg 870w\" sizes=\"(max-width: 300px) 100vw, 300px\" \/><\/a>erini belirtti.<\/strong><span id=\"more-71883\"><\/span><\/p>\n<p style=\"color: #000000;\">G\u00f6r\u00fc\u015fmeler sonucu T\u0130S maddelerinde uzla\u015f\u0131ya vard\u0131klar\u0131n\u0131 anlatan Oktay, \u201cG\u00f6r\u00fc\u015fmeler sonucu taleplerimizin y\u00fczde 90\u2019\u0131 yerine geldi. 2006 \u00f6ncesi ve sonras\u0131 giren i\u015f\u00e7iler aras\u0131ndaki \u00fccret fark\u0131n\u0131n azalt\u0131lmas\u0131na y\u00f6nelik d\u00fczenleme yap\u0131ld\u0131. Y\u00fczde 6\u2019l\u0131k genel zam ve iki bayram ikramiyesi al\u0131nmas\u0131 konusunda da anla\u015f\u0131ld\u0131. Konuyla ilgili ayr\u0131nt\u0131l\u0131 a\u00e7\u0131klamay\u0131 yar\u0131n yapaca\u011f\u0131z. Sa\u011flanan uzla\u015fmayla eylemimiz sona ermi\u015ftir\u201d dedi.<\/p>\n<p style=\"color: #000000;\">Alia\u011fa il\u00e7esindeki Petkim tesislerinde \u00e7al\u0131\u015fan Petrol-\u0130\u015f Sendikas\u0131\u2019nda \u00f6rg\u00fctl\u00fc bin 850 i\u015f\u00e7i, 2015-2016 d\u00f6nemi T\u0130S g\u00f6r\u00fc\u015fmelerinde anla\u015fma sa\u011flanamamas\u0131 ve Y\u00fcksek Hakem Kurulu\u2019na ta\u015f\u0131nmas\u0131 \u00fczerine 28 May\u0131s Per\u015fembe 08.00 vardiyas\u0131yla eyleme ba\u015flam\u0131\u015ft\u0131.<\/p>\n<p style=\"color: #000000;\">Kaynak: Enerji Enstit\u00fcs\u00fc<\/p>\n<p><\/p>","protected":false},"excerpt":{"rendered":"<p>Sorry, this entry is only available in Turkish. For the sake of viewer convenience, the content is shown below in the alternative language. You may click the link to switch the active language. Petrol \u0130\u015f Sendikas\u0131 Alia\u011fa \u015eubesi Ba\u015fkan\u0131 Ahmet Oktay, \u015firket \u00fcst d\u00fczey y\u00f6neticileriyle yapt\u0131klar\u0131 g\u00f6r\u00fc\u015fme sonucu Toplu \u0130\u015f S\u00f6zle\u015fmesi (T\u0130S) g\u00f6r\u00fc\u015fmelerinde uzla\u015fmaya vard\u0131klar\u0131n\u0131, [&hellip;]<\/p>\n","protected":false},"author":1,"featured_media":39812,"comment_status":"open","ping_status":"open","sticky":false,"template":"","format":"standard","meta":[],"categories":[53],"tags":[63,67,1009,2698,165,23184,23185,1568,4891,23186],"views":866,"_links":{"self":[{"href":"https:\/\/www.enerjigazetesi.ist\/en\/wp-json\/wp\/v2\/posts\/39811"}],"collection":[{"href":"https:\/\/www.enerjigazetesi.ist\/en\/wp-json\/wp\/v2\/posts"}],"about":[{"href":"https:\/\/www.enerjigazetesi.ist\/en\/wp-json\/wp\/v2\/types\/post"}],"author":[{"embeddable":true,"href":"https:\/\/www.enerjigazetesi.ist\/en\/wp-json\/wp\/v2\/users\/1"}],"replies":[{"embeddable":true,"href":"https:\/\/www.enerjigazetesi.ist\/en\/wp-json\/wp\/v2\/comments?post=39811"}],"version-history":[{"count":1,"href":"https:\/\/www.enerjigazetesi.ist\/en\/wp-json\/wp\/v2\/posts\/39811\/revisions"}],"predecessor-version":[{"id":39813,"href":"https:\/\/www.enerjigazetesi.ist\/en\/wp-json\/wp\/v2\/posts\/39811\/revisions\/39813"}],"wp:featuredmedia":[{"embeddable":true,"href":"https:\/\/www.enerjigazetesi.ist\/en\/wp-json\/wp\/v2\/media\/39812"}],"wp:attachment":[{"href":"https:\/\/www.enerjigazetesi.ist\/en\/wp-json\/wp\/v2\/media?parent=39811"}],"wp:term":[{"taxonomy":"category","embeddable":true,"href":"https:\/\/www.enerjigazetesi.ist\/en\/wp-json\/wp\/v2\/categories?post=39811"},{"taxonomy":"post_tag","embeddable":true,"href":"https:\/\/www.enerjigazetesi.ist\/en\/wp-json\/wp\/v2\/tags?post=39811"}],"curies":[{"name":"wp","href":"https:\/\/api.w.org\/{rel}","templated":true}]}}