{"id":39802,"date":"2015-06-01T17:46:48","date_gmt":"2015-06-01T14:46:48","guid":{"rendered":"https:\/\/www.enerjigazetesi.ist\/?p=39802"},"modified":"2015-06-01T17:46:48","modified_gmt":"2015-06-01T14:46:48","slug":"tanapta-calismalar-takvime-uygun-devam-ediyor","status":"publish","type":"post","link":"https:\/\/www.enerjigazetesi.ist\/en\/tanapta-calismalar-takvime-uygun-devam-ediyor\/","title":{"rendered":"(Turkish) TANAP\u2019ta \u00c7al\u0131\u015fmalar Takvime Uygun Devam Ediyor!"},"content":{"rendered":"<p class=\"qtranxs-available-languages-message qtranxs-available-languages-message-en\">Sorry, this entry is only available in <a href=\"https:\/\/www.enerjigazetesi.ist\/tr\/wp-json\/wp\/v2\/posts\/39802\" class=\"qtranxs-available-language-link qtranxs-available-language-link-tr\" title=\"Turkish\">Turkish<\/a>. For the sake of viewer convenience, the content is shown below in the alternative language. You may click the link to switch the active language.<\/p><p><\/p>\n<p style=\"color: #363636;\"><strong>Azerbaycan do\u011falgaz\u0131n\u0131 Avrupa\u2019ya ta\u015f\u0131yacak olan G\u00fcney Gaz Koridoru\u2019nun T\u00fcrkiye k\u0131sm\u0131n\u0131 olu\u015fturan ve 17 Mart 2015\u2019te T\u00fcrkiye, Azerbaycan ve G\u00fcrcistan Cumhurba\u015fkanlar\u0131n\u0131n, Kars\u2019\u0131n Selim il\u00e7esinde d\u00fczenlenen t\u00f6renle temelini att\u0131\u011f\u0131 Trans Anadolu Do\u011fal Gaz Boru Hatt\u0131 Projesi\u2019nde \u00e7al\u0131\u015fmalar takvime uygun \u015fekilde devam ediyor.<img loading=\"lazy\" class=\"alignleft wp-image-39803\" src=\"https:\/\/www.enerjigazetesi.ist\/wp-content\/uploads\/2015\/06\/tanapta-calismalar-takvime-uygun-devam-ediyor.jpg\" alt=\"tanapta-calismalar-takvime-uygun-devam-ediyor\" width=\"323\" height=\"242\" \/><\/strong><\/p>\n<p style=\"color: #363636;\">1850 kilometrelik bir hat boyunca T\u00fcrkiye\u2019yi boydan boya ge\u00e7ecek projenin G\u00fcrcistan s\u0131n\u0131r\u0131ndan ba\u015flayarak Eski\u015fehir\u2019e kadar uzanan 56 in\u00e7 \u00e7ap\u0131ndaki b\u00f6l\u00fcm\u00fc i\u00e7in \u00fcretilen ve ilk partileri daha \u00f6nce g\u00fczergah boyunca tesis edilen \u015fantiyelerdeki boru stoklama alanlar\u0131na ula\u015fm\u0131\u015f olan borular\u0131n sevkiyat\u0131na devam ediliyor. Demiryolu ve karayolu kullan\u0131larak y\u00fcr\u00fct\u00fclen \u00e7al\u0131\u015fmalar in\u015faat a\u015famalar\u0131 g\u00f6z \u00f6n\u00fcnde bulundurularak b\u00fcy\u00fck bir h\u0131z ve titizlikle s\u00fcrd\u00fcr\u00fcl\u00fcyor.<\/p>\n<p style=\"color: #363636;\">%80\u2019i T\u00fcrk \u00fcreticilerinden tedarik edilen 1850 km\u2019nin \u00fczerindeki 56 in\u00e7 ve 48 in\u00e7 \u00e7ap\u0131ndaki toplam 1850 km uzunlu\u011fundaki borular\u0131n tedarik s\u00f6zle\u015fmeleri aralar\u0131nda 6 adet T\u00fcrk \u00fcreticisinin de yer ald\u0131\u011f\u0131 4 firma\/konsorsiyumla 2014 y\u0131l\u0131n\u0131n Ekim ay\u0131nda T\u00fcrkiye Cumhuriyeti Ba\u015fbakan\u0131 Prof. Ahmet Davuto\u011flu\u2019nun kat\u0131ld\u0131\u011f\u0131 t\u00f6renle Ankara\u2019da imzalanm\u0131\u015ft\u0131.<\/p>\n<p style=\"color: #363636;\">Kaynak: B\u00fcltenler<\/p>\n<p><\/p>","protected":false},"excerpt":{"rendered":"<p>Sorry, this entry is only available in Turkish. For the sake of viewer convenience, the content is shown below in the alternative language. You may click the link to switch the active language. Azerbaycan do\u011falgaz\u0131n\u0131 Avrupa\u2019ya ta\u015f\u0131yacak olan G\u00fcney Gaz Koridoru\u2019nun T\u00fcrkiye k\u0131sm\u0131n\u0131 olu\u015fturan ve 17 Mart 2015\u2019te T\u00fcrkiye, Azerbaycan ve G\u00fcrcistan Cumhurba\u015fkanlar\u0131n\u0131n, Kars\u2019\u0131n Selim [&hellip;]<\/p>\n","protected":false},"author":1,"featured_media":39803,"comment_status":"open","ping_status":"open","sticky":false,"template":"","format":"standard","meta":[],"categories":[46,53],"tags":[4319,92,226,19761,2092,63,67,1009,2698,165,2166,8686,3405,1190,2297,2296,846],"views":896,"_links":{"self":[{"href":"https:\/\/www.enerjigazetesi.ist\/en\/wp-json\/wp\/v2\/posts\/39802"}],"collection":[{"href":"https:\/\/www.enerjigazetesi.ist\/en\/wp-json\/wp\/v2\/posts"}],"about":[{"href":"https:\/\/www.enerjigazetesi.ist\/en\/wp-json\/wp\/v2\/types\/post"}],"author":[{"embeddable":true,"href":"https:\/\/www.enerjigazetesi.ist\/en\/wp-json\/wp\/v2\/users\/1"}],"replies":[{"embeddable":true,"href":"https:\/\/www.enerjigazetesi.ist\/en\/wp-json\/wp\/v2\/comments?post=39802"}],"version-history":[{"count":1,"href":"https:\/\/www.enerjigazetesi.ist\/en\/wp-json\/wp\/v2\/posts\/39802\/revisions"}],"predecessor-version":[{"id":39804,"href":"https:\/\/www.enerjigazetesi.ist\/en\/wp-json\/wp\/v2\/posts\/39802\/revisions\/39804"}],"wp:featuredmedia":[{"embeddable":true,"href":"https:\/\/www.enerjigazetesi.ist\/en\/wp-json\/wp\/v2\/media\/39803"}],"wp:attachment":[{"href":"https:\/\/www.enerjigazetesi.ist\/en\/wp-json\/wp\/v2\/media?parent=39802"}],"wp:term":[{"taxonomy":"category","embeddable":true,"href":"https:\/\/www.enerjigazetesi.ist\/en\/wp-json\/wp\/v2\/categories?post=39802"},{"taxonomy":"post_tag","embeddable":true,"href":"https:\/\/www.enerjigazetesi.ist\/en\/wp-json\/wp\/v2\/tags?post=39802"}],"curies":[{"name":"wp","href":"https:\/\/api.w.org\/{rel}","templated":true}]}}