{"id":39796,"date":"2015-06-01T17:35:04","date_gmt":"2015-06-01T14:35:04","guid":{"rendered":"https:\/\/www.enerjigazetesi.ist\/?p=39796"},"modified":"2015-06-01T17:35:04","modified_gmt":"2015-06-01T14:35:04","slug":"yildizdan-akkuyu-santralinin-uaea-raporuna-iliskin-haberlere-tepki","status":"publish","type":"post","link":"https:\/\/www.enerjigazetesi.ist\/en\/yildizdan-akkuyu-santralinin-uaea-raporuna-iliskin-haberlere-tepki\/","title":{"rendered":"(Turkish) Y\u0131ld\u0131z\u2019dan Akkuyu Santrali\u2019nin UAEA Raporuna \u0130li\u015fkin Haberlere Tepki!"},"content":{"rendered":"<p class=\"qtranxs-available-languages-message qtranxs-available-languages-message-en\">Sorry, this entry is only available in <a href=\"https:\/\/www.enerjigazetesi.ist\/tr\/wp-json\/wp\/v2\/posts\/39796\" class=\"qtranxs-available-language-link qtranxs-available-language-link-tr\" title=\"Turkish\">Turkish<\/a>. For the sake of viewer convenience, the content is shown below in the alternative language. You may click the link to switch the active language.<\/p><p><\/p>\n<p style=\"color: #000000;\"><strong>Enerji ve Tabii Kayaklar Bakan\u0131 Taner Y\u0131ld\u0131z, bug\u00fcn H\u00fcrriyet\u2019in\u00a0Uluslararas\u0131 Atom Enerjisi Ajans\u0131 ile ilgili haberine ili\u015fkin olarak, \u015funlar\u0131 s\u00f6yledi:<\/strong><\/p>\n<p style=\"color: #000000;\">\u201c\u00d6zellikle se\u00e7im \u00f6ncesinde bir k\u0131s\u0131m alg\u0131 operasyonlar\u0131 olu\u015fturulmak istenmektedir ve bu da onun bir par\u00e7as\u0131.<span id=\"more-71878\"><\/span>\u00a0Devlet her evrak\u0131n\u0131 gazetelerle ve televizyonlar ile payla\u015fmaz. Payla\u015fmad\u0131\u011f\u0131 her evrakta s\u0131r demek de\u011fildir. Bir kere o s\u0131rsa, sizin gazetede ne ar\u0131yor? Sizin man\u015fetinize nereden geliyor o s\u0131rsa. Bunun s\u0131r olmad\u0131\u011f\u0131n\u0131 s\u00f6yl\u00fcyoruz. 2013 y\u0131l\u0131nda bizim talebimiz ile Uluslararas\u0131 Atom Enerjisi<a href=\"https:\/\/www.enerjigazetesi.ist\/wp-content\/uploads\/2015\/06\/yildizdan-akkuyu-santralinin-uaea-raporuna-iliskin-haberlere-tepki.jpg\"><img loading=\"lazy\" class=\"alignleft wp-image-39797 size-medium\" src=\"https:\/\/www.enerjigazetesi.ist\/wp-content\/uploads\/2015\/06\/yildizdan-akkuyu-santralinin-uaea-raporuna-iliskin-haberlere-tepki-300x175.jpg\" alt=\"yildizdan-akkuyu-santralinin-uaea-raporuna-iliskin-haberlere-tepki\" width=\"300\" height=\"175\" srcset=\"https:\/\/www.enerjigazetesi.ist\/wp-content\/uploads\/2015\/06\/yildizdan-akkuyu-santralinin-uaea-raporuna-iliskin-haberlere-tepki-300x175.jpg 300w, https:\/\/www.enerjigazetesi.ist\/wp-content\/uploads\/2015\/06\/yildizdan-akkuyu-santralinin-uaea-raporuna-iliskin-haberlere-tepki-500x291.jpg 500w, https:\/\/www.enerjigazetesi.ist\/wp-content\/uploads\/2015\/06\/yildizdan-akkuyu-santralinin-uaea-raporuna-iliskin-haberlere-tepki-80x46.jpg 80w, https:\/\/www.enerjigazetesi.ist\/wp-content\/uploads\/2015\/06\/yildizdan-akkuyu-santralinin-uaea-raporuna-iliskin-haberlere-tepki.jpg 860w\" sizes=\"(max-width: 300px) 100vw, 300px\" \/><\/a> Ajans\u0131\u2019na ba\u015flat\u0131lan ve tavsiyeleri, \u00f6nerileri nedir T\u00fcrkiye i\u00e7in dedi\u011fimizde \u00e7\u00fcnk\u00fc biz bir n\u00fckleer ser\u00fcvene giriyoruz.<\/p>\n<p style=\"color: #000000;\">Bu konuda \u00f6nerileriniz nedir diye soruyoruz. Bu raporlan\u0131yor. Raporda, bizim kanuni baz\u0131 d\u00fczenlemeler yapmam\u0131z gerekiyor. Evet yapt\u0131k. \u015eu anda meclise de g\u00f6nderdik. Meclisin son 3-4 aydaki performans\u0131n\u0131, muhalefetin yerlere yatt\u0131\u011f\u0131n\u0131 ve y\u00fcz\u00fcne baz\u0131 maskeler takt\u0131\u011f\u0131 bir ortamda biz bunlar\u0131 g\u00f6r\u00fc\u015f\u00fcyoruz. Genel m\u00fcd\u00fcrl\u00fckler ile bir tak\u0131m baz\u0131 d\u00fczenlemeler yap\u0131n deniliyor. Tavsiyemiz budur deniyor. Biz do\u011fru diyoruz. TA\u0130K\u2019in \u00f6zerk hale getirilmesi gerekti\u011fi deniliyor.<\/p>\n<p style=\"color: #000000;\">TA\u0130K \u015fuanda Enerji Bakanl\u0131\u011f\u0131\u2019na ba\u011fl\u0131d\u0131r. Biz g\u00f6nderdi\u011fimiz kanun tasar\u0131s\u0131nda Ba\u015fbakanl\u0131kta bunlar g\u00f6r\u00fc\u015f\u00fcl\u00fcyor. Bunun Enerji Bakanl\u0131\u011f\u0131\u2019ndan \u00e7\u0131kar\u0131lmas\u0131n\u0131, Enerji Bakanl\u0131\u011f\u0131\u2019na ba\u011fl\u0131 olan yap\u0131n\u0131n farkl\u0131l\u0131kla\u015ft\u0131r\u0131lmas\u0131n\u0131 istedik. \u00c7ED\u2019le alakal\u0131 bir s\u00fcre\u00e7ten bahsediliyor. Bu g\u00fcncelli\u011fini de yitirmi\u015f bir rapordur. 2014\u2019\u00fcn \u015eubat ay\u0131nda tamamlanan ve ondan sonra \u00c7ED al\u0131nmas\u0131 laz\u0131m deniliyor. Zaten \u00c7ED al\u0131nd\u0131. O y\u00fczden b\u00fct\u00fcn bilinen bu konular\u0131 bir gizem i\u00e7erisinde bir s\u0131rm\u0131\u015f gibi sunmaya \u00e7al\u0131\u015fmak, bence gazetenin kendine PR yapmas\u0131n\u0131n yan\u0131nda art\u0131k bir alg\u0131 operasyonunun par\u00e7as\u0131 haline getirmek anlam\u0131na geliyor. Orada 2-3 tane temel konu var. N\u00fckleer at\u0131klar nerede olacak deniliyor. Biz bunu internette yay\u0131nlad\u0131k.<\/p>\n<p style=\"color: #000000;\">Uluslararas\u0131 h\u00fck\u00fcmetler aras\u0131 anla\u015fmalar\u0131m\u0131z da ve ev sahipli\u011fi anla\u015fmalar\u0131nda n\u00fckleer at\u0131klar\u0131 Rusya\u2019ya g\u00f6nderilir deniyor. Bunun herhangi bir s\u0131rr\u0131 yok ki. Bu da aram\u0131za kals\u0131n 78 milyon ki\u015fi duydu. Bunu belki 10\u2019uncu kez s\u00f6yl\u00fcyorum. Bug\u00fcn gazete bunu man\u015fet olarak \u2018ben bir s\u0131r yakalad\u0131m\u2019 olarak s\u00f6ylemesini ciddi bir kay\u0131p olarak g\u00f6r\u00fcyorum. Onun haricinde \u00f6zellikle herhangi bir kaza an\u0131nda sorumluluk i\u015fletene aittir. Bu da yine ayn\u0131 \u015fekilde h\u00fck\u00fcmetler aras\u0131 anla\u015fmada, yaz\u0131yor ve TBMM\u2019nin onay\u0131ndan ge\u00e7ti. 550 tane milletvekilimiz onu ald\u0131, okudu ve ondan sonra internette yay\u0131nland\u0131. Bunu yaln\u0131zca T\u00fcrkiye\u2019de ki gazeteler de\u011fil, Afrika\u2019da ki birinin de elde etme imkan\u0131 var. Bunlarda bizim a\u00e7\u0131m\u0131zdan herhangi bir s\u0131r de\u011fil. Olu\u015fturulmaya \u00e7al\u0131\u015f\u0131lan alg\u0131 operasyonlar\u0131 AK Parti\u2019nin gizli ve gizemli bir i\u015f yapt\u0131\u011f\u0131 \u00fczerine kurgulamad\u0131r. Bizim her i\u015fimiz a\u00e7\u0131k, net, \u015feffaf ve biz g\u00fcc\u00fcm\u00fcz\u00fc \u015feffafl\u0131ktan alan bir partiyiz. Bir \u00f6nce ki se\u00e7imler de biz n\u00fckleer g\u00fc\u00e7 santral kuraca\u011f\u0131z diye y\u00fcze 50\u2019liler civar\u0131nda oy ald\u0131k.\u201d<\/p>\n<p style=\"color: #000000;\">Kaynak: Enerji Enstit\u00fcs\u00fc<\/p>\n<p><\/p>","protected":false},"excerpt":{"rendered":"<p>Sorry, this entry is only available in Turkish. For the sake of viewer convenience, the content is shown below in the alternative language. You may click the link to switch the active language. Enerji ve Tabii Kayaklar Bakan\u0131 Taner Y\u0131ld\u0131z, bug\u00fcn H\u00fcrriyet\u2019in\u00a0Uluslararas\u0131 Atom Enerjisi Ajans\u0131 ile ilgili haberine ili\u015fkin olarak, \u015funlar\u0131 s\u00f6yledi: \u201c\u00d6zellikle se\u00e7im \u00f6ncesinde [&hellip;]<\/p>\n","protected":false},"author":1,"featured_media":39797,"comment_status":"open","ping_status":"open","sticky":false,"template":"","format":"standard","meta":[],"categories":[53,43],"tags":[4403,710,5465,63,963,67,1009,2698,165,71,21,88,23172,667,2805,23173,6374],"views":645,"_links":{"self":[{"href":"https:\/\/www.enerjigazetesi.ist\/en\/wp-json\/wp\/v2\/posts\/39796"}],"collection":[{"href":"https:\/\/www.enerjigazetesi.ist\/en\/wp-json\/wp\/v2\/posts"}],"about":[{"href":"https:\/\/www.enerjigazetesi.ist\/en\/wp-json\/wp\/v2\/types\/post"}],"author":[{"embeddable":true,"href":"https:\/\/www.enerjigazetesi.ist\/en\/wp-json\/wp\/v2\/users\/1"}],"replies":[{"embeddable":true,"href":"https:\/\/www.enerjigazetesi.ist\/en\/wp-json\/wp\/v2\/comments?post=39796"}],"version-history":[{"count":1,"href":"https:\/\/www.enerjigazetesi.ist\/en\/wp-json\/wp\/v2\/posts\/39796\/revisions"}],"predecessor-version":[{"id":39798,"href":"https:\/\/www.enerjigazetesi.ist\/en\/wp-json\/wp\/v2\/posts\/39796\/revisions\/39798"}],"wp:featuredmedia":[{"embeddable":true,"href":"https:\/\/www.enerjigazetesi.ist\/en\/wp-json\/wp\/v2\/media\/39797"}],"wp:attachment":[{"href":"https:\/\/www.enerjigazetesi.ist\/en\/wp-json\/wp\/v2\/media?parent=39796"}],"wp:term":[{"taxonomy":"category","embeddable":true,"href":"https:\/\/www.enerjigazetesi.ist\/en\/wp-json\/wp\/v2\/categories?post=39796"},{"taxonomy":"post_tag","embeddable":true,"href":"https:\/\/www.enerjigazetesi.ist\/en\/wp-json\/wp\/v2\/tags?post=39796"}],"curies":[{"name":"wp","href":"https:\/\/api.w.org\/{rel}","templated":true}]}}