{"id":39792,"date":"2015-06-01T15:02:10","date_gmt":"2015-06-01T12:02:10","guid":{"rendered":"https:\/\/www.enerjigazetesi.ist\/?p=39792"},"modified":"2015-06-01T15:04:11","modified_gmt":"2015-06-01T12:04:11","slug":"yalitim-kis-aylarinda-oldugu-gibi-yaz-aylarinda-da-enerji-tasarrufu-sagliyor","status":"publish","type":"post","link":"https:\/\/www.enerjigazetesi.ist\/en\/yalitim-kis-aylarinda-oldugu-gibi-yaz-aylarinda-da-enerji-tasarrufu-sagliyor\/","title":{"rendered":"(Turkish) Yal\u0131t\u0131m K\u0131\u015f Aylar\u0131nda Oldu\u011fu Gibi Yaz Aylar\u0131nda da Enerji Tasarrufu Sa\u011fl\u0131yor&#8230;"},"content":{"rendered":"<p class=\"qtranxs-available-languages-message qtranxs-available-languages-message-en\">Sorry, this entry is only available in <a href=\"https:\/\/www.enerjigazetesi.ist\/tr\/wp-json\/wp\/v2\/posts\/39792\" class=\"qtranxs-available-language-link qtranxs-available-language-link-tr\" title=\"Turkish\">Turkish<\/a>. For the sake of viewer convenience, the content is shown below in the alternative language. You may click the link to switch the active language.<\/p><p><strong>\u0130n\u015faat ve yal\u0131t\u0131m sekt\u00f6r\u00fcnde lider markalar\u0131n \u00fcreticisi Eryap Grup, 5 Haziran \u00c7evre G\u00fcn\u00fc\u2019nde s\u00fcrd\u00fcr\u00fclebilir bir gelecek i\u00e7in; ya\u015fanan iklim de\u011fi\u015fiklikleriyle birlikte \u00f6nemi iyice anla\u015f\u0131lan \u0131s\u0131 yal\u0131t\u0131m\u0131 konusunun sadece so\u011fuk g\u00fcnler i\u00e7in de\u011fil, s\u0131cak g\u00fcnler i\u00e7in de gerekli oldu\u011funa dikkat \u00e7ekti.<\/strong><\/p>\n<p>T\u00fcrkiye\u2019de enerjinin y\u00fczde 40\u2019\u0131n\u0131n konutlarda kullan\u0131ld\u0131\u011f\u0131n\u0131 ve bu enerjinin y\u00fczde 85\u2019inin \u0131s\u0131nma ve s<a href=\"https:\/\/www.enerjigazetesi.ist\/wp-content\/uploads\/2015\/06\/yalitim-yaz-aylarinda-da-enerji-tasarrufu-sagliyor.jpg\"><img loading=\"lazy\" class=\"alignright size-medium wp-image-39793\" src=\"https:\/\/www.enerjigazetesi.ist\/wp-content\/uploads\/2015\/06\/yalitim-yaz-aylarinda-da-enerji-tasarrufu-sagliyor-300x206.jpg\" alt=\"yalitim-yaz-aylarinda-da-enerji-tasarrufu-sagliyor\" width=\"300\" height=\"206\" srcset=\"https:\/\/www.enerjigazetesi.ist\/wp-content\/uploads\/2015\/06\/yalitim-yaz-aylarinda-da-enerji-tasarrufu-sagliyor-300x206.jpg 300w, https:\/\/www.enerjigazetesi.ist\/wp-content\/uploads\/2015\/06\/yalitim-yaz-aylarinda-da-enerji-tasarrufu-sagliyor-500x343.jpg 500w, https:\/\/www.enerjigazetesi.ist\/wp-content\/uploads\/2015\/06\/yalitim-yaz-aylarinda-da-enerji-tasarrufu-sagliyor-72x50.jpg 72w, https:\/\/www.enerjigazetesi.ist\/wp-content\/uploads\/2015\/06\/yalitim-yaz-aylarinda-da-enerji-tasarrufu-sagliyor.jpg 900w\" sizes=\"(max-width: 300px) 100vw, 300px\" \/><\/a>o\u011futma i\u00e7in harcand\u0131\u011f\u0131n\u0131 an\u0131msatan Eryap Grup CEO\u2019su Emrullah Eruslu, d\u00fcnyada k\u00fcresel \u0131s\u0131nmaya ba\u011fl\u0131 2 derecelik bir s\u0131cakl\u0131k art\u0131\u015f\u0131 oldu\u011funu, bunun da yaz aylar\u0131nda giderek artan enerji t\u00fcketimine neden olaca\u011f\u0131n\u0131 belirterek, \u201cT\u00fcrkiye&#8217;nin enerji talebi 2014&#8217;te y\u00fczde 4 artt\u0131. Bunda ya\u015fanan so\u011fuklar\u0131n etkisi oldu\u011fu kadar s\u0131caklarda kullan\u0131lan so\u011futma sistemlerinin de etkisi var.<\/p>\n<p>\u00dclkemizde son y\u0131llarda yaz aylar\u0131nda giderek artan bir enerji t\u00fcketimi s\u00f6z konusu. Bir binan\u0131n so\u011futulmas\u0131 i\u00e7in harcanan enerji, \u0131s\u0131t\u0131lmas\u0131 i\u00e7in harcanan enerjiden daha fazlad\u0131r. Ayn\u0131 zamanda s\u0131cak iklim b\u00f6lgelerinde, so\u011fuk iklim b\u00f6lgelerine k\u0131yasla \u0131s\u0131 yal\u0131t\u0131m ihtiyac\u0131 daha fazla olmaktad\u0131r. Enerji Bakanl\u0131\u011f\u0131 yetkililerine g\u00f6re s\u0131cak olan yaz aylar\u0131nda bir derecelik s\u0131cakl\u0131k art\u0131\u015f\u0131, elektrik t\u00fcketimi 2 bin megavat art\u0131rmaktad\u0131r.<\/p>\n<p>Bu noktada; enerji maliyetlerini d\u00fc\u015f\u00fcrmenin ve cari a\u00e7\u0131\u011f\u0131 azaltabilmenin tek ko\u015fulu yal\u0131t\u0131m\u0131n yang\u0131nla\u015ft\u0131r\u0131lmas\u0131. \u015eu anda T\u00fcrkiye\u2019de 16 milyon bina yal\u0131t\u0131ms\u0131z. Bu binalar \u0131s\u0131tma ve so\u011futma i\u00e7in iki kat daha fazla harcama yap\u0131yor ve y\u0131lda ortalama 10 milyar dolar enerji harcamas\u0131 yaln\u0131zca bu yal\u0131t\u0131ms\u0131z binalar\u0131n kulland\u0131\u011f\u0131 fazla enerjiden kaynaklan\u0131yor.\u201d dedi.<\/p>\n<p>Eruslu, \u201cHem do\u011faya hem de \u00fclke ekonomisine katk\u0131 sa\u011flamak standartlara uygun \u0131s\u0131 yal\u0131t\u0131m\u0131 yapt\u0131rarak m\u00fcmk\u00fcn. CE Belgeli markalar se\u00e7ildi\u011finde ve do\u011fru i\u015f\u00e7iliklerle uyguland\u0131\u011f\u0131nda kullan\u0131lan \u00fcr\u00fcnler bina \u00f6mr\u00fc boyunca ba\u015flang\u0131\u00e7taki \u0131s\u0131 yal\u0131t\u0131m\u0131 performans\u0131n\u0131 hi\u00e7 kaybetmeden koruyabilirler. K\u00fcresel iklim de\u011fi\u015fikliklerinin ya\u015fand\u0131\u011f\u0131 g\u00fcn\u00fcm\u00fczde \u0131s\u0131 yal\u0131t\u0131m\u0131 konusunda daha bilin\u00e7li hareket etmeliyiz.\u201d diye konu\u015ftu.<\/p>\n<p>Yay\u0131nc\u0131: <a href=\"https:\/\/www.enerjigazetesi.ist\" target=\"_blank\">Enerji Gazetesi<\/a><\/p>","protected":false},"excerpt":{"rendered":"<p>Sorry, this entry is only available in Turkish. For the sake of viewer convenience, the content is shown below in the alternative language. You may click the link to switch the active language.\u0130n\u015faat ve yal\u0131t\u0131m sekt\u00f6r\u00fcnde lider markalar\u0131n \u00fcreticisi Eryap Grup, 5 Haziran \u00c7evre G\u00fcn\u00fc\u2019nde s\u00fcrd\u00fcr\u00fclebilir bir gelecek i\u00e7in; ya\u015fanan iklim de\u011fi\u015fiklikleriyle birlikte \u00f6nemi iyice [&hellip;]<\/p>\n","protected":false},"author":1,"featured_media":39793,"comment_status":"open","ping_status":"open","sticky":false,"template":"","format":"standard","meta":[],"categories":[53,52],"tags":[23169,23170,23168,4292,5738,63,67,1009,2698,165,103,768,12,23167,1999,132,380,6565,210,793,23171],"views":1287,"_links":{"self":[{"href":"https:\/\/www.enerjigazetesi.ist\/en\/wp-json\/wp\/v2\/posts\/39792"}],"collection":[{"href":"https:\/\/www.enerjigazetesi.ist\/en\/wp-json\/wp\/v2\/posts"}],"about":[{"href":"https:\/\/www.enerjigazetesi.ist\/en\/wp-json\/wp\/v2\/types\/post"}],"author":[{"embeddable":true,"href":"https:\/\/www.enerjigazetesi.ist\/en\/wp-json\/wp\/v2\/users\/1"}],"replies":[{"embeddable":true,"href":"https:\/\/www.enerjigazetesi.ist\/en\/wp-json\/wp\/v2\/comments?post=39792"}],"version-history":[{"count":2,"href":"https:\/\/www.enerjigazetesi.ist\/en\/wp-json\/wp\/v2\/posts\/39792\/revisions"}],"predecessor-version":[{"id":39795,"href":"https:\/\/www.enerjigazetesi.ist\/en\/wp-json\/wp\/v2\/posts\/39792\/revisions\/39795"}],"wp:featuredmedia":[{"embeddable":true,"href":"https:\/\/www.enerjigazetesi.ist\/en\/wp-json\/wp\/v2\/media\/39793"}],"wp:attachment":[{"href":"https:\/\/www.enerjigazetesi.ist\/en\/wp-json\/wp\/v2\/media?parent=39792"}],"wp:term":[{"taxonomy":"category","embeddable":true,"href":"https:\/\/www.enerjigazetesi.ist\/en\/wp-json\/wp\/v2\/categories?post=39792"},{"taxonomy":"post_tag","embeddable":true,"href":"https:\/\/www.enerjigazetesi.ist\/en\/wp-json\/wp\/v2\/tags?post=39792"}],"curies":[{"name":"wp","href":"https:\/\/api.w.org\/{rel}","templated":true}]}}