{"id":39770,"date":"2015-06-01T14:16:02","date_gmt":"2015-06-01T11:16:02","guid":{"rendered":"https:\/\/www.enerjigazetesi.ist\/?p=39770"},"modified":"2015-06-01T14:16:54","modified_gmt":"2015-06-01T11:16:54","slug":"dagitim-sirketleri-lisanssiz-elektrikte-yolsuzluk-yapti-iddiasi","status":"publish","type":"post","link":"https:\/\/www.enerjigazetesi.ist\/en\/dagitim-sirketleri-lisanssiz-elektrikte-yolsuzluk-yapti-iddiasi\/","title":{"rendered":"(Turkish) Da\u011f\u0131t\u0131m \u015eirketleri Lisanss\u0131z Elektrikte Yolsuzluk Yapt\u0131 \u0130ddias\u0131&#8230;"},"content":{"rendered":"<p class=\"qtranxs-available-languages-message qtranxs-available-languages-message-en\">Sorry, this entry is only available in <a href=\"https:\/\/www.enerjigazetesi.ist\/tr\/wp-json\/wp\/v2\/posts\/39770\" class=\"qtranxs-available-language-link qtranxs-available-language-link-tr\" title=\"Turkish\">Turkish<\/a>. For the sake of viewer convenience, the content is shown below in the alternative language. You may click the link to switch the active language.<\/p><p><\/p>\n<p style=\"color: #000000;\"><strong>Vatanda\u015f\u0131n elektri\u011fi kendi \u00fcretmesine imk\u00e2n tan\u0131yan lisanss\u0131z elektrik \u00fcretiminde da\u011f\u0131t\u0131m \u015firketlerinden trafo kapasitesinin m\u00fcsait oldu\u011funa dair onay al\u0131nmas\u0131 gerekiyor. Ancak H\u00fcrriyet\u2019ten Merve Erdil\u2019in haberine g\u00f6re, baz\u0131 da\u011f\u0131t\u0131m \u015firketlerinin bu kapasiteyi kurduklar\u0131 yan \u015firketler \u00fczerinden kapatt\u0131\u011f\u0131 ortaya \u00e7\u0131kt\u0131.<span id=\"more-71871\"><\/span>\u00a0\u015eik\u00e2yetler yo\u011funla\u015f\u0131nca, TEDA\u015e soru\u015fturma ba\u015flatt\u0131.<\/strong><\/p>\n<p style=\"color: #000000;\">Elektrik \u00fcretiminde 1 megavata (MW) kadar \u00fcretim i\u00e7in lisans almaya gerek yok. G\u00fcne\u015f, r\u00fczg\u00e2r, su gibi yer<a href=\"https:\/\/www.enerjigazetesi.ist\/wp-content\/uploads\/2015\/06\/dagitim-sirketleri-lisanssiz-elektrikte-yolsuzluk-yapti-iddiasi.jpg\"><img loading=\"lazy\" class=\"alignleft wp-image-39771 size-medium\" src=\"https:\/\/www.enerjigazetesi.ist\/wp-content\/uploads\/2015\/06\/dagitim-sirketleri-lisanssiz-elektrikte-yolsuzluk-yapti-iddiasi-300x127.jpg\" alt=\"dagitim-sirketleri-lisanssiz-elektrikte-yolsuzluk-yapti-iddiasi\" width=\"300\" height=\"127\" srcset=\"https:\/\/www.enerjigazetesi.ist\/wp-content\/uploads\/2015\/06\/dagitim-sirketleri-lisanssiz-elektrikte-yolsuzluk-yapti-iddiasi-300x127.jpg 300w, https:\/\/www.enerjigazetesi.ist\/wp-content\/uploads\/2015\/06\/dagitim-sirketleri-lisanssiz-elektrikte-yolsuzluk-yapti-iddiasi-500x213.jpg 500w, https:\/\/www.enerjigazetesi.ist\/wp-content\/uploads\/2015\/06\/dagitim-sirketleri-lisanssiz-elektrikte-yolsuzluk-yapti-iddiasi-80x34.jpg 80w, https:\/\/www.enerjigazetesi.ist\/wp-content\/uploads\/2015\/06\/dagitim-sirketleri-lisanssiz-elektrikte-yolsuzluk-yapti-iddiasi.jpg 870w\" sizes=\"(max-width: 300px) 100vw, 300px\" \/><\/a>li enerji kaynaklar\u0131ndan \u00f6ncelikle kendi elektrik ihtiyac\u0131n\u0131 kar\u015f\u0131lamak i\u00e7in geli\u015ftirilen lisanss\u0131z elektrik \u00fcretimi d\u00fczenlemeleri, ilk ba\u015fta \u2018\u00f6z t\u00fcketim\u2019 (t\u00fcketicinin kendi elektri\u011fini \u00fcretmesi) i\u00e7in d\u00fc\u015f\u00fcn\u00fclm\u00fc\u015ft\u00fc. Ancak daha sonra \u00f6z t\u00fcketim zorunlulu\u011funun kanundan \u00e7\u0131kmas\u0131yla, lisanss\u0131z elektrik \u00fcretimi ticaret yap\u0131labilen bir alan olarak ortaya \u00e7\u0131kt\u0131. Yat\u0131r\u0131mc\u0131lar da 1 MW\u2019l\u0131k santrali kurarak, \u00fcretti\u011fi elektri\u011fi devlete satma pe\u015fine d\u00fc\u015ft\u00fc. Son d\u00f6nemde lisanss\u0131z elektrik pazar\u0131nda, 1 MW\u2019l\u0131k proje ba\u015fvurular\u0131 i\u00e7in da\u011f\u0131t\u0131m \u015firketlerinden al\u0131nan izinlerde s\u0131k\u0131nt\u0131lar ya\u015fand\u0131\u011f\u0131 konu\u015fuluyor. Sekt\u00f6rden edindi\u011fimiz duyumlara g\u00f6re, baz\u0131 da\u011f\u0131t\u0131m \u015firketleri kurduklar\u0131 yan \u015firketler \u00fczerinden \u015febeke kapasitelerini kendileri kapat\u0131yor. Ya da \u015febekeye ba\u011flanma izinleri verilirken, adil davran\u0131lm\u0131yor. TEDA\u015e\u2019\u0131n gelen \u015fik\u00e2yetler \u00fczerine bir elektrik da\u011f\u0131t\u0131m b\u00f6lgesinde inceleme ba\u015flatt\u0131\u011f\u0131 ve y\u00f6netmeli\u011fin de\u011fi\u015fmek \u00fczere oldu\u011funu \u00f6\u011frendik.<\/p>\n<p style=\"color: #000000;\"><strong>\u00d6ZEL \u015e\u0130RKETLE KAPAS\u0130TE KAPATIYOR<\/strong><\/p>\n<p style=\"color: #000000;\">Yenilenebilir enerjide iki yat\u0131r\u0131m alan\u0131 var: Lisansl\u0131 ve lisanss\u0131z yat\u0131r\u0131mlar. Lisanss\u0131z yat\u0131r\u0131mlarda, lisans alma y\u00fck\u00fcml\u00fcl\u00fc\u011f\u00fc olmaks\u0131z\u0131n 1 MW\u2019a kadar elektrik tesisi kurabiliyor. \u00dcretilen enerjinin fazlas\u0131 da devlete sat\u0131labiliyor. T\u00fcrkiye\u2019nin g\u00fcne\u015f ve r\u00fczg\u00e2rdaki y\u00fcksek potansiyeli nedeniyle uzun y\u0131llard\u0131r s\u0131\u00e7rama yapmas\u0131 beklenen lisanss\u0131z elektrik pazar\u0131 halen beklenen h\u0131zda b\u00fcy\u00fcme kaydedemedi. Yat\u0131r\u0131mc\u0131lar bunun ba\u015fl\u0131ca nedeninin uzun ve yorucu ba\u015fvuru s\u00fcreleri ve b\u00fcrokratik engeller oldu\u011funu savunuyor. Ancak edindi\u011fimiz son duyumlara g\u00f6re, baz\u0131 b\u00f6lgelerde da\u011f\u0131t\u0131m \u015firketleriyle de s\u0131k\u0131nt\u0131lar ya\u015fan\u0131yor. Bir lisanss\u0131z elektrik sekt\u00f6r\u00fc temsilcisi, \u015funlar\u0131 anlat\u0131yor: \u201c\u015eu anda elektrik da\u011f\u0131t\u0131m \u015firketlerinin bir k\u0131sm\u0131, kendileri de lisanss\u0131z elektrik \u00fcretiminden faydalanmak \u00fczere tesisler kurdular.<\/p>\n<p style=\"color: #000000;\">Kurmaya da devam ediyorlar. Da\u011f\u0131t\u0131m \u015firketleri SPV (\u00f6zel ama\u00e7l\u0131 \u015firket) kurarak, arazi al\u0131p bu \u015firketler \u00fczerinden trafo kapasitelerini ald\u0131lar. Bir da\u011f\u0131t\u0131m \u015firketinin y\u00f6netim kurulu \u00fcyeleri kendi adlar\u0131na lisanss\u0131z elektrik ba\u015fvurusunda bulunup, oradaki trafo da\u011f\u0131t\u0131m merkezindeki \u00f6nceli\u011fi al\u0131yor. Bu \u015fik\u00e2yetler baz\u0131 b\u00f6lgelerde yo\u011funla\u015f\u0131yor. Kimi da\u011f\u0131t\u0131m \u015firketlerinde ise i\u00e7erideki personelin y\u00f6netmelik uygulamalar\u0131 d\u0131\u015f\u0131nda hareket ederek, \u015fahsi \u00e7\u0131kar sa\u011flamak i\u00e7in ba\u015fka \u015firketlerle yapt\u0131klar\u0131 i\u015fler var. Bir yat\u0131r\u0131mc\u0131ya yok denilen kapasitenin ertesi ay bir ba\u015fkas\u0131na verildi\u011fi ortaya \u00e7\u0131kabiliyor. \u2018Kapasite dolu\u2019 diye ilk ba\u015fvuru yapana ret veriyor ama ba\u015fkas\u0131n\u0131n oraya ba\u015fvuru yapmas\u0131na destek oluyor. \u0130zin hakk\u0131 yani \u00e7a\u011fr\u0131 mektubu \u00e7antac\u0131l\u0131\u011f\u0131 yap\u0131l\u0131yor. Ba\u015fkas\u0131n\u0131n projesini \u00e7antac\u0131 olarak satmaya \u00e7al\u0131\u015f\u0131yorlar.\u201d<\/p>\n<p style=\"color: #000000;\"><strong>8 B\u0130N BA\u015eVURU, 200 PROJE<\/strong><\/p>\n<p style=\"color: #000000;\">Da\u011f\u0131t\u0131m \u015firketlerinin trafo kapasitesinde 2 MW\u2019\u0131 ge\u00e7en durumlarda TE\u0130A\u015e\u2019a sormas\u0131 ve gelen cevaba g\u00f6re onay veya ret vermesi gerekti\u011fine i\u015faret eden sekt\u00f6r temsilcisi, \u201cDa\u011f\u0131t\u0131m \u015firketi TE\u0130A\u015e\u2019a g\u00f6r\u00fc\u015f sormuyor, \u2018Kapasite yok\u2019 diyerek ret veriyor. Sizden sonra gelen bir ba\u015fka ba\u015fvuruyu TE\u0130A\u015e\u2019a soruyor ve kapasite tahsis ediyor\u201d diyor. \u201cBuradaki k\u0131stas nedir\u201d diye sordu\u011fumuzda, \u201cMaalesef pek \u00e7ok yerde lisans\u0131zla ilgili komisyonda karar veren yetkililerin, baz\u0131 ki\u015fi ve \u015firketlerle i\u015fbirli\u011fi i\u00e7erisinde \u00e7\u0131kar sa\u011flad\u0131klar\u0131n\u0131 duymaya ba\u015flad\u0131k. Bu nedenledir ki TEDA\u015e bir soru\u015fturma ba\u015flatt\u0131. Benzer s\u0131k\u0131nt\u0131lar nedeniyle bir da\u011f\u0131t\u0131m \u015firketindeki t\u00fcm ekibin de\u011fi\u015fti\u011fini biliyoruz. Baz\u0131 \u015firketlere haks\u0131z f\u0131rsat sa\u011fland\u0131\u011f\u0131 ortaya \u00e7\u0131kt\u0131. \u015eimdi lisanss\u0131z elektrik \u00fcretimi y\u00f6netmeli\u011fi de de\u011fi\u015fiyor. Bundan sonra her da\u011f\u0131t\u0131m b\u00f6lgesinde ayl\u0131k toplanan lisanss\u0131z elektrik \u00fcretim ba\u015fvuru komisyonlar\u0131na TEDA\u015e birer temsilci verecek\u201d diyor.<\/p>\n<h2 style=\"color: #232323;\">Y\u00f6netmelik de\u011fi\u015fiyor<\/h2>\n<p style=\"color: #000000;\">Lisanss\u0131z elektrik \u00fcretimi y\u00f6netmeli\u011finin de\u011fi\u015fece\u011fini kaydeden TEDA\u015e yetkilisi de \u201cBu de\u011fi\u015fiklik \u015fu an taslak a\u015famas\u0131nda. Art\u0131k da\u011f\u0131t\u0131m \u015firketleri komisyon marifetiyle \u015febekeye ba\u011flant\u0131 g\u00f6r\u00fc\u015f\u00fc verecekler ve o komisyona TEDA\u015e olarak biz de \u00fcye verece\u011fiz. 21 da\u011f\u0131t\u0131m b\u00f6lgesinde de farkl\u0131 karar almas\u0131n\u0131 ba\u015flang\u0131\u00e7ta \u00f6nlemek i\u00e7in TEDA\u015e yetkilisi olacak\u201d diyor.<\/p>\n<h2 style=\"color: #232323;\">TEDA\u015e: \u0130nceleme ba\u015flatt\u0131k<\/h2>\n<p style=\"color: #000000;\">\u00dcst d\u00fczey bir TEDA\u015e yetkilisi, da\u011f\u0131t\u0131m \u015firketlerine y\u00f6nelik inceleme ba\u015flatt\u0131klar\u0131n\u0131 do\u011frulayarak, \u201cBu \u015fik\u00e2yetler Bakanl\u0131k, EPDK ve bize de geliyordu. Enerji Bakanl\u0131\u011f\u0131 TEDA\u015e\u2019a denetim yetkisi verdi. Denetim yetkisi kapsam\u0131nda \u015fik\u00e2yetlerin yo\u011fun geldi\u011fi yerden ba\u015flad\u0131k. \u015eu an bir b\u00f6lgede inceleme yap\u0131yoruz. \u0130nceleme neticesine g\u00f6re di\u011fer b\u00f6lgelere ge\u00e7ece\u011fiz. D\u00f6rt-be\u015f ki\u015filik bir ekip g\u00f6nderdik, verilmi\u015f ba\u011flant\u0131 g\u00f6r\u00fc\u015flerini inceliyoruz. \u00c7al\u0131\u015fmalar sonu\u00e7lanmak \u00fczere\u201d diyor. Gelen ortak \u015fik\u00e2yetlerin ne oldu\u011fu sorusuna \u201cBiri da\u011f\u0131t\u0131m \u015firketlerinin ba\u011flant\u0131 izinlerini kendi yan \u015firketlerine verdi\u011fi konusu, di\u011feri de hakk\u0131 oldu\u011fu halde birine ret verilip bir ba\u015fka \u015firkete ba\u011flant\u0131 g\u00f6r\u00fc\u015f\u00fc onay\u0131 verilmesiydi\u201d yan\u0131t\u0131n\u0131 veriyor.<\/p>\n<p style=\"color: #000000;\">Haberin Devam\u0131 i\u00e7in\u00a0<a style=\"color: #c75615;\" href=\"http:\/\/www.hurriyet.com.tr\/ekonomi\/29153736.asp?noMobile=true\" target=\"_blank\" rel=\"nofollow\">T\u0131klay\u0131n\u0131z&gt;&gt;&gt;<\/a><\/p>\n<p style=\"color: #000000;\">Kaynak: H\u00fcrriyet<\/p>\n<p><\/p>","protected":false},"excerpt":{"rendered":"<p>Sorry, this entry is only available in Turkish. For the sake of viewer convenience, the content is shown below in the alternative language. You may click the link to switch the active language. Vatanda\u015f\u0131n elektri\u011fi kendi \u00fcretmesine imk\u00e2n tan\u0131yan lisanss\u0131z elektrik \u00fcretiminde da\u011f\u0131t\u0131m \u015firketlerinden trafo kapasitesinin m\u00fcsait oldu\u011funa dair onay al\u0131nmas\u0131 gerekiyor. Ancak H\u00fcrriyet\u2019ten Merve [&hellip;]<\/p>\n","protected":false},"author":1,"featured_media":39771,"comment_status":"open","ping_status":"open","sticky":false,"template":"","format":"standard","meta":[],"categories":[51,53,49],"tags":[4258,68,1079,19,63,67,1009,2698,165,227,13,3518,12852,2282,69,16,1216,1582,105,22540],"views":855,"_links":{"self":[{"href":"https:\/\/www.enerjigazetesi.ist\/en\/wp-json\/wp\/v2\/posts\/39770"}],"collection":[{"href":"https:\/\/www.enerjigazetesi.ist\/en\/wp-json\/wp\/v2\/posts"}],"about":[{"href":"https:\/\/www.enerjigazetesi.ist\/en\/wp-json\/wp\/v2\/types\/post"}],"author":[{"embeddable":true,"href":"https:\/\/www.enerjigazetesi.ist\/en\/wp-json\/wp\/v2\/users\/1"}],"replies":[{"embeddable":true,"href":"https:\/\/www.enerjigazetesi.ist\/en\/wp-json\/wp\/v2\/comments?post=39770"}],"version-history":[{"count":1,"href":"https:\/\/www.enerjigazetesi.ist\/en\/wp-json\/wp\/v2\/posts\/39770\/revisions"}],"predecessor-version":[{"id":39772,"href":"https:\/\/www.enerjigazetesi.ist\/en\/wp-json\/wp\/v2\/posts\/39770\/revisions\/39772"}],"wp:featuredmedia":[{"embeddable":true,"href":"https:\/\/www.enerjigazetesi.ist\/en\/wp-json\/wp\/v2\/media\/39771"}],"wp:attachment":[{"href":"https:\/\/www.enerjigazetesi.ist\/en\/wp-json\/wp\/v2\/media?parent=39770"}],"wp:term":[{"taxonomy":"category","embeddable":true,"href":"https:\/\/www.enerjigazetesi.ist\/en\/wp-json\/wp\/v2\/categories?post=39770"},{"taxonomy":"post_tag","embeddable":true,"href":"https:\/\/www.enerjigazetesi.ist\/en\/wp-json\/wp\/v2\/tags?post=39770"}],"curies":[{"name":"wp","href":"https:\/\/api.w.org\/{rel}","templated":true}]}}