{"id":39764,"date":"2015-05-31T22:24:43","date_gmt":"2015-05-31T19:24:43","guid":{"rendered":"https:\/\/www.enerjigazetesi.ist\/?p=39764"},"modified":"2015-05-31T22:24:43","modified_gmt":"2015-05-31T19:24:43","slug":"totale-4-buyuk-talip","status":"publish","type":"post","link":"https:\/\/www.enerjigazetesi.ist\/en\/totale-4-buyuk-talip\/","title":{"rendered":"(Turkish) TOTAL\u2019e 4 B\u00fcy\u00fck Talip&#8230;"},"content":{"rendered":"<p class=\"qtranxs-available-languages-message qtranxs-available-languages-message-en\">Sorry, this entry is only available in <a href=\"https:\/\/www.enerjigazetesi.ist\/tr\/wp-json\/wp\/v2\/posts\/39764\" class=\"qtranxs-available-language-link qtranxs-available-language-link-tr\" title=\"Turkish\">Turkish<\/a>. For the sake of viewer convenience, the content is shown below in the alternative language. You may click the link to switch the active language.<\/p><p><strong>Enerji Piyasas\u0131 D\u00fczenleme Kurumu (EPDK) Ba\u015fkan\u0131 Mustafa Y\u0131lmaz, akaryak\u0131t \u015firketi TOTAL\u2019i sat\u0131n almak i\u00e7in T\u00fcrkiye\u2019deki 4 \u015firketin talip oldu\u011funu bildirdi.<\/strong><\/p>\n<p>Y\u0131lmaz, TOTAL ile ilgilenenler aras\u0131nda T\u00fcrkiye\u2019nin ikinci b\u00fcy\u00fck akaryak\u0131t \u015firketinin de bulundu\u011fu s\u00f6yledi.<a href=\"https:\/\/www.enerjigazetesi.ist\/wp-content\/uploads\/2015\/05\/totale-4-buyuk-talip.jpg\"><img loading=\"lazy\" class=\"alignright  wp-image-39765\" src=\"https:\/\/www.enerjigazetesi.ist\/wp-content\/uploads\/2015\/05\/totale-4-buyuk-talip.jpg\" alt=\"totale-4-buyuk-talip\" width=\"300\" height=\"238\" \/><\/a><\/p>\n<p>Akaryak\u0131t ve LPG sekt\u00f6r\u00fcnde faaliyet g\u00f6steren ba\u015fka bir b\u00fcy\u00fck grubun da ciddi \u015fekilde TOTAL ile ilgilendi\u011fini anlatan Y\u0131lmaz, \u201c\u015eirkete \u015fu anda 4 \u015firket ciddi \u015fekilde talip, bu da sekt\u00f6r\u00fcn yat\u0131r\u0131m yap\u0131labilirli\u011fini g\u00f6steriyor. E\u011fer bu sekt\u00f6r yat\u0131r\u0131m yap\u0131labilir bir sekt\u00f6r olmasa EPDK\u2019n\u0131n buradaki birtak\u0131m y\u00f6nlendirmeleri olumsuz alg\u0131lanm\u0131\u015f olsa kesinlikle kimse bu piyasaya girmek istemez. \u015eirketler sadece fiyat vermek i\u00e7in de\u011fil ger\u00e7ekten sat\u0131n almak i\u00e7in ilgileniyorlar\u201d diye konu\u015ftu<\/p>\n<p>EPDK\u2019n\u0131n d\u00fczenlemelerinin sekt\u00f6r\u00fc olumsuz etkiledi\u011fine y\u00f6nelik ele\u015ftirilere kat\u0131lmad\u0131\u011f\u0131n\u0131 vurgulayan Y\u0131lmaz, \u201cHer piyasada bunlar olabilir. Karl\u0131 bulmayanlar, iyi y\u00f6netilemeyenler olabilir ancak \u00f6nemli olan, \u00e7\u0131kan \u015firketlerin yerine ka\u00e7 \u015firketin o piyasaya girmek i\u00e7in ba\u015fvurdu\u011fudur\u201d ifadelerini kulland\u0131.<\/p>\n<p><strong>\u2018\u00d6nce kendi efendilerinin saraylar\u0131na baks\u0131nlar\u2019<\/strong><\/p>\n<p>EPDK\u2019n\u0131n in\u015faat\u0131 devam eden yeni binas\u0131na ili\u015fkin baz\u0131 gazetelerde \u201csaray\u201d benzetmesi yap\u0131ld\u0131\u011f\u0131n\u0131n hat\u0131rlat\u0131lmas\u0131 \u00fczerine Y\u0131lmaz, \u201c100 milyar dolardan fazla b\u00fcy\u00fckl\u00fckte bir piyasaya hitap eden bir kurumuz, tabi bunu \u00e7ad\u0131rda yapm\u0131yoruz. O haberi yapanlar\u0131n ve efendilerinin de kimlerin saray\u0131nda nas\u0131l kald\u0131\u011f\u0131n\u0131 \u00e7ok iyi biliyoruz\u201d \u015feklinde konu\u015ftu.<\/p>\n<p>Enerji sekt\u00f6r\u00fcyle birlikte EPDK\u2019n\u0131n da b\u00fcy\u00fcd\u00fc\u011f\u00fcne dikkati \u00e7eken Y\u0131lmaz, piyasay\u0131 takip edebilmek i\u00e7in artan personel say\u0131s\u0131na hitap edebilecek daha b\u00fcy\u00fck bir binan\u0131n TOK\u0130 taraf\u0131ndan yap\u0131ld\u0131\u011f\u0131n\u0131 dile getirerek, \u201cPersonel ba\u015f\u0131na 185 metrekare alan d\u00fc\u015fecek iddias\u0131 kesinlikle yaland\u0131r ayr\u0131ca yap\u0131lmakta olan bina bir kamu binas\u0131d\u0131r\u201d dedi.<\/p>\n<p>Y\u0131lmaz, \u015fu anda kulland\u0131klar\u0131 binan\u0131n kiral\u0131k oldu\u011funu ve yetersiz kald\u0131\u011f\u0131n\u0131 belirterek, \u201cDevletimizin bir emlak politikas\u0131 var, bu haberlerin sahipleri \u00f6nce kendi efendilerinin saraylar\u0131na baks\u0131nlar\u201d diye konu\u015ftu.<\/p>\n<p><strong>\u2018WFER\u2019e kat\u0131l\u0131m enerjide T\u00fcrkiye\u2019nin jeopolitik \u00f6nemini g\u00f6steriyor\u2019<\/strong><\/p>\n<p>Mustafa Y\u0131lmaz, Anadolu Ajans\u0131\u2019n\u0131n Global \u0130leti\u015fim Ortakl\u0131\u011f\u0131\u2019nda 25 \u2013 28 May\u0131s tarihlerinde \u0130stanbul\u2019da ger\u00e7ekle\u015ftirilen ve t\u00fcm d\u00fcnyadan enerji d\u00fczenleyicilerinin kat\u0131ld\u0131\u011f\u0131 D\u00fcnya Enerji D\u00fczenleme Forumuna (WFER) ili\u015fkin de de\u011ferlendirmelerde bulundu.<\/p>\n<p>Toplant\u0131n\u0131n \u00e7ok verimli ge\u00e7ti\u011fini anlatan Y\u0131lmaz, \u015funlar\u0131 kaydetti:<\/p>\n<p>\u201cSay\u0131n Cumhurba\u015fkan\u0131m\u0131z, ba\u015fbakan iken bu toplant\u0131n\u0131n T\u00fcrkiye\u2019de yap\u0131lmas\u0131 i\u00e7in mektup yazd\u0131 ve sonra da bu etkinli\u011fi himayelerine ald\u0131. Bu bizim i\u00e7in \u00e7ok ciddi destek oldu. Biz de kurumdaki arkada\u015flar\u0131m\u0131zla birlikte gece g\u00fcnd\u00fcz bu etkinlik i\u00e7in haz\u0131rland\u0131k. \u00d6nceki forumlara kat\u0131lan davetliler bug\u00fcne kadar kat\u0131ld\u0131klar\u0131 a\u00e7\u0131k ara en kapsaml\u0131 ve g\u00fczel forum oldu\u011funu dile getirdiler. Kat\u0131l\u0131mc\u0131lar\u0131n niteli\u011findeki ve say\u0131s\u0131ndaki fazlal\u0131k enerjide T\u00fcrkiye\u2019nin jeopolitik \u00f6nemini g\u00f6steriyor, bu da bizi ger\u00e7ekten gururland\u0131r\u0131yor.\u201d<\/p>\n<p>Kaynak: AA<\/p>","protected":false},"excerpt":{"rendered":"<p>Sorry, this entry is only available in Turkish. For the sake of viewer convenience, the content is shown below in the alternative language. You may click the link to switch the active language.Enerji Piyasas\u0131 D\u00fczenleme Kurumu (EPDK) Ba\u015fkan\u0131 Mustafa Y\u0131lmaz, akaryak\u0131t \u015firketi TOTAL\u2019i sat\u0131n almak i\u00e7in T\u00fcrkiye\u2019deki 4 \u015firketin talip oldu\u011funu bildirdi. Y\u0131lmaz, TOTAL ile [&hellip;]<\/p>\n","protected":false},"author":1,"featured_media":39765,"comment_status":"open","ping_status":"open","sticky":false,"template":"","format":"standard","meta":[],"categories":[53,44],"tags":[2289,63,67,1009,2698,1046,165,750,35369,12996,59,23146,1847],"views":866,"_links":{"self":[{"href":"https:\/\/www.enerjigazetesi.ist\/en\/wp-json\/wp\/v2\/posts\/39764"}],"collection":[{"href":"https:\/\/www.enerjigazetesi.ist\/en\/wp-json\/wp\/v2\/posts"}],"about":[{"href":"https:\/\/www.enerjigazetesi.ist\/en\/wp-json\/wp\/v2\/types\/post"}],"author":[{"embeddable":true,"href":"https:\/\/www.enerjigazetesi.ist\/en\/wp-json\/wp\/v2\/users\/1"}],"replies":[{"embeddable":true,"href":"https:\/\/www.enerjigazetesi.ist\/en\/wp-json\/wp\/v2\/comments?post=39764"}],"version-history":[{"count":1,"href":"https:\/\/www.enerjigazetesi.ist\/en\/wp-json\/wp\/v2\/posts\/39764\/revisions"}],"predecessor-version":[{"id":39766,"href":"https:\/\/www.enerjigazetesi.ist\/en\/wp-json\/wp\/v2\/posts\/39764\/revisions\/39766"}],"wp:featuredmedia":[{"embeddable":true,"href":"https:\/\/www.enerjigazetesi.ist\/en\/wp-json\/wp\/v2\/media\/39765"}],"wp:attachment":[{"href":"https:\/\/www.enerjigazetesi.ist\/en\/wp-json\/wp\/v2\/media?parent=39764"}],"wp:term":[{"taxonomy":"category","embeddable":true,"href":"https:\/\/www.enerjigazetesi.ist\/en\/wp-json\/wp\/v2\/categories?post=39764"},{"taxonomy":"post_tag","embeddable":true,"href":"https:\/\/www.enerjigazetesi.ist\/en\/wp-json\/wp\/v2\/tags?post=39764"}],"curies":[{"name":"wp","href":"https:\/\/api.w.org\/{rel}","templated":true}]}}