{"id":39752,"date":"2015-05-31T21:49:34","date_gmt":"2015-05-31T18:49:34","guid":{"rendered":"https:\/\/www.enerjigazetesi.ist\/?p=39752"},"modified":"2015-05-31T21:49:34","modified_gmt":"2015-05-31T18:49:34","slug":"axa-komur-yatirimlarini-elinden-cikariyor","status":"publish","type":"post","link":"https:\/\/www.enerjigazetesi.ist\/en\/axa-komur-yatirimlarini-elinden-cikariyor\/","title":{"rendered":"(Turkish) AXA K\u00f6m\u00fcr Yat\u0131r\u0131mlar\u0131n\u0131 Elinden \u00c7\u0131kar\u0131yor&#8230;"},"content":{"rendered":"<p class=\"qtranxs-available-languages-message qtranxs-available-languages-message-en\">Sorry, this entry is only available in <a href=\"https:\/\/www.enerjigazetesi.ist\/tr\/wp-json\/wp\/v2\/posts\/39752\" class=\"qtranxs-available-language-link qtranxs-available-language-link-tr\" title=\"Turkish\">Turkish<\/a>. For the sake of viewer convenience, the content is shown below in the alternative language. You may click the link to switch the active language.<\/p><p><strong>Fransa\u2019n\u0131n en b\u00fcy\u00fck, d\u00fcnyan\u0131n ise say\u0131l\u0131 sigorta \u015firketlerinden AXA iklim de\u011fi\u015fikli\u011fi riskini gerek\u00e7e g\u00f6stererek k\u00f6m\u00fcr yat\u0131r\u0131mlar\u0131n\u0131 elden \u00e7\u0131karaca\u011f\u0131n\u0131, yenilenebilir enerji alan\u0131ndaki yat\u0131r\u0131mlar\u0131n\u0131 ise art\u0131raca\u011f\u0131n\u0131 a\u00e7\u0131klad\u0131.<\/strong><\/p>\n<p>\u015eirketin CEO\u2019su Henri de Castries ge\u00e7en cuma g\u00fcn\u00fc Paris\u2019te ger\u00e7ekle\u015ftirilen bir konferansta yapt\u0131\u011f\u0131 a\u00e7\u0131klamada AXA\u2019n\u0131n 500 milyon avro de\u011ferindeki k\u00f6m\u00fcr yat\u0131r\u0131m\u0131n\u0131 2015 sonuna kadar elinden \u00e7\u0131karaca\u011f\u0131n\u0131 s\u00f6yledi. Castries yenilenebilir e<a href=\"https:\/\/www.enerjigazetesi.ist\/wp-content\/uploads\/2015\/05\/axa-komur-yatirimlarini-elinden-cikariyor.jpg\"><img loading=\"lazy\" class=\"alignright size-medium wp-image-39753\" src=\"https:\/\/www.enerjigazetesi.ist\/wp-content\/uploads\/2015\/05\/axa-komur-yatirimlarini-elinden-cikariyor-300x163.jpg\" alt=\"axa-komur-yatirimlarini-elinden-cikariyor\" width=\"300\" height=\"163\" srcset=\"https:\/\/www.enerjigazetesi.ist\/wp-content\/uploads\/2015\/05\/axa-komur-yatirimlarini-elinden-cikariyor-300x163.jpg 300w, https:\/\/www.enerjigazetesi.ist\/wp-content\/uploads\/2015\/05\/axa-komur-yatirimlarini-elinden-cikariyor-80x43.jpg 80w, https:\/\/www.enerjigazetesi.ist\/wp-content\/uploads\/2015\/05\/axa-komur-yatirimlarini-elinden-cikariyor.jpg 460w\" sizes=\"(max-width: 300px) 100vw, 300px\" \/><\/a>nerji alan\u0131nda ise 2020 y\u0131l\u0131 sonuna kadar 3 milyar avroluk yeni yat\u0131r\u0131m yapacaklar\u0131n\u0131 s\u00f6zlerine ekledi.<\/p>\n<p>AXA CEO\u2019su a\u00e7\u0131klamas\u0131nda hangi \u015firketlerden hisse sat\u0131laca\u011f\u0131n\u0131 bildirmez iken \u015firket taraf\u0131ndan yap\u0131lan a\u00e7\u0131klamada ise bu \u015firketlerin gelirlerinin yar\u0131s\u0131ndan fazlas\u0131n\u0131 k\u00f6m\u00fcrden sa\u011flayan madencilik \u015firketleri ile elektrik \u00fcretimlerinin yar\u0131s\u0131ndan fazlas\u0131 k\u00f6m\u00fcre dayal\u0131 olan elektrik \u015firketleri olaca\u011f\u0131 bilgisi payla\u015f\u0131ld\u0131.<\/p>\n<p>Henri de Castries a\u00e7\u0131klamas\u0131nda iklim de\u011fi\u015fikli\u011fine dair ger\u00e7eklerin inkar edilemez durumda oldu\u011funu s\u00f6ylerken, s\u0131cakl\u0131klar\u0131n 2 dereceden fazla artt\u0131\u011f\u0131 bir d\u00fcnyada ya\u015fanabilece\u011fini d\u00fc\u015f\u00fcnmenin kendimizi aldatmak oldu\u011funu ifade etti. Castries\u2019e g\u00f6re s\u0131cakl\u0131klar\u0131n 2 derecenin \u00fczerine \u00e7\u0131kmas\u0131 halinde ise iklim de\u011fi\u015fikli\u011fi sorunu ile ba\u015f etmek gittik\u00e7e daha zor, muhtemelen de imkans\u0131z olacak.<\/p>\n<p>Sigortac\u0131lar\u0131n ekonomide ve toplumda olanlar\u0131n aynas\u0131 oldu\u011funu da ifade eden Castries, AXA olarak iklim de\u011fi\u015fikli\u011fini \u00f6nleme taraf\u0131nda yapacaklar\u0131n\u0131 art\u0131rmaya \u00e7al\u0131\u015ft\u0131klar\u0131n\u0131 s\u00f6yledi.<\/p>\n<p>Kaynak: Ye\u015fil Ekonomi<\/p>","protected":false},"excerpt":{"rendered":"<p>Sorry, this entry is only available in Turkish. For the sake of viewer convenience, the content is shown below in the alternative language. You may click the link to switch the active language.Fransa\u2019n\u0131n en b\u00fcy\u00fck, d\u00fcnyan\u0131n ise say\u0131l\u0131 sigorta \u015firketlerinden AXA iklim de\u011fi\u015fikli\u011fi riskini gerek\u00e7e g\u00f6stererek k\u00f6m\u00fcr yat\u0131r\u0131mlar\u0131n\u0131 elden \u00e7\u0131karaca\u011f\u0131n\u0131, yenilenebilir enerji alan\u0131ndaki yat\u0131r\u0131mlar\u0131n\u0131 ise [&hellip;]<\/p>\n","protected":false},"author":1,"featured_media":39753,"comment_status":"open","ping_status":"open","sticky":false,"template":"","format":"standard","meta":[],"categories":[53],"tags":[23139,63,67,1009,165,23140,1999,1675,2293,17984],"views":754,"_links":{"self":[{"href":"https:\/\/www.enerjigazetesi.ist\/en\/wp-json\/wp\/v2\/posts\/39752"}],"collection":[{"href":"https:\/\/www.enerjigazetesi.ist\/en\/wp-json\/wp\/v2\/posts"}],"about":[{"href":"https:\/\/www.enerjigazetesi.ist\/en\/wp-json\/wp\/v2\/types\/post"}],"author":[{"embeddable":true,"href":"https:\/\/www.enerjigazetesi.ist\/en\/wp-json\/wp\/v2\/users\/1"}],"replies":[{"embeddable":true,"href":"https:\/\/www.enerjigazetesi.ist\/en\/wp-json\/wp\/v2\/comments?post=39752"}],"version-history":[{"count":1,"href":"https:\/\/www.enerjigazetesi.ist\/en\/wp-json\/wp\/v2\/posts\/39752\/revisions"}],"predecessor-version":[{"id":39754,"href":"https:\/\/www.enerjigazetesi.ist\/en\/wp-json\/wp\/v2\/posts\/39752\/revisions\/39754"}],"wp:featuredmedia":[{"embeddable":true,"href":"https:\/\/www.enerjigazetesi.ist\/en\/wp-json\/wp\/v2\/media\/39753"}],"wp:attachment":[{"href":"https:\/\/www.enerjigazetesi.ist\/en\/wp-json\/wp\/v2\/media?parent=39752"}],"wp:term":[{"taxonomy":"category","embeddable":true,"href":"https:\/\/www.enerjigazetesi.ist\/en\/wp-json\/wp\/v2\/categories?post=39752"},{"taxonomy":"post_tag","embeddable":true,"href":"https:\/\/www.enerjigazetesi.ist\/en\/wp-json\/wp\/v2\/tags?post=39752"}],"curies":[{"name":"wp","href":"https:\/\/api.w.org\/{rel}","templated":true}]}}