{"id":39749,"date":"2015-05-31T21:45:32","date_gmt":"2015-05-31T18:45:32","guid":{"rendered":"https:\/\/www.enerjigazetesi.ist\/?p=39749"},"modified":"2015-05-31T21:45:32","modified_gmt":"2015-05-31T18:45:32","slug":"jeotermal-enerji-1-milyar-dolarlik-dogalgaz-ithalatini-engelleyebilir","status":"publish","type":"post","link":"https:\/\/www.enerjigazetesi.ist\/en\/jeotermal-enerji-1-milyar-dolarlik-dogalgaz-ithalatini-engelleyebilir\/","title":{"rendered":"(Turkish) \u2018\u2019Jeotermal Enerji 1 Milyar Dolarl\u0131k Do\u011falgaz \u0130thalat\u0131n\u0131 Engelleyebilir&#8230;\u2019\u2019"},"content":{"rendered":"<p class=\"qtranxs-available-languages-message qtranxs-available-languages-message-en\">Sorry, this entry is only available in <a href=\"https:\/\/www.enerjigazetesi.ist\/tr\/wp-json\/wp\/v2\/posts\/39749\" class=\"qtranxs-available-language-link qtranxs-available-language-link-tr\" title=\"Turkish\">Turkish<\/a>. For the sake of viewer convenience, the content is shown below in the alternative language. You may click the link to switch the active language.<\/p><p><strong>G\u00dcR\u0130\u015e Holding yat\u0131r\u0131m\u0131 olan Efeler Jeotermal Enerji Santrali\u2019nin ikinci ve \u00fc\u00e7\u00fcnc\u00fc \u00fcnitesinin devreye al\u0131nmas\u0131 dolay\u0131s\u0131 ile bir t\u00f6ren d\u00fczenlendi.<\/strong><\/p>\n<p>Ayd\u0131n\u2019\u0131n Germencik il\u00e7esinde d\u00fczenlenen t\u00f6rende konu\u015fan Enerji ve Tabii Kaynaklar Bakan\u0131 Taner Y\u0131ld\u0131z T\u00fcrkiye\u2019nin 12 y\u0131l \u00f6nce 17,5 MW olan jeotermal enerji kapasitesinin 420 MW\u2019a y\u00fckseldi\u011fini kaydederek, daha \u00f6nce konulan 600 MW\u2019l\u0131k hedefin ise 1.000 MW\u2019a \u00e7\u0131kar\u0131ld\u0131\u011f\u0131n\u0131 s\u00f6yledi.<a href=\"https:\/\/www.enerjigazetesi.ist\/wp-content\/uploads\/2015\/05\/jeotermal-enerji-1-milyar-dolarlik-dogalgaz-ithalatini-engelleyebilir.jpg\"><img loading=\"lazy\" class=\"alignleft wp-image-39750 size-medium\" src=\"https:\/\/www.enerjigazetesi.ist\/wp-content\/uploads\/2015\/05\/jeotermal-enerji-1-milyar-dolarlik-dogalgaz-ithalatini-engelleyebilir-300x163.jpg\" alt=\"jeotermal-enerji-1-milyar-dolarlik-dogalgaz-ithalatini-engelleyebilir\" width=\"300\" height=\"163\" srcset=\"https:\/\/www.enerjigazetesi.ist\/wp-content\/uploads\/2015\/05\/jeotermal-enerji-1-milyar-dolarlik-dogalgaz-ithalatini-engelleyebilir-300x163.jpg 300w, https:\/\/www.enerjigazetesi.ist\/wp-content\/uploads\/2015\/05\/jeotermal-enerji-1-milyar-dolarlik-dogalgaz-ithalatini-engelleyebilir-80x43.jpg 80w, https:\/\/www.enerjigazetesi.ist\/wp-content\/uploads\/2015\/05\/jeotermal-enerji-1-milyar-dolarlik-dogalgaz-ithalatini-engelleyebilir.jpg 460w\" sizes=\"(max-width: 300px) 100vw, 300px\" \/><\/a><\/p>\n<p>Bakan Y\u0131ld\u0131z 2014 y\u0131l\u0131nda yaln\u0131zca r\u00fczgar enerjisi santralleri sayesinde 850 milyon dolarl\u0131k do\u011fal gaz ithalat\u0131n\u0131n \u00f6n\u00fcne ge\u00e7ildi\u011fini hat\u0131rlat\u0131rken, jeotermal enerji yat\u0131r\u0131mlar\u0131 sayesinde ise ayn\u0131 alanda 1 milyar dolarl\u0131k tasarruf ger\u00e7ekle\u015ftirilebilece\u011fini \u00f6ng\u00f6rd\u00fcklerini ifade etti.<\/p>\n<p>Enerji Bakan\u0131 Taner Y\u0131ld\u0131z s\u00f6zlerinin devam\u0131nda ise jeotermal enerji yat\u0131r\u0131mlar\u0131n\u0131n ekipmanlar\u0131, borular\u0131, sera ve sondaj \u00e7al\u0131\u015fmalar\u0131n\u0131n da yerli kaynaklarla beraber yap\u0131lmas\u0131 gerekti\u011finin alt\u0131n\u0131 \u00e7izdi.<\/p>\n<p>T\u00f6rende konu\u015fan G\u00dcR\u0130\u015e\u2019in enerji kolu Mogan Enerji Yat\u0131r\u0131m Holding\u2019in Genel M\u00fcd\u00fcr\u00fc Ali Karaduman yat\u0131r\u0131mlar\u0131n\u0131n y\u00fczde 99,4\u2019l\u00fck kullan\u0131m kapasitesi ile bu alanda Avrupa\u2019n\u0131n en y\u00fcksek oran\u0131na sahip oldu\u011funu vurgularken, proje i\u00e7in yakla\u015f\u0131k olarak 120 bin metre sondaj yap\u0131ld\u0131\u011f\u0131 ve 3.206 metre derinli\u011finde kuyu a\u00e7\u0131ld\u0131\u011f\u0131 bilgisini verdi.<\/p>\n<p>G\u00dcR\u0130\u015e Holding\u2019in jeotermal enerji alan\u0131nda hali haz\u0131rda 232,3 MW\u2019l\u0131k portf\u00f6y\u00fc bulunmakta.<\/p>\n<p>Bu portf\u00f6y\u00fcn 163,2 MW\u2019l\u0131k b\u00f6l\u00fcm\u00fcn\u00fc Efeler JES projesi olu\u015fturuyor. Santral ikinci \u00fcnitesinin 10 Kas\u0131m 2014, \u00fc\u00e7\u00fcnc\u00fc \u00fcnitesinin ise 6 Mart 2015 tarihinde devreye girmesi ile toplamda 92,4 MW kurulu g\u00fcce ula\u015fm\u0131\u015f durumda. \u015eirket projenin d\u00f6rd\u00fcnc\u00fc \u00fcnitesini temmuz, be\u015finci ve son \u00fcnitesini ise a\u011fustos ay\u0131nda devreye almay\u0131 planl\u0131yor.<\/p>\n<p>G\u00dcR\u0130\u015e\u2019in ilk jeotermal enerji santrali yat\u0131r\u0131m\u0131 olan 47,4 MW\u2019l\u0131k G\u00fcrmat-I (Galip Hoca) JES projesi 4 \u015eubat 2009 tarihinde devreye girmi\u015f, \u015firket 22,6 MW\u2019l\u0131k G\u00fcrmat-II JES projesi i\u00e7in de ge\u00e7en y\u0131l\u0131n mart ay\u0131nda \u00f6n lisans sa\u011flam\u0131\u015ft\u0131.<\/p>\n<p>\u015eirket taraf\u0131ndan verilen bilgilere g\u00f6re tamam\u0131 Ayd\u0131n, Germencik\u2019te yer alan projelerin tam kapasite ile devreye al\u0131nmas\u0131 ile G\u00fcri\u015f y\u0131ll\u0131k 1.920 Gigavat-saat elektrik \u00fcretimi\u00a0 ile 825 bin konut ve i\u015fyerinin y\u0131ll\u0131k elektrik ve \u0131s\u0131nma talebini kar\u015f\u0131layabilecek.<\/p>\n<p>T\u00fcrkiye\u2019nin jeotermal enerji alan\u0131ndaki kurulu g\u00fcc\u00fc nisan ay\u0131 sonu itibari ile 427,4 MW\u2019a ula\u015fm\u0131\u015f durumda. Bu g\u00fc\u00e7 T\u00fcrkiye\u2019nin toplam elektrik \u00fcretim kapasitesinin y\u00fczde 0,6\u2019s\u0131n\u0131 olu\u015fturuyor iken, bu santraller y\u0131l\u0131n ilk d\u00f6rt ay\u0131ndaki toplam elektrik \u00fcretiminin y\u00fczde 1,2\u2019sini sa\u011flad\u0131.<\/p>\n<p>Enerji Piyasas\u0131 D\u00fczenleme Kurumu taraf\u0131ndan \u015fimdiye kadar 747,131 MW\u2019l\u0131k jeotermal enerji santrali projesi i\u00e7in lisans, 346,315 MW\u2019l\u0131k proje i\u00e7in de \u00f6n lisans sa\u011flanm\u0131\u015f durumda.<\/p>\n<p>Kaynak: Ye\u015fil Ekonomi<\/p>","protected":false},"excerpt":{"rendered":"<p>Sorry, this entry is only available in Turkish. For the sake of viewer convenience, the content is shown below in the alternative language. You may click the link to switch the active language.G\u00dcR\u0130\u015e Holding yat\u0131r\u0131m\u0131 olan Efeler Jeotermal Enerji Santrali\u2019nin ikinci ve \u00fc\u00e7\u00fcnc\u00fc \u00fcnitesinin devreye al\u0131nmas\u0131 dolay\u0131s\u0131 ile bir t\u00f6ren d\u00fczenlendi. Ayd\u0131n\u2019\u0131n Germencik il\u00e7esinde d\u00fczenlenen [&hellip;]<\/p>\n","protected":false},"author":1,"featured_media":39750,"comment_status":"open","ping_status":"open","sticky":false,"template":"","format":"standard","meta":[],"categories":[53,48],"tags":[23138,63,67,1009,2698,165,3513,58,56],"views":1410,"_links":{"self":[{"href":"https:\/\/www.enerjigazetesi.ist\/en\/wp-json\/wp\/v2\/posts\/39749"}],"collection":[{"href":"https:\/\/www.enerjigazetesi.ist\/en\/wp-json\/wp\/v2\/posts"}],"about":[{"href":"https:\/\/www.enerjigazetesi.ist\/en\/wp-json\/wp\/v2\/types\/post"}],"author":[{"embeddable":true,"href":"https:\/\/www.enerjigazetesi.ist\/en\/wp-json\/wp\/v2\/users\/1"}],"replies":[{"embeddable":true,"href":"https:\/\/www.enerjigazetesi.ist\/en\/wp-json\/wp\/v2\/comments?post=39749"}],"version-history":[{"count":1,"href":"https:\/\/www.enerjigazetesi.ist\/en\/wp-json\/wp\/v2\/posts\/39749\/revisions"}],"predecessor-version":[{"id":39751,"href":"https:\/\/www.enerjigazetesi.ist\/en\/wp-json\/wp\/v2\/posts\/39749\/revisions\/39751"}],"wp:featuredmedia":[{"embeddable":true,"href":"https:\/\/www.enerjigazetesi.ist\/en\/wp-json\/wp\/v2\/media\/39750"}],"wp:attachment":[{"href":"https:\/\/www.enerjigazetesi.ist\/en\/wp-json\/wp\/v2\/media?parent=39749"}],"wp:term":[{"taxonomy":"category","embeddable":true,"href":"https:\/\/www.enerjigazetesi.ist\/en\/wp-json\/wp\/v2\/categories?post=39749"},{"taxonomy":"post_tag","embeddable":true,"href":"https:\/\/www.enerjigazetesi.ist\/en\/wp-json\/wp\/v2\/tags?post=39749"}],"curies":[{"name":"wp","href":"https:\/\/api.w.org\/{rel}","templated":true}]}}