{"id":39741,"date":"2015-05-30T14:40:20","date_gmt":"2015-05-30T11:40:20","guid":{"rendered":"https:\/\/www.enerjigazetesi.ist\/?p=39741"},"modified":"2015-05-30T14:40:49","modified_gmt":"2015-05-30T11:40:49","slug":"urfaya-9-mwlik-gunes-enerjisi-santrali-ges-kurulumu-yapilacak","status":"publish","type":"post","link":"https:\/\/www.enerjigazetesi.ist\/en\/urfaya-9-mwlik-gunes-enerjisi-santrali-ges-kurulumu-yapilacak\/","title":{"rendered":"(Turkish) Urfa`ya 9 MW`l\u0131k G\u00fcne\u015f Enerjisi Santrali (GES) Kurulumu Yap\u0131lacak&#8230;"},"content":{"rendered":"<p class=\"qtranxs-available-languages-message qtranxs-available-languages-message-en\">Sorry, this entry is only available in <a href=\"https:\/\/www.enerjigazetesi.ist\/tr\/wp-json\/wp\/v2\/posts\/39741\" class=\"qtranxs-available-language-link qtranxs-available-language-link-tr\" title=\"Turkish\">Turkish<\/a>. For the sake of viewer convenience, the content is shown below in the alternative language. You may click the link to switch the active language.<\/p><p><strong>Hitit G\u00fcne\u015fi 4 Enerji, \u015eanl\u0131urfa`da9 MWe g\u00fcc\u00fcnde G\u00fcne\u015f Enerjisi Santrali kuracak.<\/strong><\/p>\n<p>Hitit G\u00fcne\u015fi 4 Enerji A.\u015e. ta<a href=\"https:\/\/www.enerjigazetesi.ist\/wp-content\/uploads\/2015\/05\/urfaya-9-mwlik-gunes-enerjisi-santrali-ges-kurulumu-yapacak.jpg\"><img loading=\"lazy\" class=\"alignleft size-medium wp-image-39742\" src=\"https:\/\/www.enerjigazetesi.ist\/wp-content\/uploads\/2015\/05\/urfaya-9-mwlik-gunes-enerjisi-santrali-ges-kurulumu-yapacak-300x199.jpg\" alt=\"urfaya-9-mwlik-gunes-enerjisi-santrali-ges-kurulumu-yapacak\" width=\"300\" height=\"199\" srcset=\"https:\/\/www.enerjigazetesi.ist\/wp-content\/uploads\/2015\/05\/urfaya-9-mwlik-gunes-enerjisi-santrali-ges-kurulumu-yapacak-300x199.jpg 300w, https:\/\/www.enerjigazetesi.ist\/wp-content\/uploads\/2015\/05\/urfaya-9-mwlik-gunes-enerjisi-santrali-ges-kurulumu-yapacak-500x332.jpg 500w, https:\/\/www.enerjigazetesi.ist\/wp-content\/uploads\/2015\/05\/urfaya-9-mwlik-gunes-enerjisi-santrali-ges-kurulumu-yapacak-75x50.jpg 75w, https:\/\/www.enerjigazetesi.ist\/wp-content\/uploads\/2015\/05\/urfaya-9-mwlik-gunes-enerjisi-santrali-ges-kurulumu-yapacak.jpg 640w\" sizes=\"(max-width: 300px) 100vw, 300px\" \/><\/a>raf\u0131ndan \u015eanl\u0131urfa \u0130li, Viran\u015fehir il\u00e7esi, Defterdar Mahallesi Mevkiinde, Tapuda N42C05D No`lu Pafta, 113 Nolu Ada, 1 No`lu Parselde 362341,35 m2 olarak kay\u0131tl\u0131 arazinin 174253,86 m2`lik k\u0131sm\u0131nda 9 MWe g\u00fcc\u00fcnde G\u00fcne\u015f Enerjisi Santrali kurulacak.<\/p>\n<p>Projede toplam panel say\u0131s\u0131 36134 adet, her bir panelin kaplad\u0131\u011f\u0131 alan 1,62 m2, Viran\u015fehir il\u00e7esinde g\u00fcnl\u00fck g\u00fcne\u015f radyasyonu ortalama 6150 Wh-m 2 g\u00fcn olup, sistem verimlili\u011fi ortalama % 60 al\u0131nd\u0131.<\/p>\n<p><strong>PROJE \u0130LE \u0130LG\u0130L\u0130 \u00c7ED S\u00dcREC\u0130 BA\u015eLADI<\/strong><\/p>\n<p>\u00c7evresel Etki De\u011ferlendirmesi \u0130zin ve Denetim Genel M\u00fcd\u00fcrl\u00fc\u011f\u00fc`n\u00fcn internet sitesinde konu ile ilgili yap\u0131lan a\u00e7\u0131klamada, kapasite artt\u0131r\u0131m projesi ile ilgili \u00c7evresel Etki De\u011ferlendirmesi s\u00fcrecinin ba\u015flad\u0131\u011f\u0131 duyuruldu. \u00c7ED S\u00fcreci tamamlanana kadar s\u00fcre\u00e7 ile ilgili her t\u00fcrl\u00fc bilgiler ve projeye ili\u015fkin g\u00f6r\u00fc\u015f, soru ve \u00f6neriler \u015eanl\u0131urfa Valili\u011fi`ne (\u00c7evre ve \u015eehircilik \u0130l M\u00fcd\u00fcrl\u00fc\u011f\u00fc) veya \u00c7evre ve \u015eehircilik Bakanl\u0131\u011f\u0131na g\u00f6nderilebilecek.<\/p>\n<p>Kaynak: <a href=\"http:\/\/enerjigunlugu.net\/hitit-gunesi-4-enerji-urfaya-9-mwlik-ges-kuracak_13825.html\" target=\"_blank\" rel=\"nofollow\">Enerji G\u00fcnl\u00fc\u011f\u00fc<\/a><\/p>","protected":false},"excerpt":{"rendered":"<p>Sorry, this entry is only available in Turkish. For the sake of viewer convenience, the content is shown below in the alternative language. You may click the link to switch the active language.Hitit G\u00fcne\u015fi 4 Enerji, \u015eanl\u0131urfa`da9 MWe g\u00fcc\u00fcnde G\u00fcne\u015f Enerjisi Santrali kuracak. Hitit G\u00fcne\u015fi 4 Enerji A.\u015e. taraf\u0131ndan \u015eanl\u0131urfa \u0130li, Viran\u015fehir il\u00e7esi, Defterdar Mahallesi [&hellip;]<\/p>\n","protected":false},"author":1,"featured_media":39742,"comment_status":"open","ping_status":"open","sticky":false,"template":"","format":"standard","meta":[],"categories":[53,49],"tags":[5927,63,67,1009,2698,165,2326,21886,227,13,2569,21768,23133,22975,4269,23136,2097],"views":1889,"_links":{"self":[{"href":"https:\/\/www.enerjigazetesi.ist\/en\/wp-json\/wp\/v2\/posts\/39741"}],"collection":[{"href":"https:\/\/www.enerjigazetesi.ist\/en\/wp-json\/wp\/v2\/posts"}],"about":[{"href":"https:\/\/www.enerjigazetesi.ist\/en\/wp-json\/wp\/v2\/types\/post"}],"author":[{"embeddable":true,"href":"https:\/\/www.enerjigazetesi.ist\/en\/wp-json\/wp\/v2\/users\/1"}],"replies":[{"embeddable":true,"href":"https:\/\/www.enerjigazetesi.ist\/en\/wp-json\/wp\/v2\/comments?post=39741"}],"version-history":[{"count":2,"href":"https:\/\/www.enerjigazetesi.ist\/en\/wp-json\/wp\/v2\/posts\/39741\/revisions"}],"predecessor-version":[{"id":39744,"href":"https:\/\/www.enerjigazetesi.ist\/en\/wp-json\/wp\/v2\/posts\/39741\/revisions\/39744"}],"wp:featuredmedia":[{"embeddable":true,"href":"https:\/\/www.enerjigazetesi.ist\/en\/wp-json\/wp\/v2\/media\/39742"}],"wp:attachment":[{"href":"https:\/\/www.enerjigazetesi.ist\/en\/wp-json\/wp\/v2\/media?parent=39741"}],"wp:term":[{"taxonomy":"category","embeddable":true,"href":"https:\/\/www.enerjigazetesi.ist\/en\/wp-json\/wp\/v2\/categories?post=39741"},{"taxonomy":"post_tag","embeddable":true,"href":"https:\/\/www.enerjigazetesi.ist\/en\/wp-json\/wp\/v2\/tags?post=39741"}],"curies":[{"name":"wp","href":"https:\/\/api.w.org\/{rel}","templated":true}]}}