{"id":39719,"date":"2015-05-30T14:02:40","date_gmt":"2015-05-30T11:02:40","guid":{"rendered":"https:\/\/www.enerjigazetesi.ist\/?p=39719"},"modified":"2015-05-30T14:02:40","modified_gmt":"2015-05-30T11:02:40","slug":"turk-akimi-pariste-halka-sunulacak","status":"publish","type":"post","link":"https:\/\/www.enerjigazetesi.ist\/en\/turk-akimi-pariste-halka-sunulacak\/","title":{"rendered":"(Turkish) T\u00fcrk Ak\u0131m\u0131, Paris`te Halka Sunulacak!"},"content":{"rendered":"<p class=\"qtranxs-available-languages-message qtranxs-available-languages-message-en\">Sorry, this entry is only available in <a href=\"https:\/\/www.enerjigazetesi.ist\/tr\/wp-json\/wp\/v2\/posts\/39719\" class=\"qtranxs-available-language-link qtranxs-available-language-link-tr\" title=\"Turkish\">Turkish<\/a>. For the sake of viewer convenience, the content is shown below in the alternative language. You may click the link to switch the active language.<\/p><p><strong>T\u00fcrk Ak\u0131m\u0131, Fransa`da d\u00fczenlenecek D\u00fcnya Do\u011falgaz Konferans\u0131 etkinli\u011finde halka sunulacak. T\u00fcrk Ak\u0131m\u0131 A\u00e7\u0131k Deniz Boru Hatt\u0131 projesi, 1-5 Haziran 2015 tarihleri aras\u0131nda Paris Expo, Port de Versailles\u2019de d\u00fczenlenecek World Gas Conference etkinli\u011finde (D\u00fcnya Do\u011falgaz Konferans\u0131) halka sun<a href=\"https:\/\/www.enerjigazetesi.ist\/wp-content\/uploads\/2015\/05\/turk-akimi-pariste-halka-sunulacak.jpg\"><img loading=\"lazy\" class=\"alignright size-medium wp-image-39720\" src=\"https:\/\/www.enerjigazetesi.ist\/wp-content\/uploads\/2015\/05\/turk-akimi-pariste-halka-sunulacak-300x192.jpg\" alt=\"turk-akimi-pariste-halka-sunulacak\" width=\"300\" height=\"192\" srcset=\"https:\/\/www.enerjigazetesi.ist\/wp-content\/uploads\/2015\/05\/turk-akimi-pariste-halka-sunulacak-300x192.jpg 300w, https:\/\/www.enerjigazetesi.ist\/wp-content\/uploads\/2015\/05\/turk-akimi-pariste-halka-sunulacak-78x50.jpg 78w, https:\/\/www.enerjigazetesi.ist\/wp-content\/uploads\/2015\/05\/turk-akimi-pariste-halka-sunulacak.jpg 448w\" sizes=\"(max-width: 300px) 100vw, 300px\" \/><\/a>ulacak.<\/strong><\/p>\n<p>T\u00fcrk Ak\u0131m\u0131 stand\u0131n\u0131 ziyaret edecek (1. Pavilion, F58 no.\u2019lu stand) konferans kat\u0131l\u0131mc\u0131lar\u0131, projenin Avrupa enerji g\u00fcvenli\u011fine sa\u011flayaca\u011f\u0131 \u00f6nemli katk\u0131 ba\u015fta olmak \u00fczere proje hakk\u0131nda detayl\u0131 bilgiler edinebilecek. Ziyaret\u00e7iler, a\u00e7\u0131k deniz boru hatt\u0131 in\u015faatlar\u0131nda kullan\u0131lan teknolojilerin ve boru d\u00f6\u015fenmesi s\u00fcre\u00e7lerinde kullan\u0131lan \u00f6zel gemiler hakk\u0131nda bilgi edinmenin yan\u0131 s\u0131ra, do\u011falgaz\u0131 enerji kayna\u011f\u0131 olarak kullanman\u0131n faydalar\u0131n\u0131 \u00f6\u011frenme f\u0131rsat\u0131na sahip olacak.<\/p>\n<p>Sekt\u00f6r\u00fcn en \u00f6nemli etkinli\u011fi olarak bilinen World Gas Conference (WGC \u2013 D\u00fcnya Do\u011falgaz Konferans\u0131), enerji \u00fcretiminin do\u011fa, depolama, ta\u015f\u0131ma, da\u011f\u0131t\u0131m ve t\u00fcketim \u00fczerindeki etkisi gibi do\u011falgaz sekt\u00f6r\u00fc ile ilgili bir\u00e7ok konuyu g\u00fcndeme getiriyor.<\/p>\n<p><strong>T\u00dcRK AKIMI PROJES\u0130<\/strong><\/p>\n<p>Gazprom ve Boru Hatlar\u0131 ile Petrol Ta\u015f\u0131ma A.\u015e (BOTA\u015e) aras\u0131nda Karadeniz\u2019den ge\u00e7en ve toplam 63 milyar metre k\u00fcp (mmk) kapasiteye sahip Rusya\u2019dan T\u00fcrkiye\u2019ye y\u00f6nelik bir do\u011falgaz boru hatt\u0131 in\u015fa edilmesi i\u00e7in mutabakat zapt\u0131 1 Aral\u0131k 2014 tarihinde imzaland\u0131. Yeni boru hatt\u0131, Rusya k\u0131y\u0131s\u0131nda bulunan Anapa kentindeki Russya kompres\u00f6r istasyonundan ba\u015flayarak, T\u00fcrkiye\u2019de \u0130stanbul\u2019a 100 kilometre uzakl\u0131ktaki K\u0131y\u0131k\u00f6y civar\u0131nda karaya \u00e7\u0131kacak. Bu noktadan itibaren boru hatt\u0131, L\u00fcleburgaz\u2019a, oradan da hatt\u0131n T\u00fcrkiye-Yunanistan s\u0131n\u0131r\u0131ndaki biti\u015f noktas\u0131 olan \u0130psala\u2019ya kadar devam edecek.<\/p>\n<p><strong>T\u00dcRK AKIMI A\u00c7IK DEN\u0130Z BORU HATTI<\/strong><\/p>\n<p>T\u00fcrk Ak\u0131m\u0131 A\u00e7\u0131k Deniz Boru Hatt\u0131, Karadeniz\u2019den ge\u00e7en ve her biri 15,75 mmk kapasitesine sahip olan d\u00f6rt paralel boru hatt\u0131ndan olu\u015facak. A\u00e7\u0131k deniz boru hatt\u0131, Hollanda merkezli i\u015ftirak\u0131 olan South Stream Transport B.V. \u015firketin deste\u011fiyle Gazprom taraf\u0131ndan y\u00fcr\u00fct\u00fcl\u00fcyor. Stream Transport B.V. \u015firketi, daha \u00f6nce 2014 Aral\u0131k ay\u0131nda iptal edilen G\u00fcney Ak\u0131m A\u00e7\u0131k Deniz Boru Hatt\u0131 projesini y\u00fcr\u00fct\u00fcyordu. T\u00fcrk Ak\u0131m\u0131, G\u00fcney Ak\u0131m proje g\u00fczergah\u0131n\u0131 a\u011f\u0131rl\u0131kla takip edecek. Ge\u00e7ti\u011fimiz May\u0131s ay\u0131nda, G\u00fcney Ak\u0131m projesi kapsam\u0131nda \u00fcretilen borular\u0131 kullanmak \u00fczere \u0130talyan Saipem firmas\u0131na yeni boru hatt\u0131n in\u015fas\u0131na ba\u015flamak i\u00e7in talimat verildi.<\/p>\n<p>Kaynak: <a href=\"http:\/\/enerjigunlugu.net\/turk-akimi-pariste-halka-sunulacak_13842.html#.VWmc9tLtmko\" target=\"_blank\" rel=\"nofollow\">Enerji G\u00fcnl\u00fc\u011f\u00fc<\/a><\/p>","protected":false},"excerpt":{"rendered":"<p>Sorry, this entry is only available in Turkish. For the sake of viewer convenience, the content is shown below in the alternative language. You may click the link to switch the active language.T\u00fcrk Ak\u0131m\u0131, Fransa`da d\u00fczenlenecek D\u00fcnya Do\u011falgaz Konferans\u0131 etkinli\u011finde halka sunulacak. T\u00fcrk Ak\u0131m\u0131 A\u00e7\u0131k Deniz Boru Hatt\u0131 projesi, 1-5 Haziran 2015 tarihleri aras\u0131nda Paris [&hellip;]<\/p>\n","protected":false},"author":1,"featured_media":39720,"comment_status":"open","ping_status":"open","sticky":false,"template":"","format":"standard","meta":[],"categories":[46,53],"tags":[92,226,2092,23123,63,67,1009,2698,165,1346,20076],"views":1085,"_links":{"self":[{"href":"https:\/\/www.enerjigazetesi.ist\/en\/wp-json\/wp\/v2\/posts\/39719"}],"collection":[{"href":"https:\/\/www.enerjigazetesi.ist\/en\/wp-json\/wp\/v2\/posts"}],"about":[{"href":"https:\/\/www.enerjigazetesi.ist\/en\/wp-json\/wp\/v2\/types\/post"}],"author":[{"embeddable":true,"href":"https:\/\/www.enerjigazetesi.ist\/en\/wp-json\/wp\/v2\/users\/1"}],"replies":[{"embeddable":true,"href":"https:\/\/www.enerjigazetesi.ist\/en\/wp-json\/wp\/v2\/comments?post=39719"}],"version-history":[{"count":1,"href":"https:\/\/www.enerjigazetesi.ist\/en\/wp-json\/wp\/v2\/posts\/39719\/revisions"}],"predecessor-version":[{"id":39721,"href":"https:\/\/www.enerjigazetesi.ist\/en\/wp-json\/wp\/v2\/posts\/39719\/revisions\/39721"}],"wp:featuredmedia":[{"embeddable":true,"href":"https:\/\/www.enerjigazetesi.ist\/en\/wp-json\/wp\/v2\/media\/39720"}],"wp:attachment":[{"href":"https:\/\/www.enerjigazetesi.ist\/en\/wp-json\/wp\/v2\/media?parent=39719"}],"wp:term":[{"taxonomy":"category","embeddable":true,"href":"https:\/\/www.enerjigazetesi.ist\/en\/wp-json\/wp\/v2\/categories?post=39719"},{"taxonomy":"post_tag","embeddable":true,"href":"https:\/\/www.enerjigazetesi.ist\/en\/wp-json\/wp\/v2\/tags?post=39719"}],"curies":[{"name":"wp","href":"https:\/\/api.w.org\/{rel}","templated":true}]}}