{"id":39681,"date":"2015-05-29T13:16:45","date_gmt":"2015-05-29T10:16:45","guid":{"rendered":"https:\/\/www.enerjigazetesi.ist\/?p=39681"},"modified":"2015-05-29T13:16:45","modified_gmt":"2015-05-29T10:16:45","slug":"petkimde-isveren-ile-sendika-ucret-artislari-konusunda-anlasamadi","status":"publish","type":"post","link":"https:\/\/www.enerjigazetesi.ist\/en\/petkimde-isveren-ile-sendika-ucret-artislari-konusunda-anlasamadi\/","title":{"rendered":"(Turkish) Petkim\u2019de \u0130\u015fveren \u0130le Sendika \u00dccret Art\u0131\u015flar\u0131 Konusunda Anla\u015famad\u0131!"},"content":{"rendered":"<p class=\"qtranxs-available-languages-message qtranxs-available-languages-message-en\">Sorry, this entry is only available in <a href=\"https:\/\/www.enerjigazetesi.ist\/tr\/wp-json\/wp\/v2\/posts\/39681\" class=\"qtranxs-available-language-link qtranxs-available-language-link-tr\" title=\"Turkish\">Turkish<\/a>. For the sake of viewer convenience, the content is shown below in the alternative language. You may click the link to switch the active language.<\/p><p><\/p>\n<p style=\"color: #000000;\"><strong>Bursa\u2019daki otomotiv i\u015f\u00e7ilerinin eyleminin sona ermesinin ard\u0131ndan bu kez \u0130zmir\u2019in Alia\u011fa \u0130l\u00e7esi\u2019ndeki Petkim \u0130\u015f\u00e7ileri isyan etti. Petrol\u00adi\u015f Sendikas\u0131 Alia\u011fa \u015eubesi Petrokimya Holding A.\u015e (PETK\u0130M)\u2019de s\u00fcrd\u00fcrd\u00fc\u011f\u00fc toplu i\u015f s\u00f6zle\u015fmesi g\u00f6r\u00fc\u015fmelerinin uzla\u015fma sa\u011flanamamas\u0131 \u00fczerine t\u0131kand\u0131\u011f\u0131n\u0131 a\u00e7\u0131klad\u0131.<span id=\"more-71849\"><\/span>\u00a0\u0130\u015f\u00e7iler iki saat ge\u00e7 i\u015fba\u015f\u0131 yaparak PETK\u0130M\u2019de protesto eylemi ba\u015flatt\u0131.<\/strong><\/p>\n<p style=\"color: #000000;\">Petkim Genel M\u00fcd\u00fcr\u00fc Sadettin Korkut, Petkim \u00e7al\u0131\u015fanlar\u0131n\u0131n T\u00fcrkiye ekonomisi a\u00e7\u0131s\u0131ndan \u00f6nemli bir i\u015f <a href=\"https:\/\/www.enerjigazetesi.ist\/wp-content\/uploads\/2015\/05\/petkimde-isveren-ile-sendika-ucret-artislari-konusunda-anlasamadi.jpg\"><img loading=\"lazy\" class=\"alignright wp-image-39682 size-medium\" src=\"https:\/\/www.enerjigazetesi.ist\/wp-content\/uploads\/2015\/05\/petkimde-isveren-ile-sendika-ucret-artislari-konusunda-anlasamadi-300x178.jpg\" alt=\"petkimde-isveren-ile-sendika-ucret-artislari-konusunda-anlasamadi\" width=\"300\" height=\"178\" srcset=\"https:\/\/www.enerjigazetesi.ist\/wp-content\/uploads\/2015\/05\/petkimde-isveren-ile-sendika-ucret-artislari-konusunda-anlasamadi-300x178.jpg 300w, https:\/\/www.enerjigazetesi.ist\/wp-content\/uploads\/2015\/05\/petkimde-isveren-ile-sendika-ucret-artislari-konusunda-anlasamadi-500x297.jpg 500w, https:\/\/www.enerjigazetesi.ist\/wp-content\/uploads\/2015\/05\/petkimde-isveren-ile-sendika-ucret-artislari-konusunda-anlasamadi-80x47.jpg 80w, https:\/\/www.enerjigazetesi.ist\/wp-content\/uploads\/2015\/05\/petkimde-isveren-ile-sendika-ucret-artislari-konusunda-anlasamadi.jpg 870w\" sizes=\"(max-width: 300px) 100vw, 300px\" \/><\/a>kolunda de\u011ferli bir g\u00f6revi yerine getirdi\u011fini belirterek, 15 ana fabrikada \u00e7al\u0131\u015fanlar\u0131n \u201cs\u00fcrekli \u00fcretim\u201d esas\u0131na dayal\u0131 motivasyonla hareket etti\u011fini, T\u0130S g\u00f6r\u00fc\u015fmelerinin de bu yakla\u015f\u0131m i\u00e7erisinde ger\u00e7ekle\u015fti\u011fini kaydetti.<\/p>\n<p style=\"color: #000000;\">Petkim\u2019in t\u00fcm imkanlar\u0131n\u0131 zorlayarak \u00e7al\u0131\u015fanlar\u0131na memnun olaca\u011f\u0131 bir \u00fccret zamm\u0131 vermesini g\u00f6z \u00f6n\u00fcnde bulundurdu\u011funu da bildiren Sadettin Korkut, birinci y\u0131l ilk 6 ay i\u00e7in y\u00fczde 5, ikinci, \u00fc\u00e7\u00fcnc\u00fc ve d\u00f6rd\u00fcnc\u00fc 6 aylar i\u00e7in de artan rakam\u0131n \u00fczerine, ger\u00e7ekle\u015fen enflasyon oran\u0131nda \u00fccret zamm\u0131, yan haklarda ise enflasyon oran\u0131nda art\u0131\u015f teklif edildi\u011fini vurgulad\u0131.<\/p>\n<p style=\"color: #000000;\">Petrol\u00adi\u015f Sendikas\u0131 Alia\u011fa \u015eube Ba\u015fkan\u0131 Ahmet Oktay, \u201cPetkim i\u015fvereniyle bug\u00fcne kadar s\u00fcrd\u00fcrd\u00fc\u011f\u00fcm\u00fcz toplu i\u015f s\u00f6zle\u015fme g\u00f6r\u00fc\u015fmelerimizde as\u0131l anla\u015fmazl\u0131k konusu olan 1997 y\u0131l\u0131ndan 2006 y\u0131l\u0131na kadar uyguland\u0131\u011f\u0131 halde i\u015fveren taraf\u0131ndan 2006 y\u0131l\u0131nda bozulan \u00fccret sisteminde kapat\u0131lmas\u0131n\u0131 istedi\u011fimiz farkt\u0131r. 2011 s\u00f6zle\u015fmemizde getirdi\u011fimiz noktay\u0131 bundan sonraki s\u00fcre\u00e7te kapatmas\u0131d\u0131r. Ancak yap\u0131lan son g\u00f6r\u00fc\u015fmelerde bu konu, iki ayr\u0131 skalaya iki ayr\u0131 \u00fccret olarak anla\u015f\u0131lm\u0131\u015f, fakat i\u015fverenin teklif etti\u011fi rakamlar istedi\u011fimizin \u00e7ok alt\u0131nda kalm\u0131\u015ft\u0131r. Pazartesi g\u00fcn\u00fc yap\u0131lan toplu i\u015f s\u00f6zle\u015fme g\u00f6r\u00fc\u015fmesinde; i\u015fveren ikili skala zamm\u0131n\u0131 geri \u00e7ekmi\u015f ve % 3.25 ile % 3.75 olarak getirdi\u011fi \u00fccret zamm\u0131n\u0131 ilk alt\u0131 ay i\u00e7in t\u00fcm \u00e7al\u0131\u015fanlara olmak \u00fczere % 5 olarak teklif etmi\u015ftir. Yapt\u0131\u011f\u0131m\u0131z g\u00f6r\u00fc\u015fmelerde i\u015fveren yetkilileri \u2018bizim size sunaca\u011f\u0131m\u0131z son teklif budur, son noktam\u0131z budur, bundan \u00f6te gidemeyiz\u2019 talepleri ile kar\u015f\u0131m\u0131za gelmektedir\u201d \u015feklide konu\u015ftu.<\/p>\n<p style=\"color: #000000;\">Kaynak: Enerji Enstit\u00fcs\u00fc<\/p>\n<p><\/p>","protected":false},"excerpt":{"rendered":"<p>Sorry, this entry is only available in Turkish. For the sake of viewer convenience, the content is shown below in the alternative language. You may click the link to switch the active language. Bursa\u2019daki otomotiv i\u015f\u00e7ilerinin eyleminin sona ermesinin ard\u0131ndan bu kez \u0130zmir\u2019in Alia\u011fa \u0130l\u00e7esi\u2019ndeki Petkim \u0130\u015f\u00e7ileri isyan etti. Petrol\u00adi\u015f Sendikas\u0131 Alia\u011fa \u015eubesi Petrokimya Holding [&hellip;]<\/p>\n","protected":false},"author":1,"featured_media":39682,"comment_status":"open","ping_status":"open","sticky":false,"template":"","format":"standard","meta":[],"categories":[53],"tags":[63,67,1009,2698,165,23085,23086,1568,23087,23088,3249,23089],"views":664,"_links":{"self":[{"href":"https:\/\/www.enerjigazetesi.ist\/en\/wp-json\/wp\/v2\/posts\/39681"}],"collection":[{"href":"https:\/\/www.enerjigazetesi.ist\/en\/wp-json\/wp\/v2\/posts"}],"about":[{"href":"https:\/\/www.enerjigazetesi.ist\/en\/wp-json\/wp\/v2\/types\/post"}],"author":[{"embeddable":true,"href":"https:\/\/www.enerjigazetesi.ist\/en\/wp-json\/wp\/v2\/users\/1"}],"replies":[{"embeddable":true,"href":"https:\/\/www.enerjigazetesi.ist\/en\/wp-json\/wp\/v2\/comments?post=39681"}],"version-history":[{"count":1,"href":"https:\/\/www.enerjigazetesi.ist\/en\/wp-json\/wp\/v2\/posts\/39681\/revisions"}],"predecessor-version":[{"id":39683,"href":"https:\/\/www.enerjigazetesi.ist\/en\/wp-json\/wp\/v2\/posts\/39681\/revisions\/39683"}],"wp:featuredmedia":[{"embeddable":true,"href":"https:\/\/www.enerjigazetesi.ist\/en\/wp-json\/wp\/v2\/media\/39682"}],"wp:attachment":[{"href":"https:\/\/www.enerjigazetesi.ist\/en\/wp-json\/wp\/v2\/media?parent=39681"}],"wp:term":[{"taxonomy":"category","embeddable":true,"href":"https:\/\/www.enerjigazetesi.ist\/en\/wp-json\/wp\/v2\/categories?post=39681"},{"taxonomy":"post_tag","embeddable":true,"href":"https:\/\/www.enerjigazetesi.ist\/en\/wp-json\/wp\/v2\/tags?post=39681"}],"curies":[{"name":"wp","href":"https:\/\/api.w.org\/{rel}","templated":true}]}}