{"id":39672,"date":"2015-05-29T12:58:21","date_gmt":"2015-05-29T09:58:21","guid":{"rendered":"https:\/\/www.enerjigazetesi.ist\/?p=39672"},"modified":"2015-05-29T12:58:21","modified_gmt":"2015-05-29T09:58:21","slug":"bakan-yildiz-maden-isletmecileriyle-gorustu","status":"publish","type":"post","link":"https:\/\/www.enerjigazetesi.ist\/en\/bakan-yildiz-maden-isletmecileriyle-gorustu\/","title":{"rendered":"(Turkish) Bakan Y\u0131ld\u0131z Maden \u0130\u015fletmecileriyle G\u00f6r\u00fc\u015ft\u00fc&#8230;"},"content":{"rendered":"<p class=\"qtranxs-available-languages-message qtranxs-available-languages-message-en\">Sorry, this entry is only available in <a href=\"https:\/\/www.enerjigazetesi.ist\/tr\/wp-json\/wp\/v2\/posts\/39672\" class=\"qtranxs-available-language-link qtranxs-available-language-link-tr\" title=\"Turkish\">Turkish<\/a>. For the sake of viewer convenience, the content is shown below in the alternative language. You may click the link to switch the active language.<\/p><p><\/p>\n<p style=\"color: #000000;\"><strong>Enerji ve Tabii Kaynaklar Bakan\u0131 Taner Y\u0131ld\u0131z, Torba Yasa\u2019n\u0131n ard\u0131ndan zor g\u00fcnler ge\u00e7iren redevansl\u0131 saha sahipleriyle g\u00f6r\u00fc\u015ft\u00fc. Bakan Y\u0131ld\u0131z, Torba Yasa sebebiyle zor g\u00fcnler ge\u00e7iren ve adeta ocaklar\u0131n\u0131n kap\u0131s\u0131na kilit vurma noktas\u0131na gelen maden i\u015fletmecileriyle toplant\u0131 yapt\u0131. Bas\u0131na kapal\u0131 ger\u00e7ekle\u015ftirilen toplant\u0131dan olumlu sonu\u00e7lar \u00e7\u0131kt\u0131.<\/strong><span id=\"more-71845\"><\/span><\/p>\n<p style=\"color: #000000;\">27 maden oca\u011f\u0131 sahibinin kat\u0131ld\u0131\u011f\u0131 toplant\u0131n\u0131n ard\u0131ndan bir de\u011ferlendirme yapan Zonguldakl\u0131 i\u015f adam\u0131 ve Ar\u0131 \u015eirketler Grubu Y\u00f6netim Kurulu Ba\u015fkan\u0131 Yusu<img loading=\"lazy\" class=\"alignright wp-image-39673 size-medium\" src=\"https:\/\/www.enerjigazetesi.ist\/wp-content\/uploads\/2015\/05\/bakan-yildiz-maden-isletmecileriyle-gorustu-300x200.jpg\" alt=\"bakan-yildiz-maden-isletmecileriyle-gorustu\" width=\"300\" height=\"200\" srcset=\"https:\/\/www.enerjigazetesi.ist\/wp-content\/uploads\/2015\/05\/bakan-yildiz-maden-isletmecileriyle-gorustu-300x200.jpg 300w, https:\/\/www.enerjigazetesi.ist\/wp-content\/uploads\/2015\/05\/bakan-yildiz-maden-isletmecileriyle-gorustu-500x333.jpg 500w, https:\/\/www.enerjigazetesi.ist\/wp-content\/uploads\/2015\/05\/bakan-yildiz-maden-isletmecileriyle-gorustu-75x50.jpg 75w, https:\/\/www.enerjigazetesi.ist\/wp-content\/uploads\/2015\/05\/bakan-yildiz-maden-isletmecileriyle-gorustu.jpg 720w\" sizes=\"(max-width: 300px) 100vw, 300px\" \/>f G\u00fcnay \u00f6nemli a\u00e7\u0131klamalarda bulundu. Bakan Taner Y\u0131ld\u0131z\u2019\u0131n, Torba Yasa\u2019n\u0131n maden i\u015fverenlerini zaman ve \u00fccretlerin y\u00fckseltilmesi a\u00e7\u0131s\u0131ndan nas\u0131l etkiledi\u011fini sordu\u011funu ifade eden Yusuf G\u00fcnay, \u201cGelece\u011fimizi nas\u0131l g\u00f6rd\u00fc\u011f\u00fcm\u00fcz\u00fc sordu. Biz yer alt\u0131 k\u00f6m\u00fcr i\u015fletmecileri olarak, maden yasas\u0131n\u0131n Zonguldak\u2019ta maden \u00fcreticilerini \u00e7ok etkiledi\u011fini s\u00f6yledik. Yer alt\u0131nda \u00e7al\u0131\u015fan insan toplam 104 g\u00fcn y\u0131ll\u0131k izin, 26 g\u00fcn senelik izin ve normal 15 g\u00fcn dini, milli bayramlar olmak \u00fczere 145 g\u00fcn tatil oldu\u011funu anlatt\u0131k. 365 g\u00fcn maa\u015f \u00f6d\u00fcyorsun, 220 g\u00fcn \u00e7al\u0131\u015f\u0131yor insan. 365 g\u00fcn sigorta, k\u0131dem tazminat\u0131 \u00f6d\u00fcyorsun. 365 g\u00fcne e\u015f de\u011fer \u015fekilde 26 g\u00fcn y\u0131ll\u0131k izin veriyorsun. Maa\u015flar\u0131n yukar\u0131ya \u00e7\u0131kmas\u0131n\u0131n yan\u0131nda, biz i\u015fverenler zaman kayb\u0131ndan dolay\u0131 \u00e7ok fazla etkilendik\u201d dedi.<\/p>\n<p style=\"color: #000000;\">Bakan Taner Y\u0131ld\u0131z\u2019a b\u00fcy\u00fck zaman kayb\u0131ndan dolay\u0131 Zonguldak\u2019ta madencili\u011fin yap\u0131lamayaca\u011f\u0131 s\u00f6ylediklerini belirten Yusuf G\u00fcnay, \u201cBu b\u00f6lgede \u00fcretilen k\u00f6m\u00fcr damarlar\u0131 olduk\u00e7a dar, k\u00f6m\u00fcr\u00fc kaliteli. \u00dcretilmesi \u00e7ok zor. Tabiat nas\u0131l k\u0131r\u0131ksa, yer alt\u0131 da bu \u015fekilde k\u0131r\u0131kt\u0131r. Bize iyile\u015ftireceklerine dair s\u00f6z verdiler\u201d diye konu\u015ftu.<\/p>\n<p style=\"color: #000000;\"><strong>\u201c32 L\u0130RA \u00d6DED\u0130\u011e\u0130M\u0130Z REDEVANSIN 5 L\u0130RAYA \u0130NMES\u0130N\u0130 TALEP ETT\u0130K\u201d<\/strong><\/p>\n<p style=\"color: #000000;\">32 lira \u00f6dedikleri redevans\u0131n 5 liraya inmesini talep ettiklerini s\u00f6yleyen G\u00fcnay, \u201cY\u00fczde 40,5 olan sigorta primleri toplam\u0131n\u0131n 20,5\u2019a indirilmesini, maden at\u0131klar\u0131ndan redevans dedi\u011fimiz kira bedelinin al\u0131nmamas\u0131n\u0131, vergi usul kanundaki gibi hurdada olan y\u00fczde 1 KDV\u2019nin uygulanmas\u0131n\u0131 kendisinden istedik. TTK Genel M\u00fcd\u00fcr\u00fc, Genel M\u00fcd\u00fcr Yard\u0131mc\u0131lar\u0131, Zonguldak milletvekili ve milletvekili adaylar\u0131 ile beraber, bu hafta i\u00e7inde, \u00f6n\u00fcm\u00fczdeki Sal\u0131\u2019ya kadar bu konuyu konu\u015fup Ankara\u2019da bir karara ba\u011flayaca\u011f\u0131n\u0131 s\u00f6yledi\u201d \u015feklinde konu\u015ftu.<\/p>\n<p style=\"color: #000000;\">Haberin Devam\u0131 i\u00e7in\u00a0<a style=\"color: #c75615;\" href=\"http:\/\/www.yenisafak.com.tr\/ekonomi\/bakan-yildiz-maden-isletmecileriyle-gorustu-2150170\" target=\"_blank\" rel=\"nofollow\">T\u0131klay\u0131n\u0131z&gt;&gt;&gt;<\/a><\/p>\n<p style=\"color: #000000;\">Kaynak: Yeni \u015eafak<\/p>\n<p><\/p>","protected":false},"excerpt":{"rendered":"<p>Sorry, this entry is only available in Turkish. For the sake of viewer convenience, the content is shown below in the alternative language. You may click the link to switch the active language. Enerji ve Tabii Kaynaklar Bakan\u0131 Taner Y\u0131ld\u0131z, Torba Yasa\u2019n\u0131n ard\u0131ndan zor g\u00fcnler ge\u00e7iren redevansl\u0131 saha sahipleriyle g\u00f6r\u00fc\u015ft\u00fc. Bakan Y\u0131ld\u0131z, Torba Yasa sebebiyle [&hellip;]<\/p>\n","protected":false},"author":1,"featured_media":39673,"comment_status":"open","ping_status":"open","sticky":false,"template":"","format":"standard","meta":[],"categories":[53],"tags":[710,63,67,1009,2698,165,5097,23079,23080,667,6823,7113],"views":911,"_links":{"self":[{"href":"https:\/\/www.enerjigazetesi.ist\/en\/wp-json\/wp\/v2\/posts\/39672"}],"collection":[{"href":"https:\/\/www.enerjigazetesi.ist\/en\/wp-json\/wp\/v2\/posts"}],"about":[{"href":"https:\/\/www.enerjigazetesi.ist\/en\/wp-json\/wp\/v2\/types\/post"}],"author":[{"embeddable":true,"href":"https:\/\/www.enerjigazetesi.ist\/en\/wp-json\/wp\/v2\/users\/1"}],"replies":[{"embeddable":true,"href":"https:\/\/www.enerjigazetesi.ist\/en\/wp-json\/wp\/v2\/comments?post=39672"}],"version-history":[{"count":1,"href":"https:\/\/www.enerjigazetesi.ist\/en\/wp-json\/wp\/v2\/posts\/39672\/revisions"}],"predecessor-version":[{"id":39674,"href":"https:\/\/www.enerjigazetesi.ist\/en\/wp-json\/wp\/v2\/posts\/39672\/revisions\/39674"}],"wp:featuredmedia":[{"embeddable":true,"href":"https:\/\/www.enerjigazetesi.ist\/en\/wp-json\/wp\/v2\/media\/39673"}],"wp:attachment":[{"href":"https:\/\/www.enerjigazetesi.ist\/en\/wp-json\/wp\/v2\/media?parent=39672"}],"wp:term":[{"taxonomy":"category","embeddable":true,"href":"https:\/\/www.enerjigazetesi.ist\/en\/wp-json\/wp\/v2\/categories?post=39672"},{"taxonomy":"post_tag","embeddable":true,"href":"https:\/\/www.enerjigazetesi.ist\/en\/wp-json\/wp\/v2\/tags?post=39672"}],"curies":[{"name":"wp","href":"https:\/\/api.w.org\/{rel}","templated":true}]}}