{"id":39647,"date":"2015-05-28T13:10:59","date_gmt":"2015-05-28T10:10:59","guid":{"rendered":"https:\/\/www.enerjigazetesi.ist\/?p=39647"},"modified":"2015-05-28T13:10:59","modified_gmt":"2015-05-28T10:10:59","slug":"kybeleden-sanliurfaya-9-mwlik-gunes-enerjisi-santrali-ges-kurulumu","status":"publish","type":"post","link":"https:\/\/www.enerjigazetesi.ist\/en\/kybeleden-sanliurfaya-9-mwlik-gunes-enerjisi-santrali-ges-kurulumu\/","title":{"rendered":"(Turkish) \u015eanl\u0131urfa`ya 9 MW`l\u0131k G\u00fcne\u015f Enerjisi Santrali (GES) Kurulumu!"},"content":{"rendered":"<p class=\"qtranxs-available-languages-message qtranxs-available-languages-message-en\">Sorry, this entry is only available in <a href=\"https:\/\/www.enerjigazetesi.ist\/tr\/wp-json\/wp\/v2\/posts\/39647\" class=\"qtranxs-available-language-link qtranxs-available-language-link-tr\" title=\"Turkish\">Turkish<\/a>. For the sake of viewer convenience, the content is shown below in the alternative language. You may click the link to switch the active language.<\/p><p><strong>Kybele G\u00fcne\u015fi 3 Enerji, \u015eanl\u0131urfa`da 9 MW kurulu g\u00fcc\u00fcnde G\u00fcne\u015f Enerji Santrali kuracak.<\/strong><\/p>\n<p>Kybele G\u00fcne\u015fi 3 Enerji A.\u015e. taraf\u0131ndan \u015eanl\u0131urfa \u0130li, Viran\u015fehir \u0130l\u00e7esi, Defterdar Mahallesi Mevkiinde, 188087,49 m2`lik arazide 9 MW g\u00fcc\u00fcnde G\u00fcne\u015f Enerjisi Santrali kurulacak.<a href=\"https:\/\/www.enerjigazetesi.ist\/wp-content\/uploads\/2015\/05\/kybeleden-sanliurfaya-9-mwlik-gunes-enerjisi-santrali-ges-kurulumu.jpg\"><img loading=\"lazy\" class=\"alignleft wp-image-39648 size-medium\" src=\"https:\/\/www.enerjigazetesi.ist\/wp-content\/uploads\/2015\/05\/kybeleden-sanliurfaya-9-mwlik-gunes-enerjisi-santrali-ges-kurulumu-300x200.jpg\" alt=\"kybeleden-sanliurfaya-9-mwlik-gunes-enerjisi-santrali-ges-kurulumu\" width=\"300\" height=\"200\" srcset=\"https:\/\/www.enerjigazetesi.ist\/wp-content\/uploads\/2015\/05\/kybeleden-sanliurfaya-9-mwlik-gunes-enerjisi-santrali-ges-kurulumu-300x200.jpg 300w, https:\/\/www.enerjigazetesi.ist\/wp-content\/uploads\/2015\/05\/kybeleden-sanliurfaya-9-mwlik-gunes-enerjisi-santrali-ges-kurulumu-74x50.jpg 74w, https:\/\/www.enerjigazetesi.ist\/wp-content\/uploads\/2015\/05\/kybeleden-sanliurfaya-9-mwlik-gunes-enerjisi-santrali-ges-kurulumu.jpg 448w\" sizes=\"(max-width: 300px) 100vw, 300px\" \/><\/a><\/p>\n<p>Yap\u0131lmas\u0131 planlanan G\u00fcne\u015f Enerji Santralinde, 36.134Panel, 40 kwp g\u00fcc\u00fcnde toplam 225 adet inverter ekipmanlar\u0131 kullan\u0131larak elde edilecek 9 MW elektrik enerjisini do\u011fru ak\u0131mdan alternatif ak\u0131ma \u00e7eviren 9 adet trafo \u015febekeleri vas\u0131tas\u0131yla da\u011f\u0131t\u0131m hatlar\u0131na verilecek.<\/p>\n<p><strong>PROJE \u0130LE \u0130LG\u0130L\u0130 \u00c7ED S\u00dcREC\u0130 BA\u015eLADI<\/strong><\/p>\n<p>\u00c7evresel Etki De\u011ferlendirmesi \u0130zin ve Denetim Genel M\u00fcd\u00fcrl\u00fc\u011f\u00fc`n\u00fcn internet sitesinde konu ile ilgili yap\u0131lan a\u00e7\u0131klamada, kapasite artt\u0131r\u0131m projesi ile ilgili \u00c7evresel Etki De\u011ferlendirmesi s\u00fcrecinin ba\u015flad\u0131\u011f\u0131 duyuruldu. \u00c7ED S\u00fcreci tamamlanana kadar s\u00fcre\u00e7 ile ilgili her t\u00fcrl\u00fc bilgiler ve projeye ili\u015fkin g\u00f6r\u00fc\u015f, soru ve \u00f6neriler \u015eanl\u0131urfa Valili\u011fi`ne (\u00c7evre ve \u015eehircilik \u0130l M\u00fcd\u00fcrl\u00fc\u011f\u00fc) veya \u00c7evre ve \u015eehircilik Bakanl\u0131\u011f\u0131na g\u00f6nderilebilecek.<\/p>\n<p>Kaynak: <a href=\"http:\/\/enerjigunlugu.net\/kybeleden-sanliurfaya-9-mwlik-ges_13788.html#.VWbt19Ltmko\" target=\"_blank\" rel=\"nofollow\">Enerji G\u00fcnl\u00fc\u011f\u00fc<\/a><\/p>","protected":false},"excerpt":{"rendered":"<p>Sorry, this entry is only available in Turkish. For the sake of viewer convenience, the content is shown below in the alternative language. You may click the link to switch the active language.Kybele G\u00fcne\u015fi 3 Enerji, \u015eanl\u0131urfa`da 9 MW kurulu g\u00fcc\u00fcnde G\u00fcne\u015f Enerji Santrali kuracak. Kybele G\u00fcne\u015fi 3 Enerji A.\u015e. taraf\u0131ndan \u015eanl\u0131urfa \u0130li, Viran\u015fehir \u0130l\u00e7esi, [&hellip;]<\/p>\n","protected":false},"author":1,"featured_media":39648,"comment_status":"open","ping_status":"open","sticky":false,"template":"","format":"standard","meta":[],"categories":[53,49],"tags":[5927,63,67,1009,2698,165,2326,21886,227,13,2569,21768,23062,2097],"views":1630,"_links":{"self":[{"href":"https:\/\/www.enerjigazetesi.ist\/en\/wp-json\/wp\/v2\/posts\/39647"}],"collection":[{"href":"https:\/\/www.enerjigazetesi.ist\/en\/wp-json\/wp\/v2\/posts"}],"about":[{"href":"https:\/\/www.enerjigazetesi.ist\/en\/wp-json\/wp\/v2\/types\/post"}],"author":[{"embeddable":true,"href":"https:\/\/www.enerjigazetesi.ist\/en\/wp-json\/wp\/v2\/users\/1"}],"replies":[{"embeddable":true,"href":"https:\/\/www.enerjigazetesi.ist\/en\/wp-json\/wp\/v2\/comments?post=39647"}],"version-history":[{"count":1,"href":"https:\/\/www.enerjigazetesi.ist\/en\/wp-json\/wp\/v2\/posts\/39647\/revisions"}],"predecessor-version":[{"id":39649,"href":"https:\/\/www.enerjigazetesi.ist\/en\/wp-json\/wp\/v2\/posts\/39647\/revisions\/39649"}],"wp:featuredmedia":[{"embeddable":true,"href":"https:\/\/www.enerjigazetesi.ist\/en\/wp-json\/wp\/v2\/media\/39648"}],"wp:attachment":[{"href":"https:\/\/www.enerjigazetesi.ist\/en\/wp-json\/wp\/v2\/media?parent=39647"}],"wp:term":[{"taxonomy":"category","embeddable":true,"href":"https:\/\/www.enerjigazetesi.ist\/en\/wp-json\/wp\/v2\/categories?post=39647"},{"taxonomy":"post_tag","embeddable":true,"href":"https:\/\/www.enerjigazetesi.ist\/en\/wp-json\/wp\/v2\/tags?post=39647"}],"curies":[{"name":"wp","href":"https:\/\/api.w.org\/{rel}","templated":true}]}}