{"id":39632,"date":"2015-05-28T12:48:47","date_gmt":"2015-05-28T09:48:47","guid":{"rendered":"https:\/\/www.enerjigazetesi.ist\/?p=39632"},"modified":"2015-05-28T12:48:47","modified_gmt":"2015-05-28T09:48:47","slug":"en-buyuk-barajimiz-olan-ataturk-barajinda-doluluk-orani-artti","status":"publish","type":"post","link":"https:\/\/www.enerjigazetesi.ist\/en\/en-buyuk-barajimiz-olan-ataturk-barajinda-doluluk-orani-artti\/","title":{"rendered":"(Turkish) En B\u00fcy\u00fck Baraj\u0131m\u0131z Olan Atat\u00fcrk Baraj\u0131\u2019nda Doluluk Oran\u0131 Artt\u0131&#8230;"},"content":{"rendered":"<p class=\"qtranxs-available-languages-message qtranxs-available-languages-message-en\">Sorry, this entry is only available in <a href=\"https:\/\/www.enerjigazetesi.ist\/tr\/wp-json\/wp\/v2\/posts\/39632\" class=\"qtranxs-available-language-link qtranxs-available-language-link-tr\" title=\"Turkish\">Turkish<\/a>. For the sake of viewer convenience, the content is shown below in the alternative language. You may click the link to switch the active language.<\/p><p><\/p>\n<p style=\"color: #000000;\"><strong>Atat\u00fcrk Baraj\u0131\u2019nda yakla\u015f\u0131k \u00fc\u00e7 ay \u00f6nce 532 metre civar\u0131nda olan su kotu 536 metreye ula\u015ft\u0131, doluluk oran\u0131 ise y\u00fczde 15 art\u0131\u015fla y\u00fczde 58 oldu. DS\u0130\u2019nin yapt\u0131\u011f\u0131 a\u00e7\u0131klamaya g\u00f6re \u0130htiya\u00e7 duyulan su konusunda herhangi bir s\u0131k\u0131nt\u0131 bulunmuyor.<a href=\"https:\/\/www.enerjigazetesi.ist\/wp-content\/uploads\/2015\/05\/en-buyuk-barajimiz-olan-ataturk-barajinda-doluluk-orani-artti.jpg\"><img loading=\"lazy\" class=\"alignright size-medium wp-image-39633\" src=\"https:\/\/www.enerjigazetesi.ist\/wp-content\/uploads\/2015\/05\/en-buyuk-barajimiz-olan-ataturk-barajinda-doluluk-orani-artti-300x199.jpg\" alt=\"en-buyuk-barajimiz-olan-ataturk-barajinda-doluluk-orani-artti\" width=\"300\" height=\"199\" srcset=\"https:\/\/www.enerjigazetesi.ist\/wp-content\/uploads\/2015\/05\/en-buyuk-barajimiz-olan-ataturk-barajinda-doluluk-orani-artti-300x199.jpg 300w, https:\/\/www.enerjigazetesi.ist\/wp-content\/uploads\/2015\/05\/en-buyuk-barajimiz-olan-ataturk-barajinda-doluluk-orani-artti-500x332.jpg 500w, https:\/\/www.enerjigazetesi.ist\/wp-content\/uploads\/2015\/05\/en-buyuk-barajimiz-olan-ataturk-barajinda-doluluk-orani-artti-75x50.jpg 75w, https:\/\/www.enerjigazetesi.ist\/wp-content\/uploads\/2015\/05\/en-buyuk-barajimiz-olan-ataturk-barajinda-doluluk-orani-artti.jpg 870w\" sizes=\"(max-width: 300px) 100vw, 300px\" \/><\/a><\/strong><span id=\"more-71834\"><\/span><\/p>\n<p style=\"color: #000000;\">\u00d6zellikle nisan ay\u0131ndaki ya\u011f\u0131\u015flara paralel olarak baraj\u0131n su seviyesi y\u00fckseldi.<\/p>\n<p style=\"color: #000000;\">Atat\u00fcrk Baraj\u0131\u2019nda \u00fc\u00e7 ayda rezerv edilen yakla\u015f\u0131k 4 milyar metrek\u00fcp su, T\u00fcrkiye\u2019nin en y\u00fcksek baraj\u0131 konumundaki Deriner Baraj\u0131\u2019n\u0131n toplam rezerv kapasitesini ise ikiye katlad\u0131. Toplam suyunun \u00fc\u00e7te biri sulamada kullan\u0131lmak \u00fczere ayr\u0131lan baraj\u0131n kullan\u0131labilir su kapasitesi 7 milyar metrek\u00fcpe yakla\u015ft\u0131.<\/p>\n<p style=\"color: #000000;\">DS\u0130 15. B\u00f6lge M\u00fcd\u00fcr\u00fc O\u011fuz Kasap, yapt\u0131\u011f\u0131 a\u00e7\u0131klamada, baraj\u0131n su seviyesinin b\u00f6lgedeki ya\u011f\u0131\u015flara g\u00f6re normal oldu\u011funu s\u00f6yledi. \u0130lkbahar ya\u011f\u0131\u015flar\u0131yla seviyenin artt\u0131\u011f\u0131n\u0131 vurgulayan Kasap, mevcut su kotunun maksimum seviyeye ula\u015fabilmesi i\u00e7in 6 metreye daha ihtiya\u00e7 duyuldu\u011funu ifade etti. Barajda su s\u0131k\u0131nt\u0131s\u0131n\u0131n olmad\u0131\u011f\u0131na dikkat \u00e7ekti.<\/p>\n<p style=\"color: #000000;\">Kaynak: Enerji Enstit\u00fcs\u00fc<\/p>\n<p><\/p>","protected":false},"excerpt":{"rendered":"<p>Sorry, this entry is only available in Turkish. For the sake of viewer convenience, the content is shown below in the alternative language. You may click the link to switch the active language. Atat\u00fcrk Baraj\u0131\u2019nda yakla\u015f\u0131k \u00fc\u00e7 ay \u00f6nce 532 metre civar\u0131nda olan su kotu 536 metreye ula\u015ft\u0131, doluluk oran\u0131 ise y\u00fczde 15 art\u0131\u015fla y\u00fczde [&hellip;]<\/p>\n","protected":false},"author":1,"featured_media":39633,"comment_status":"open","ping_status":"open","sticky":false,"template":"","format":"standard","meta":[],"categories":[53],"tags":[1922,1990,1359,23052,1091,63,67,1009,2698,165,99,23053,23054,23055],"views":860,"_links":{"self":[{"href":"https:\/\/www.enerjigazetesi.ist\/en\/wp-json\/wp\/v2\/posts\/39632"}],"collection":[{"href":"https:\/\/www.enerjigazetesi.ist\/en\/wp-json\/wp\/v2\/posts"}],"about":[{"href":"https:\/\/www.enerjigazetesi.ist\/en\/wp-json\/wp\/v2\/types\/post"}],"author":[{"embeddable":true,"href":"https:\/\/www.enerjigazetesi.ist\/en\/wp-json\/wp\/v2\/users\/1"}],"replies":[{"embeddable":true,"href":"https:\/\/www.enerjigazetesi.ist\/en\/wp-json\/wp\/v2\/comments?post=39632"}],"version-history":[{"count":1,"href":"https:\/\/www.enerjigazetesi.ist\/en\/wp-json\/wp\/v2\/posts\/39632\/revisions"}],"predecessor-version":[{"id":39634,"href":"https:\/\/www.enerjigazetesi.ist\/en\/wp-json\/wp\/v2\/posts\/39632\/revisions\/39634"}],"wp:featuredmedia":[{"embeddable":true,"href":"https:\/\/www.enerjigazetesi.ist\/en\/wp-json\/wp\/v2\/media\/39633"}],"wp:attachment":[{"href":"https:\/\/www.enerjigazetesi.ist\/en\/wp-json\/wp\/v2\/media?parent=39632"}],"wp:term":[{"taxonomy":"category","embeddable":true,"href":"https:\/\/www.enerjigazetesi.ist\/en\/wp-json\/wp\/v2\/categories?post=39632"},{"taxonomy":"post_tag","embeddable":true,"href":"https:\/\/www.enerjigazetesi.ist\/en\/wp-json\/wp\/v2\/tags?post=39632"}],"curies":[{"name":"wp","href":"https:\/\/api.w.org\/{rel}","templated":true}]}}