{"id":3960,"date":"2012-12-02T17:25:26","date_gmt":"2012-12-02T14:25:26","guid":{"rendered":"https:\/\/www.enerjigazetesi.ist\/?p=3960"},"modified":"2012-12-02T18:16:54","modified_gmt":"2012-12-02T15:16:54","slug":"elektrigini-gunesten-uret-devlete-sat","status":"publish","type":"post","link":"https:\/\/www.enerjigazetesi.ist\/en\/elektrigini-gunesten-uret-devlete-sat\/","title":{"rendered":"(Turkish) Elektri\u011fini G\u00fcne\u015ften \u00dcret Devlete Sat"},"content":{"rendered":"<p class=\"qtranxs-available-languages-message qtranxs-available-languages-message-en\">Sorry, this entry is only available in <a href=\"https:\/\/www.enerjigazetesi.ist\/tr\/wp-json\/wp\/v2\/posts\/3960\" class=\"qtranxs-available-language-link qtranxs-available-language-link-tr\" title=\"Turkish\">Turkish<\/a>. For the sake of viewer convenience, the content is shown below in the alternative language. You may click the link to switch the active language.<\/p><p><strong>T\u00fcrkiye&#8217;de sadece su \u0131s\u0131tmak i\u00e7in kullan\u0131lan g\u00fcne\u015f enerjisiyle art\u0131k elektrik \u00fcretmek kolay, ihtiya\u00e7 fazlas\u0131n\u0131 da devlete satmak m\u00fcmk\u00fcn.<\/strong><br \/>\n<img loading=\"lazy\" class=\"alignright size-medium wp-image-3961\" title=\"solar-enerji-gunes-enerjisi\" src=\"https:\/\/www.enerjigazetesi.ist\/wp-content\/uploads\/2012\/11\/solar-enerji-gunes-enerjisi-300x225.jpg\" alt=\"\" width=\"300\" height=\"225\" srcset=\"https:\/\/www.enerjigazetesi.ist\/wp-content\/uploads\/2012\/11\/solar-enerji-gunes-enerjisi-300x225.jpg 300w, https:\/\/www.enerjigazetesi.ist\/wp-content\/uploads\/2012\/11\/solar-enerji-gunes-enerjisi-66x50.jpg 66w, https:\/\/www.enerjigazetesi.ist\/wp-content\/uploads\/2012\/11\/solar-enerji-gunes-enerjisi.jpg 400w\" sizes=\"(max-width: 300px) 100vw, 300px\" \/><a href=\"http:\/\/www.enve.com.tr\" target=\"_blank\"><strong>YEN\u0130LENEB\u0130L\u0130R enerji<\/strong> <\/a>sekt\u00f6r\u00fcn\u00fcn \u00f6nde gelen isimlerinden GQ Solar Enerji Firmas\u0131, g\u00fcne\u015f enerjisi sekt\u00f6r\u00fcn\u00fcn Almanya&#8217;daki \u00f6nc\u00fc firmalar\u0131n\u0131 Antalya&#8217;da a\u011f\u0131rlad\u0131. \u00d6zkaymak Falez Otel&#8217;de \u00fc\u00e7 g\u00fcn s\u00fcren toplant\u0131 ve seminerlerde, Alman firma temsilcilerine solar sekt\u00f6r\u00fcn\u00fcn T\u00fcrkiye&#8217;deki uygulama alanlar\u0131n\u0131n tan\u0131t\u0131m\u0131, geli\u015fimi ve sorunlar\u0131 hakk\u0131nda bilgi verildi. Alman i\u015fadamlar\u0131 da d\u00fcnyada kullan\u0131lan en yeni g\u00fcne\u015f enerji teknolojilerini tan\u0131tt\u0131.<br \/>\n<strong><\/strong><\/p>\n<p><strong>ENERJ\u0130N\u0130 \u00dcRET FAZLASINI SAT<\/strong><\/p>\n<p><strong><\/strong><br \/>\nGQ Solar Enerji Genel M\u00fcd\u00fcr\u00fc Ay\u015fe \u00d6zkan, enerjide verimlilik ve tasarrufun art\u0131r\u0131lmas\u0131n\u0131 \u00f6ng\u00f6ren Enerji Verimlili\u011fi Yasas\u0131 gere\u011fi, 11 A\u011fustos 2011&#8217;de Resmi Gazete&#8217;de yay\u0131nlanan Elektrik Piyasas\u0131 Lisanss\u0131z Elektrik \u00fcretimine ili\u015fkin y\u00f6netmeli\u011fin uygulanmas\u0131na dair tebli\u011fi ile ki\u015filerin g\u00fcne\u015f ve r\u00fczgar gibi do\u011fal kaynaklardan kendi elektriklerini \u00fcreterek, gerekti\u011finde bu enerjiyi da\u011f\u0131t\u0131m \u015firketlerine satmalar\u0131n\u0131n yolunun a\u00e7\u0131ld\u0131\u011f\u0131n\u0131 s\u00f6yledi.<\/p>\n<p>&nbsp;<\/p>\n<p><strong>G\u00dcNE\u015e SADECE SU ISITMADA KULLANILIYOR<\/strong><br \/>\n\u00d6zkan, Japonya, Almanya ve ABD gibi g\u00fcne\u015ften elektrik \u00fcreten \u00fclkelere g\u00f6re 3 saat daha fazla g\u00fcne\u015f alan T\u00fcrkiye&#8217;de g\u00fcne\u015f enerjisi sadece su \u0131s\u0131tmada kullan\u0131ld\u0131\u011f\u0131na i\u015faret etti. T\u00fcrkiye&#8217;nin g\u00fcnl\u00fck ortalama 7,2 saat g\u00fcne\u015flenme s\u00fcresi oldu\u011funu belirten Ay\u015fe \u00d6zkan, geli\u015fmi\u015f \u00fclkelerde \u00e7at\u0131lar\u0131na g\u00fcne\u015f pili koyarak elektrik \u00fcretenlerin te\u015fvik edildi\u011fini s\u00f6yledi. \u00d6zkan, &#8220;Almanya&#8217;da bir\u00e7ok konutun \u00e7at\u0131s\u0131 g\u00fcne\u015f pili ile kaplan\u0131yor. Ancak T\u00fcrkiye&#8217;de bu teknoloji yeterince kullan\u0131lm\u0131yor&#8221; dedi.<br \/>\n<strong><\/strong><\/p>\n<p><strong>ELEKTR\u0130\u011e\u0130 G\u00dcNE\u015eTEN ELDE ED\u0130YORUZ<\/strong><\/p>\n<p><strong><\/strong><br \/>\nSolar enerji konusunda Alman teknolojisini Antalya&#8217;ya ta\u015f\u0131maya haz\u0131r olduklar\u0131na de\u011finen Ay\u015fe \u00d6zkan, &#8220;Bu teknolojiyi T\u00fcrkiye&#8217;nin g\u00fcne\u015f zengini \u015fehri Antalya getirmek \u00f6nemli. Fakat daha da \u00f6nemlisi teknolojinin burada e\u011fitimli ki\u015filer taraf\u0131ndan uygulan\u0131yor olmas\u0131d\u0131r. Elektri\u011fin g\u00fcne\u015ften elde edili\u015fi s\u0131ras\u0131nda s\u0131k\u0131nt\u0131 ya\u015fanmamas\u0131 i\u00e7in, teknolojiyi uygulayacak ustalara e\u011fitim verece\u011fiz. Bunun i\u00e7in e\u011fitim programlar\u0131 geli\u015ftirdik&#8221; diye konu\u015ftu.<br \/>\n<strong><\/strong><\/p>\n<p><strong>YEN\u0130 KEBANLARA GEREK YOK<\/strong><\/p>\n<p><strong><\/strong><br \/>\nAlmanya&#8217;da 2007&#8217;de kurulan ve g\u00fcne\u015ften beslenen 130 bin k\u00fc\u00e7\u00fck elektrik \u00fcretim sisteminin toplam kapasitesinin bin 100 MW oldu\u011funun alt\u0131n\u0131 \u00e7izen \u00d6zkan, \u015f\u00f6yle devam etti: &#8220;Bu g\u00fc\u00e7 yakla\u015f\u0131k olarak Keban Baraj\u0131&#8217;n\u0131n kapasitesindedir. \u00dcstelik k\u00fcresel \u0131s\u0131nmadan dolay\u0131 Keban Baraj\u0131 tam kapasite kullan\u0131lamamaktad\u0131r. Alman devleti Keban Baraj\u0131 kadar bir kapasiteyi hi\u00e7bir devlet yat\u0131r\u0131m\u0131 yapmadan elde etmi\u015ftir. Biz daha b\u00fcy\u00fck kapasiteli enerji \u00fcretimini neden elde etmeyelim?&#8221;\u00a0<strong> <\/strong><\/p>\n<p><strong>HER EV KEND\u0130 ENERJ\u0130S\u0130N\u0130 \u00dcRETEB\u0130L\u0130R<\/strong><\/p>\n<p><strong><\/strong><strong><\/strong><br \/>\nAlmanya&#8217;dan gelen Enerfux, Solarschmiede, Axsol, G\u00f6bel Solar, BBZ-HWK Arnsberg, Gy Solar, G\u00f6bel Solar firmalar\u0131n\u0131n yetkilileri, d\u00fcnyada her konuda oldu\u011fu gibi enerjide de merkeziyet\u00e7ilikten, bireyselli\u011fe y\u00f6nelim oldu\u011funu s\u00f6ylediler. Alfred G\u00f6bel, her ev kendi enerjisini, \u00e7at\u0131s\u0131na kurdu\u011fu g\u00fcne\u015f pilleriyle kar\u015f\u0131layabilir. B\u00f6ylece iletim ve enerji ta\u015f\u0131ma maliyetleri ve kay\u0131plar\u0131 ortadan kalkar&#8221; dedi.<\/p>\n<p>Kaynak: <a href=\"http:\/\/www.gercekgundem.com\/?p=507620\" target=\"_blank\">Ger\u00e7ek G\u00fcndem<\/a><\/p>","protected":false},"excerpt":{"rendered":"<p>Sorry, this entry is only available in Turkish. For the sake of viewer convenience, the content is shown below in the alternative language. You may click the link to switch the active language.T\u00fcrkiye&#8217;de sadece su \u0131s\u0131tmak i\u00e7in kullan\u0131lan g\u00fcne\u015f enerjisiyle art\u0131k elektrik \u00fcretmek kolay, ihtiya\u00e7 fazlas\u0131n\u0131 da devlete satmak m\u00fcmk\u00fcn. YEN\u0130LENEB\u0130L\u0130R enerji sekt\u00f6r\u00fcn\u00fcn \u00f6nde gelen [&hellip;]<\/p>\n","protected":false},"author":1,"featured_media":3961,"comment_status":"open","ping_status":"open","sticky":false,"template":"","format":"standard","meta":[],"categories":[51,53,49],"tags":[67,607,13,275,105],"views":6434,"_links":{"self":[{"href":"https:\/\/www.enerjigazetesi.ist\/en\/wp-json\/wp\/v2\/posts\/3960"}],"collection":[{"href":"https:\/\/www.enerjigazetesi.ist\/en\/wp-json\/wp\/v2\/posts"}],"about":[{"href":"https:\/\/www.enerjigazetesi.ist\/en\/wp-json\/wp\/v2\/types\/post"}],"author":[{"embeddable":true,"href":"https:\/\/www.enerjigazetesi.ist\/en\/wp-json\/wp\/v2\/users\/1"}],"replies":[{"embeddable":true,"href":"https:\/\/www.enerjigazetesi.ist\/en\/wp-json\/wp\/v2\/comments?post=3960"}],"version-history":[{"count":4,"href":"https:\/\/www.enerjigazetesi.ist\/en\/wp-json\/wp\/v2\/posts\/3960\/revisions"}],"predecessor-version":[{"id":4010,"href":"https:\/\/www.enerjigazetesi.ist\/en\/wp-json\/wp\/v2\/posts\/3960\/revisions\/4010"}],"wp:featuredmedia":[{"embeddable":true,"href":"https:\/\/www.enerjigazetesi.ist\/en\/wp-json\/wp\/v2\/media\/3961"}],"wp:attachment":[{"href":"https:\/\/www.enerjigazetesi.ist\/en\/wp-json\/wp\/v2\/media?parent=3960"}],"wp:term":[{"taxonomy":"category","embeddable":true,"href":"https:\/\/www.enerjigazetesi.ist\/en\/wp-json\/wp\/v2\/categories?post=3960"},{"taxonomy":"post_tag","embeddable":true,"href":"https:\/\/www.enerjigazetesi.ist\/en\/wp-json\/wp\/v2\/tags?post=3960"}],"curies":[{"name":"wp","href":"https:\/\/api.w.org\/{rel}","templated":true}]}}