{"id":39589,"date":"2015-05-26T15:50:20","date_gmt":"2015-05-26T12:50:20","guid":{"rendered":"https:\/\/www.enerjigazetesi.ist\/?p=39589"},"modified":"2015-05-26T15:50:20","modified_gmt":"2015-05-26T12:50:20","slug":"abdye-sebekeden-bagimsiz-ilk-gunes-bolgesi","status":"publish","type":"post","link":"https:\/\/www.enerjigazetesi.ist\/en\/abdye-sebekeden-bagimsiz-ilk-gunes-bolgesi\/","title":{"rendered":"(Turkish) ABD`ye \u015eebekeden Ba\u011f\u0131ms\u0131z \u0130lk G\u00fcne\u015f B\u00f6lgesi&#8230;"},"content":{"rendered":"<p class=\"qtranxs-available-languages-message qtranxs-available-languages-message-en\">Sorry, this entry is only available in <a href=\"https:\/\/www.enerjigazetesi.ist\/tr\/wp-json\/wp\/v2\/posts\/39589\" class=\"qtranxs-available-language-link qtranxs-available-language-link-tr\" title=\"Turkish\">Turkish<\/a>. For the sake of viewer convenience, the content is shown below in the alternative language. You may click the link to switch the active language.<\/p><p><strong>Amerika`n\u0131n New York \u015fehrinde bulunan Brooklyn idari b\u00f6lgesi ilk \u015febekeden ba\u011f\u0131ms\u0131z g\u00fcne\u015f enerjisi b\u00f6lgesi olacak.<\/strong><\/p>\n<p>New York \u015fehrinin en b\u00fcy\u00fck idari b\u00f6lgesi olan Brooklyn, Amerika`n\u0131n ilk \u015febekeden ba\u011f\u0131ms\u0131z mikrogrid toplulu<a href=\"https:\/\/www.enerjigazetesi.ist\/wp-content\/uploads\/2015\/05\/abdye-sebekeden-bagimsiz-ilk-gunes-bolgesi.jpg\"><img loading=\"lazy\" class=\"alignright size-medium wp-image-39590\" src=\"https:\/\/www.enerjigazetesi.ist\/wp-content\/uploads\/2015\/05\/abdye-sebekeden-bagimsiz-ilk-gunes-bolgesi-300x144.jpg\" alt=\"abdye-sebekeden-bagimsiz-ilk-gunes-bolgesi\" width=\"300\" height=\"144\" srcset=\"https:\/\/www.enerjigazetesi.ist\/wp-content\/uploads\/2015\/05\/abdye-sebekeden-bagimsiz-ilk-gunes-bolgesi-300x144.jpg 300w, https:\/\/www.enerjigazetesi.ist\/wp-content\/uploads\/2015\/05\/abdye-sebekeden-bagimsiz-ilk-gunes-bolgesi-500x241.jpg 500w, https:\/\/www.enerjigazetesi.ist\/wp-content\/uploads\/2015\/05\/abdye-sebekeden-bagimsiz-ilk-gunes-bolgesi-80x38.jpg 80w, https:\/\/www.enerjigazetesi.ist\/wp-content\/uploads\/2015\/05\/abdye-sebekeden-bagimsiz-ilk-gunes-bolgesi.jpg 564w\" sizes=\"(max-width: 300px) 100vw, 300px\" \/><\/a>\u011fu olacak.<\/p>\n<p><strong>M\u0130KROGR\u0130D TEKNOLOJ\u0130S\u0130 GEL\u0130\u015eT\u0130R\u0130LECEK<\/strong><\/p>\n<p>Vali Andrew M. Cuomo, Eyalet genelinde in\u015fa edebilmek i\u00e7in mikrogrid tasar\u0131m\u0131 i\u00e7in 40 milyon dolar te\u015fvik verecek. B\u00f6ylece yeni tasar\u0131m ile mevcut g\u00fcne\u015f enerjisi teknolojilerindeki \u015febeke ba\u011flant\u0131s\u0131 olmadan g\u00fcne\u015f panellerinin \u00e7al\u0131\u015fmamas\u0131 sorunu ortadan kald\u0131r\u0131lacak.<\/p>\n<p>Mikrogridler ana \u015febekenin i\u00e7inde bulunan ve b\u00f6lgenin ana elektrik \u015febekesi ile ba\u011flant\u0131 halinde olan bir alt \u015febeke olacak ve ayn\u0131 zamanda kendi ba\u015flar\u0131na elektrik \u015febekesi ile ba\u011flant\u0131y\u0131 kesebilecekler.<\/p>\n<p>B\u00f6ylece b\u00f6lge sakinleri kendi elektriklerini \u015febekeden ba\u011f\u0131ms\u0131z bir \u015fekilde \u00fcretebilecekler, fazlas\u0131n\u0131 da \u015febekeye satabilecekler. Ayr\u0131ca elektri\u011fin iletimi sorunu kalmad\u0131\u011f\u0131ndan iletim ile kaybedildi\u011fi hesaplanan y\u00fczde 6`l\u0131k kayb\u0131n da olmayaca\u011f\u0131 ifade ediliyor.<\/p>\n<p>Kaynak: <a href=\"http:\/\/enerjigunlugu.net\/abdye-sebekeden-bagimsiz-ilk-gunes-bolgesi_13759.html#.VWRwONLtmko\" target=\"_blank\" rel=\"nofollow\">Enerji G\u00fcnl\u00fc\u011f\u00fc<\/a><\/p>","protected":false},"excerpt":{"rendered":"<p>Sorry, this entry is only available in Turkish. For the sake of viewer convenience, the content is shown below in the alternative language. You may click the link to switch the active language.Amerika`n\u0131n New York \u015fehrinde bulunan Brooklyn idari b\u00f6lgesi ilk \u015febekeden ba\u011f\u0131ms\u0131z g\u00fcne\u015f enerjisi b\u00f6lgesi olacak. New York \u015fehrinin en b\u00fcy\u00fck idari b\u00f6lgesi olan [&hellip;]<\/p>\n","protected":false},"author":1,"featured_media":39590,"comment_status":"open","ping_status":"open","sticky":false,"template":"","format":"standard","meta":[],"categories":[53,49],"tags":[1198,23024,63,67,1009,2698,165,227,13,23025,4768],"views":1120,"_links":{"self":[{"href":"https:\/\/www.enerjigazetesi.ist\/en\/wp-json\/wp\/v2\/posts\/39589"}],"collection":[{"href":"https:\/\/www.enerjigazetesi.ist\/en\/wp-json\/wp\/v2\/posts"}],"about":[{"href":"https:\/\/www.enerjigazetesi.ist\/en\/wp-json\/wp\/v2\/types\/post"}],"author":[{"embeddable":true,"href":"https:\/\/www.enerjigazetesi.ist\/en\/wp-json\/wp\/v2\/users\/1"}],"replies":[{"embeddable":true,"href":"https:\/\/www.enerjigazetesi.ist\/en\/wp-json\/wp\/v2\/comments?post=39589"}],"version-history":[{"count":1,"href":"https:\/\/www.enerjigazetesi.ist\/en\/wp-json\/wp\/v2\/posts\/39589\/revisions"}],"predecessor-version":[{"id":39591,"href":"https:\/\/www.enerjigazetesi.ist\/en\/wp-json\/wp\/v2\/posts\/39589\/revisions\/39591"}],"wp:featuredmedia":[{"embeddable":true,"href":"https:\/\/www.enerjigazetesi.ist\/en\/wp-json\/wp\/v2\/media\/39590"}],"wp:attachment":[{"href":"https:\/\/www.enerjigazetesi.ist\/en\/wp-json\/wp\/v2\/media?parent=39589"}],"wp:term":[{"taxonomy":"category","embeddable":true,"href":"https:\/\/www.enerjigazetesi.ist\/en\/wp-json\/wp\/v2\/categories?post=39589"},{"taxonomy":"post_tag","embeddable":true,"href":"https:\/\/www.enerjigazetesi.ist\/en\/wp-json\/wp\/v2\/tags?post=39589"}],"curies":[{"name":"wp","href":"https:\/\/api.w.org\/{rel}","templated":true}]}}