{"id":3952,"date":"2012-11-29T10:15:09","date_gmt":"2012-11-29T07:15:09","guid":{"rendered":"https:\/\/www.enerjigazetesi.ist\/?p=3952"},"modified":"2012-11-29T10:15:44","modified_gmt":"2012-11-29T07:15:44","slug":"dunya-enerji-kongresi-istanbulda","status":"publish","type":"post","link":"https:\/\/www.enerjigazetesi.ist\/en\/dunya-enerji-kongresi-istanbulda\/","title":{"rendered":"(Turkish) D\u00fcnya Enerji Kongresi \u0130stanbul`da"},"content":{"rendered":"<p class=\"qtranxs-available-languages-message qtranxs-available-languages-message-en\">Sorry, this entry is only available in <a href=\"https:\/\/www.enerjigazetesi.ist\/tr\/wp-json\/wp\/v2\/posts\/3952\" class=\"qtranxs-available-language-link qtranxs-available-language-link-tr\" title=\"Turkish\">Turkish<\/a>. For the sake of viewer convenience, the content is shown below in the alternative language. You may click the link to switch the active language.<\/p><p><strong>D\u00fcnya Enerji Konseyi T\u00fcrk Milli Komitesi (DEK-TMK) taraf\u0131ndan kazan\u0131lan bu ba\u015far\u0131; Kas\u0131m 2012 ba\u015flar\u0131nda Monako\u2019da yap\u0131lan D\u00fcnya Enerji Konseyi (WEC) Genel Kurul Toplant\u0131s\u0131\u2019nda oylama sonucu elde edilmi\u015ftir.<\/strong><\/p>\n<p><strong><img loading=\"lazy\" class=\"alignleft size-full wp-image-3953\" title=\"dunya-enerji-konseyi\" src=\"https:\/\/www.enerjigazetesi.ist\/wp-content\/uploads\/2012\/11\/dunya-enerji-konseyi.jpg\" alt=\"\" width=\"258\" height=\"199\" srcset=\"https:\/\/www.enerjigazetesi.ist\/wp-content\/uploads\/2012\/11\/dunya-enerji-konseyi.jpg 258w, https:\/\/www.enerjigazetesi.ist\/wp-content\/uploads\/2012\/11\/dunya-enerji-konseyi-64x50.jpg 64w\" sizes=\"(max-width: 258px) 100vw, 258px\" \/>D\u00fcnya Enerji Konseyi<\/strong> T\u00fcrk Milli Komitesi (DEK-TMK) taraf\u0131ndan kazan\u0131lan bu ba\u015far\u0131; Kas\u0131m 2012 ba\u015flar\u0131nda Monako\u2019da yap\u0131lan D\u00fcnya Enerji Konseyi (WEC) Genel Kurul Toplant\u0131s\u0131\u2019nda oylama sonucu elde edilmi\u015ftir.<br \/>\nHer \u00fc\u00e7 y\u0131lda bir de\u011fi\u015fik \u00fclkelerde yap\u0131lan D\u00fcnya Enerji Kongresi; devlet, siyaset ve bilim adamlar\u0131 ile enerji alan\u0131nda faaliyet g\u00f6steren kurulu\u015flar\u0131n y\u00f6neticilerinin ve \u00fcst seviyeli \u00e7al\u0131\u015fanlar\u0131n\u0131n, <strong>5000-6000 delege<\/strong> ile kat\u0131l\u0131m\u0131 sonucu yap\u0131lmaktad\u0131r. D\u00fcnya Enerji Kongresi ile birlikte d\u00fczenlenen enerji fuar\u0131 en yeni ve verimli cihaz ve ekipmanlar\u0131n\u0131n tan\u0131t\u0131ld\u0131\u011f\u0131 bir teknoloji g\u00f6sterisi halinde ger\u00e7ekle\u015fmektedir.<br \/>\nD\u00fcnya siyasetine y\u00f6n veren ve \u00fclkeler aras\u0131ndaki ili\u015fkilerin esas\u0131n\u0131 te\u015fkil eden enerjinin D\u00fcnya bar\u0131\u015f\u0131 ve insanl\u0131\u011f\u0131n refah\u0131 i\u00e7in kullan\u0131m\u0131n\u0131 \u00f6n plana \u00e7\u0131karan, iklim de\u011fi\u015fikli\u011fine \u00e7are aramaya y\u00f6nelik ve enerjinin verimli kullan\u0131m\u0131na \u0131\u015f\u0131k tutan g\u00f6r\u00fc\u015f ve kararlar\u0131n al\u0131naca\u011f\u0131 D\u00fcnya Enerji Kongresi\u2019nin 2016 y\u0131l\u0131nda \u0130stanbul\u2019da yap\u0131lmas\u0131 \u00fclkemiz a\u00e7\u0131s\u0131ndan \u00f6nemli faydalar sa\u011flayacakt\u0131r.<br \/>\nDelege olarak 5000-6000 ki\u015finin kat\u0131laca\u011f\u0131 ve bu olay ile e\u015f zamanl\u0131 d\u00fczenlenen enerji fuar\u0131 \u0130stanbul\u2019a \u00f6nemli bir ekonomik katk\u0131 olu\u015fturman\u0131n yan\u0131nda, i\u015f adamlar\u0131m\u0131z\u0131n yeni i\u015f imkanlar\u0131 aramalar\u0131na ve \u00fclkemizin turizm a\u00e7\u0131s\u0131ndan tan\u0131t\u0131m\u0131na imkan tan\u0131yacakt\u0131r.<br \/>\n\u201c <strong>D\u00fcnya Enerji Kongresi, 2016-\u0130stanbul<\/strong> \u201d i\u00e7in t\u00fcm resmi ve sivil toplum kurulu\u015flar\u0131n\u0131n i\u015fbirli\u011fi ve deste\u011fi, bu olay\u0131n \u00fclkemize yak\u0131\u015f\u0131r bir \u015fekilde ger\u00e7ekle\u015ftirilmesini sa\u011flayacakt\u0131r.<\/p>\n<p>Kaynak: <a href=\"http:\/\/www.haberortak.com\/Haber\/Enerji\/28112012\/Dunya-Enerji-Kongresi-Istanbulda.php\" target=\"_blank\">HaberOrtak<\/a><\/p>","protected":false},"excerpt":{"rendered":"<p>Sorry, this entry is only available in Turkish. For the sake of viewer convenience, the content is shown below in the alternative language. You may click the link to switch the active language.D\u00fcnya Enerji Konseyi T\u00fcrk Milli Komitesi (DEK-TMK) taraf\u0131ndan kazan\u0131lan bu ba\u015far\u0131; Kas\u0131m 2012 ba\u015flar\u0131nda Monako\u2019da yap\u0131lan D\u00fcnya Enerji Konseyi (WEC) Genel Kurul Toplant\u0131s\u0131\u2019nda [&hellip;]<\/p>\n","protected":false},"author":1,"featured_media":3953,"comment_status":"open","ping_status":"open","sticky":false,"template":"","format":"standard","meta":[],"categories":[53],"tags":[1145,1148,1147,1146],"views":891,"_links":{"self":[{"href":"https:\/\/www.enerjigazetesi.ist\/en\/wp-json\/wp\/v2\/posts\/3952"}],"collection":[{"href":"https:\/\/www.enerjigazetesi.ist\/en\/wp-json\/wp\/v2\/posts"}],"about":[{"href":"https:\/\/www.enerjigazetesi.ist\/en\/wp-json\/wp\/v2\/types\/post"}],"author":[{"embeddable":true,"href":"https:\/\/www.enerjigazetesi.ist\/en\/wp-json\/wp\/v2\/users\/1"}],"replies":[{"embeddable":true,"href":"https:\/\/www.enerjigazetesi.ist\/en\/wp-json\/wp\/v2\/comments?post=3952"}],"version-history":[{"count":2,"href":"https:\/\/www.enerjigazetesi.ist\/en\/wp-json\/wp\/v2\/posts\/3952\/revisions"}],"predecessor-version":[{"id":3955,"href":"https:\/\/www.enerjigazetesi.ist\/en\/wp-json\/wp\/v2\/posts\/3952\/revisions\/3955"}],"wp:featuredmedia":[{"embeddable":true,"href":"https:\/\/www.enerjigazetesi.ist\/en\/wp-json\/wp\/v2\/media\/3953"}],"wp:attachment":[{"href":"https:\/\/www.enerjigazetesi.ist\/en\/wp-json\/wp\/v2\/media?parent=3952"}],"wp:term":[{"taxonomy":"category","embeddable":true,"href":"https:\/\/www.enerjigazetesi.ist\/en\/wp-json\/wp\/v2\/categories?post=3952"},{"taxonomy":"post_tag","embeddable":true,"href":"https:\/\/www.enerjigazetesi.ist\/en\/wp-json\/wp\/v2\/tags?post=3952"}],"curies":[{"name":"wp","href":"https:\/\/api.w.org\/{rel}","templated":true}]}}