{"id":39488,"date":"2015-05-24T11:49:58","date_gmt":"2015-05-24T08:49:58","guid":{"rendered":"https:\/\/www.enerjigazetesi.ist\/?p=39488"},"modified":"2015-05-24T12:12:36","modified_gmt":"2015-05-24T09:12:36","slug":"turkiye-japonya-ile-nukleer-alaninda-isbirligi-gerceklestirecek","status":"publish","type":"post","link":"https:\/\/www.enerjigazetesi.ist\/en\/turkiye-japonya-ile-nukleer-alaninda-isbirligi-gerceklestirecek\/","title":{"rendered":"(Turkish) T\u00fcrkiye Japonya \u0130le N\u00fckleer Alan\u0131nda \u0130\u015fbirli\u011fi Ger\u00e7ekle\u015ftirecek&#8230;"},"content":{"rendered":"<p class=\"qtranxs-available-languages-message qtranxs-available-languages-message-en\">Sorry, this entry is only available in <a href=\"https:\/\/www.enerjigazetesi.ist\/tr\/wp-json\/wp\/v2\/posts\/39488\" class=\"qtranxs-available-language-link qtranxs-available-language-link-tr\" title=\"Turkish\">Turkish<\/a>. For the sake of viewer convenience, the content is shown below in the alternative language. You may click the link to switch the active language.<\/p><p><\/p>\n<div class=\"short_content_2\"><strong>T\u00fcrkiye ile Japonya aras\u0131nda n\u00fckleer g\u00fc\u00e7 sanayisinin ve santrallerinin geli\u015ftirilmesi i\u00e7in i\u015fbirli\u011fine gidilmesi konusundaki anla\u015fman\u0131n onaylanmas\u0131 kararla\u015ft\u0131r\u0131ld\u0131.<\/strong><\/div>\n<div class=\"short_content_2\"><\/div>\n<div class=\"short_content_2\">Bakanlar Kurulu&#8217;nca T\u00fcrkiye ile Japonya aras\u0131nda n\u00fckleer g\u00fc\u00e7 sanayisinin ve santrallerinin geli\u015ftirilmesi i\u00e7in i\u015fbirli\u011fine gidilmesi konusundaki anla\u015fm<a href=\"https:\/\/www.enerjigazetesi.ist\/wp-content\/uploads\/2015\/05\/turkiye-japonya-ile-nukleer-alaninda-isbirligi-gerceklestirecek.jpg\"><img loading=\"lazy\" class=\"alignleft size-medium wp-image-39489\" src=\"https:\/\/www.enerjigazetesi.ist\/wp-content\/uploads\/2015\/05\/turkiye-japonya-ile-nukleer-alaninda-isbirligi-gerceklestirecek-300x153.jpg\" alt=\"turkiye-japonya-ile-nukleer-alaninda-isbirligi-gerceklestirecek\" width=\"300\" height=\"153\" srcset=\"https:\/\/www.enerjigazetesi.ist\/wp-content\/uploads\/2015\/05\/turkiye-japonya-ile-nukleer-alaninda-isbirligi-gerceklestirecek-300x153.jpg 300w, https:\/\/www.enerjigazetesi.ist\/wp-content\/uploads\/2015\/05\/turkiye-japonya-ile-nukleer-alaninda-isbirligi-gerceklestirecek-500x255.jpg 500w, https:\/\/www.enerjigazetesi.ist\/wp-content\/uploads\/2015\/05\/turkiye-japonya-ile-nukleer-alaninda-isbirligi-gerceklestirecek-80x40.jpg 80w, https:\/\/www.enerjigazetesi.ist\/wp-content\/uploads\/2015\/05\/turkiye-japonya-ile-nukleer-alaninda-isbirligi-gerceklestirecek.jpg 685w\" sizes=\"(max-width: 300px) 100vw, 300px\" \/><\/a>a ve i\u015fbirli\u011fi zapt\u0131n\u0131n onaylanmas\u0131 kararla\u015ft\u0131r\u0131ld\u0131.<\/div>\n<div class=\"short_content_2\">\n<p>Konuya ili\u015fkin milletleraras\u0131 andla\u015fma, Resmi Gazete&#8217;de yay\u0131mland\u0131.<\/p>\n<p>Buna g\u00f6re, n\u00fckleer g\u00fc\u00e7 santrallerinin fizibilite \u00e7al\u0131\u015fmas\u0131, tasar\u0131m\u0131, in\u015fas\u0131, onar\u0131m ve bak\u0131m\u0131, santralin yak\u0131t temini, emniyeti ve \u00a0santrallerde g\u00f6rev alacak nitelikli eleman yeti\u015ftirilmesi konular\u0131nda i\u015fbirli\u011fi yap\u0131lacak.<\/p>\n<p>T\u00fcrkiye&#8217;de n\u00fckleer g\u00fc\u00e7 sanayisinin geli\u015ftirilmesi i\u00e7in lisanslama konusunda d\u00fczenlemeler getirilecek, kalite y\u00f6netim sistemi geli\u015ftirilecek, n\u00fckleer yak\u0131t imalat fabrikas\u0131 kurulmas\u0131 te\u015fvik edilecek ve n\u00fckleer enerjinin bar\u0131\u015f\u00e7\u0131l ama\u00e7larla kullan\u0131lmas\u0131na ili\u015fkin kamuoyu bilinci olu\u015fturulmas\u0131 i\u00e7in \u00e7al\u0131\u015ftaylar yap\u0131lacak.<\/p>\n<p>N\u00fckleer g\u00fc\u00e7 sanayisi alan\u0131nda teknoloji geli\u015ftirilmesi ve bilgi transferine y\u00f6nelik ad\u0131mlar at\u0131lmas\u0131 da anla\u015fman\u0131n maddeleri i\u00e7inde yer al\u0131yor. Ayr\u0131ca, anla\u015fma kapsam\u0131nda i\u015fbirli\u011finin sa\u011flanmas\u0131 i\u00e7in iki \u00fclke temsilcilerinden olu\u015fan bir y\u00fcr\u00fctme komitesi kurulacak.<\/p>\n<p>Bu anla\u015fma, iki \u00fclke taraf\u0131ndan anla\u015fman\u0131n y\u00fcr\u00fcrl\u00fc\u011fe girmesi i\u00e7in gereken i\u00e7 usulleri tamamlad\u0131\u011f\u0131n\u0131 yaz\u0131l\u0131 olarak bildirdi\u011finde onbe\u015f y\u0131ll\u0131\u011f\u0131na y\u00fcr\u00fcrl\u00fc\u011fe girecek ve sona erdirme talebi gelmedi\u011fi taktirde be\u015f y\u0131l uzat\u0131lacak.<\/p>\n<p>Kaynak: D\u00fcnya<\/p>\n<\/div>\n<p><\/p>","protected":false},"excerpt":{"rendered":"<p>Sorry, this entry is only available in Turkish. For the sake of viewer convenience, the content is shown below in the alternative language. You may click the link to switch the active language. T\u00fcrkiye ile Japonya aras\u0131nda n\u00fckleer g\u00fc\u00e7 sanayisinin ve santrallerinin geli\u015ftirilmesi i\u00e7in i\u015fbirli\u011fine gidilmesi konusundaki anla\u015fman\u0131n onaylanmas\u0131 kararla\u015ft\u0131r\u0131ld\u0131. Bakanlar Kurulu&#8217;nca T\u00fcrkiye ile Japonya [&hellip;]<\/p>\n","protected":false},"author":1,"featured_media":39489,"comment_status":"open","ping_status":"open","sticky":false,"template":"","format":"standard","meta":[],"categories":[53,43],"tags":[63,67,1009,2698,165,1547,71,21,846],"views":908,"_links":{"self":[{"href":"https:\/\/www.enerjigazetesi.ist\/en\/wp-json\/wp\/v2\/posts\/39488"}],"collection":[{"href":"https:\/\/www.enerjigazetesi.ist\/en\/wp-json\/wp\/v2\/posts"}],"about":[{"href":"https:\/\/www.enerjigazetesi.ist\/en\/wp-json\/wp\/v2\/types\/post"}],"author":[{"embeddable":true,"href":"https:\/\/www.enerjigazetesi.ist\/en\/wp-json\/wp\/v2\/users\/1"}],"replies":[{"embeddable":true,"href":"https:\/\/www.enerjigazetesi.ist\/en\/wp-json\/wp\/v2\/comments?post=39488"}],"version-history":[{"count":1,"href":"https:\/\/www.enerjigazetesi.ist\/en\/wp-json\/wp\/v2\/posts\/39488\/revisions"}],"predecessor-version":[{"id":39490,"href":"https:\/\/www.enerjigazetesi.ist\/en\/wp-json\/wp\/v2\/posts\/39488\/revisions\/39490"}],"wp:featuredmedia":[{"embeddable":true,"href":"https:\/\/www.enerjigazetesi.ist\/en\/wp-json\/wp\/v2\/media\/39489"}],"wp:attachment":[{"href":"https:\/\/www.enerjigazetesi.ist\/en\/wp-json\/wp\/v2\/media?parent=39488"}],"wp:term":[{"taxonomy":"category","embeddable":true,"href":"https:\/\/www.enerjigazetesi.ist\/en\/wp-json\/wp\/v2\/categories?post=39488"},{"taxonomy":"post_tag","embeddable":true,"href":"https:\/\/www.enerjigazetesi.ist\/en\/wp-json\/wp\/v2\/tags?post=39488"}],"curies":[{"name":"wp","href":"https:\/\/api.w.org\/{rel}","templated":true}]}}