{"id":39479,"date":"2015-05-24T11:27:59","date_gmt":"2015-05-24T08:27:59","guid":{"rendered":"https:\/\/www.enerjigazetesi.ist\/?p=39479"},"modified":"2015-05-24T11:29:51","modified_gmt":"2015-05-24T08:29:51","slug":"yildiz-turkiye-en-ucuz-dogalgazi-satiyor","status":"publish","type":"post","link":"https:\/\/www.enerjigazetesi.ist\/en\/yildiz-turkiye-en-ucuz-dogalgazi-satiyor\/","title":{"rendered":"(Turkish) Y\u0131ld\u0131z: T\u00fcrkiye En Ucuz Do\u011falgaz\u0131 Sat\u0131yor&#8230;"},"content":{"rendered":"<p class=\"qtranxs-available-languages-message qtranxs-available-languages-message-en\">Sorry, this entry is only available in <a href=\"https:\/\/www.enerjigazetesi.ist\/tr\/wp-json\/wp\/v2\/posts\/39479\" class=\"qtranxs-available-language-link qtranxs-available-language-link-tr\" title=\"Turkish\">Turkish<\/a>. For the sake of viewer convenience, the content is shown below in the alternative language. You may click the link to switch the active language.<\/p><p><\/p>\n<p style=\"color: #363636;\"><strong>Enerji ve Tabii Kaynaklar Bakan\u0131 Taner Y\u0131ld\u0131z, M\u00dcS\u0130AD \u0130zmir \u015eubesi\u2019nce bir otelde d\u00fczenlenen \u201cYeni T\u00fcrkiye ve 2023 Enerji Politikalar\u0131\u201d konulu toplant\u0131da yapt\u0131\u011f\u0131 konu\u015fmada, son 20 y\u0131l i\u00e7erisinde bir insan\u0131n, ailenin, \u015firketin bir \u00fclkenin g\u00f6rebilece\u011fi art\u0131 ve eksi b\u00fct\u00fcn noktalar\u0131n hemen hemen T\u00fcrkiye\u2019de g\u00f6r\u00fclm\u00fc\u015f oldu\u011funu, 7 Haziran se\u00e7imleri \u00f6ncesinde verdikleri oylar\u0131n, yapt\u0131klar\u0131 tercihlerin bir k\u0131s\u0131m vesayetlerle h\u00fck\u00fcms\u00fczle\u015ftirilmeye, itibars\u0131zla\u015ft\u0131r\u0131lmaya \u00e7al\u0131\u015f\u0131ld\u0131\u011f\u0131 d\u00f6nemden ge\u00e7tiklerini anlatt\u0131.<\/strong><\/p>\n<p style=\"color: #363636;\">T\u00fcrkiye\u2019de 12 y\u0131l \u00f6nce \u00f6<a href=\"https:\/\/www.enerjigazetesi.ist\/wp-content\/uploads\/2015\/05\/yildiz-turkiye-en-ucuz-dogalgazi-satiyor.jpg\"><img loading=\"lazy\" class=\"alignleft  wp-image-39482\" src=\"https:\/\/www.enerjigazetesi.ist\/wp-content\/uploads\/2015\/05\/yildiz-turkiye-en-ucuz-dogalgazi-satiyor.jpg\" alt=\"yildiz-turkiye-en-ucuz-dogalgazi-satiyor\" width=\"238\" height=\"167\" \/><\/a>zel sekt\u00f6r\u00fcn elektrik \u00fcretimindeki pay\u0131n y\u00fczde 32\u2032lerde oldu\u011funu, \u015fu anda bu pay oran\u0131n\u0131n kamuyla yer de\u011fi\u015ftirdi\u011fini, kamunun pay\u0131n\u0131n y\u00fczde 32\u2032lerde bulundu\u011funu belirten Y\u0131ld\u0131z, T\u00fcrkiye\u2019de ilk elektri\u011fin 1902\u2032de \u00fcretildi\u011fini, 2002\u2032de 31 bin 800 megavatl\u0131k kurulu g\u00fc\u00e7 oldu\u011funu, \u00fclkeyi b\u00f6yle devrald\u0131klar\u0131n\u0131 ifade etti.<\/p>\n<p style=\"color: #363636;\">T\u00fcrkiye\u2019nin her y\u0131l bir ba\u015fka \u00fclke kadar bu alanda b\u00fcy\u00fcd\u00fc\u011f\u00fcn\u00fc vurgulayan Y\u0131ld\u0131z, bu b\u00fcy\u00fcmenin do\u011fru y\u00f6netilmesinin ve ayn\u0131 zamanda de\u011fi\u015fimle beraber yap\u0131lmas\u0131n\u0131n \u00f6nemine i\u015faret \u00e7ekti.<\/p>\n<p style=\"color: #363636;\"><strong>N\u00fckleer santral<\/strong><\/p>\n<p style=\"color: #363636;\">\u015eu ana kadar yakla\u015f\u0131k 50 y\u0131ldan beri yap\u0131lamayan n\u00fckleer santral anla\u015fmas\u0131n\u0131n yap\u0131ld\u0131\u011f\u0131n\u0131, bununla alakal\u0131 b\u00fct\u00fcn fiili i\u015flemlere ba\u015fland\u0131\u011f\u0131n\u0131 kaydeden Y\u0131ld\u0131z, \u201c3,1 milyar dolarl\u0131k Rusya\u2019dan gelen paran\u0131n harcanmas\u0131 devam etmektedir. Ayn\u0131 zamanda Sinop\u2019ta kurulacak Japonlarla olan i\u015fbirli\u011fi de hakeza benzer durumdad\u0131r. B\u00fct\u00fcn bunlar T\u00fcrkiye\u2019nin, siyasetinin \u00e7ok iyi y\u00f6netilmesi i\u015fi yani g\u00fc\u00e7l\u00fc irade, g\u00fc\u00e7l\u00fc siyaset dedi\u011fimiz konu buradan kaynaklanmaktad\u0131r\u201d ifadelerini kulland\u0131.<\/p>\n<p style=\"color: #363636;\">AK Parti\u2019nin iktidara geldi\u011finde 8,6 milyon civar\u0131nda olan ara\u00e7 say\u0131s\u0131n\u0131n \u015fu anda 18,6 milyonu ge\u00e7ti\u011fini, do\u011fan ve \u00f6len n\u00fcfus aras\u0131nda 1 milyon fark\u0131n oldu\u011funu dile getiren Y\u0131ld\u0131z, hemen hemen her bebe\u011fin arabas\u0131yla beraber d\u00fcnyaya geldi\u011fini s\u00f6yledi.<\/p>\n<p style=\"color: #363636;\"><strong>\u201cEn ucuz do\u011falgaz\u0131 T\u00fcrkiye sat\u0131yor\u201d<\/strong><\/p>\n<p style=\"color: #363636;\">Almanya\u2019n\u0131n \u00c7ek Cumhuriyeti\u2019nden elektrik ithal etti\u011fini, T\u00fcrkiye\u2019nin ayaklar\u0131 \u00fczerinde y\u00fcr\u00fcyebilen bir sistem olu\u015fturdu\u011funu dile getiren Y\u0131ld\u0131z, \u201cT\u00fcrkiye, bir petrol, do\u011falgaz \u00fclkesi olmad\u0131\u011f\u0131 halde 28 Avrupa Birli\u011fi \u00fclkesinin en ucuz do\u011fal gaz\u0131n\u0131 sat\u0131yor hem sanayicisine hem mesken sahibine. T\u00fcrkiye, elektrikte de en ucuz 3 \u00fclke aras\u0131na girdi\u201d dedi.<\/p>\n<p style=\"color: #363636;\">Bir trakt\u00f6rde 5 bin, otomobilde 10 bin 200, n\u00fckleer santralde ise 515 bin par\u00e7an\u0131n oldu\u011funu belirten Y\u0131ld\u0131z, n\u00fckleer santralle alakal\u0131 T\u00fcrk sanayicisine \u00e7ok b\u00fcy\u00fck bir pazar a\u00e7t\u0131klar\u0131n\u0131, bu pazardan mutlaka yararlan\u0131lmas\u0131 gerekti\u011fini kaydetti.<\/p>\n<p style=\"color: #363636;\">Kaynak: <a href=\"http:\/\/energyworld.com.tr\/en-ucuz-dogalgazi-turkiye-satiyor.html\" target=\"_blank\" rel=\"nofollow\">Energy World<\/a><\/p>\n<p><\/p>","protected":false},"excerpt":{"rendered":"<p>Sorry, this entry is only available in Turkish. For the sake of viewer convenience, the content is shown below in the alternative language. You may click the link to switch the active language. Enerji ve Tabii Kaynaklar Bakan\u0131 Taner Y\u0131ld\u0131z, M\u00dcS\u0130AD \u0130zmir \u015eubesi\u2019nce bir otelde d\u00fczenlenen \u201cYeni T\u00fcrkiye ve 2023 Enerji Politikalar\u0131\u201d konulu toplant\u0131da yapt\u0131\u011f\u0131 [&hellip;]<\/p>\n","protected":false},"author":1,"featured_media":39482,"comment_status":"open","ping_status":"open","sticky":false,"template":"","format":"standard","meta":[],"categories":[46,53],"tags":[710,92,1363,68,63,67,1009,2698,165,88,59,667],"views":771,"_links":{"self":[{"href":"https:\/\/www.enerjigazetesi.ist\/en\/wp-json\/wp\/v2\/posts\/39479"}],"collection":[{"href":"https:\/\/www.enerjigazetesi.ist\/en\/wp-json\/wp\/v2\/posts"}],"about":[{"href":"https:\/\/www.enerjigazetesi.ist\/en\/wp-json\/wp\/v2\/types\/post"}],"author":[{"embeddable":true,"href":"https:\/\/www.enerjigazetesi.ist\/en\/wp-json\/wp\/v2\/users\/1"}],"replies":[{"embeddable":true,"href":"https:\/\/www.enerjigazetesi.ist\/en\/wp-json\/wp\/v2\/comments?post=39479"}],"version-history":[{"count":3,"href":"https:\/\/www.enerjigazetesi.ist\/en\/wp-json\/wp\/v2\/posts\/39479\/revisions"}],"predecessor-version":[{"id":39484,"href":"https:\/\/www.enerjigazetesi.ist\/en\/wp-json\/wp\/v2\/posts\/39479\/revisions\/39484"}],"wp:featuredmedia":[{"embeddable":true,"href":"https:\/\/www.enerjigazetesi.ist\/en\/wp-json\/wp\/v2\/media\/39482"}],"wp:attachment":[{"href":"https:\/\/www.enerjigazetesi.ist\/en\/wp-json\/wp\/v2\/media?parent=39479"}],"wp:term":[{"taxonomy":"category","embeddable":true,"href":"https:\/\/www.enerjigazetesi.ist\/en\/wp-json\/wp\/v2\/categories?post=39479"},{"taxonomy":"post_tag","embeddable":true,"href":"https:\/\/www.enerjigazetesi.ist\/en\/wp-json\/wp\/v2\/tags?post=39479"}],"curies":[{"name":"wp","href":"https:\/\/api.w.org\/{rel}","templated":true}]}}