{"id":39429,"date":"2015-05-21T16:39:30","date_gmt":"2015-05-21T13:39:30","guid":{"rendered":"https:\/\/www.enerjigazetesi.ist\/?p=39429"},"modified":"2015-05-23T16:41:39","modified_gmt":"2015-05-23T13:41:39","slug":"gulluce-nukleer-enerji-istemeyenler-bana-bir-gecede-20-bin-mail-atti","status":"publish","type":"post","link":"https:\/\/www.enerjigazetesi.ist\/en\/gulluce-nukleer-enerji-istemeyenler-bana-bir-gecede-20-bin-mail-atti\/","title":{"rendered":"(Turkish) G\u00fcll\u00fcce: \u201cN\u00fckleer Enerji \u0130stemeyenler Bana Bir Gecede 20 Bin Mail Att\u0131!\u201d"},"content":{"rendered":"<p class=\"qtranxs-available-languages-message qtranxs-available-languages-message-en\">Sorry, this entry is only available in <a href=\"https:\/\/www.enerjigazetesi.ist\/tr\/wp-json\/wp\/v2\/posts\/39429\" class=\"qtranxs-available-language-link qtranxs-available-language-link-tr\" title=\"Turkish\">Turkish<\/a>. For the sake of viewer convenience, the content is shown below in the alternative language. You may click the link to switch the active language.<\/p><p><\/p>\n<p style=\"color: #000000;\"><strong>\u00c7evre ve \u015eehircilik Bakan\u0131 ve AK Parti \u0130stanbul 1. B\u00f6lge Milletvekili Aday\u0131 \u0130dris G\u00fcll\u00fcce, n\u00fckleer enerjiye \u00c7ED raporu verece\u011fi g\u00fcn\u00fcn \u00f6ncesindeki gece bunu istemeyenlerin kendisine 20 bin mail att\u0131\u011f\u0131n\u0131 s\u00f6yleyerek, \u201cB\u00fcy\u00fck T\u00fcrkiye, k\u00fcresel g\u00fc\u00e7, kendinden korkulan bir T\u00fcrkiye olmas\u0131n\u0131 istemeyenlerin att\u0131\u011f\u0131 mailler bir gecede 20 bin tane\u201d dedi.<\/strong><span id=\"more-71743\"><\/span><\/p>\n<p style=\"color: #000000;\">T\u00fcrkiye\u2019nin b\u00fcy\u00fcmesini istemeyenlerin n\u00fckleer enerji \u00c7ED raporuna kar\u015f\u0131 kendisine 20 bin mail att\u0131\u011f\u0131n\u0131 beli<a href=\"https:\/\/www.enerjigazetesi.ist\/wp-content\/uploads\/2015\/05\/gulluce-nukleer-enerji-istemeyenler-bana-bir-gecede-20-bin-mail-atti1.jpg\"><img loading=\"lazy\" class=\"alignright size-medium wp-image-39430\" src=\"https:\/\/www.enerjigazetesi.ist\/wp-content\/uploads\/2015\/05\/gulluce-nukleer-enerji-istemeyenler-bana-bir-gecede-20-bin-mail-atti1-300x192.jpg\" alt=\"gulluce-nukleer-enerji-istemeyenler-bana-bir-gecede-20-bin-mail-atti\" width=\"300\" height=\"192\" srcset=\"https:\/\/www.enerjigazetesi.ist\/wp-content\/uploads\/2015\/05\/gulluce-nukleer-enerji-istemeyenler-bana-bir-gecede-20-bin-mail-atti1-300x192.jpg 300w, https:\/\/www.enerjigazetesi.ist\/wp-content\/uploads\/2015\/05\/gulluce-nukleer-enerji-istemeyenler-bana-bir-gecede-20-bin-mail-atti1-500x321.jpg 500w, https:\/\/www.enerjigazetesi.ist\/wp-content\/uploads\/2015\/05\/gulluce-nukleer-enerji-istemeyenler-bana-bir-gecede-20-bin-mail-atti1-77x50.jpg 77w, https:\/\/www.enerjigazetesi.ist\/wp-content\/uploads\/2015\/05\/gulluce-nukleer-enerji-istemeyenler-bana-bir-gecede-20-bin-mail-atti1.jpg 870w\" sizes=\"(max-width: 300px) 100vw, 300px\" \/><\/a>rten Bakan G\u00fcll\u00fcce, \u201cT\u00fcrkiye\u2019de hangi do\u011fru i\u015f yap\u0131lmaya ba\u015flanm\u0131\u015fsa o i\u015fe kar\u015f\u0131 \u00e7\u0131k\u0131lm\u0131\u015f. 1960 y\u0131l\u0131nda Adnan Menderes, N\u00fckleer santral emri vermi\u015f. Bakm\u0131\u015f ki b\u00fct\u00fcn d\u00fcnya geli\u015fmi\u015f \u00fclkeleri, n\u00fckleer santrala sahip n\u00fckleer elektrik \u00fcretiyor.<\/p>\n<p style=\"color: #000000;\">Hem tabiat\u0131 kirletmiyor hem temiz enerji hem de bununla T\u00fcrkiye b\u00fcy\u00fck g\u00fc\u00e7 oldu\u011fu zaman bu bilgiyi bilim de kullanabilir. \u0130slam d\u00fcnyas\u0131n\u0131n hi\u00e7birinde n\u00fckleerle ilgili bir \u015fey yok. \u00d6\u011frettirtmiyorlar. N\u00fckleerin hem ilimde kullan\u0131lmas\u0131 hem de bir g\u00fc\u00e7 haline gelmesiyle ilgili b\u00fct\u00fcn d\u00fcnyada herkes de var M\u00fcsl\u00fcmanlar yapmaya kalkt\u0131 m\u0131 \u2018Dur bakal\u0131m hem\u015fehrim\u2019 diyorlar. Ben n\u00fckleer enerjiye \u00c7ED raporu verece\u011fim g\u00fcn\u00fcn \u00f6ncesindeki gece 20 bin mail geldi bana. B\u00fcy\u00fck T\u00fcrkiye, k\u00fcresel g\u00fc\u00e7, kendinden korkulan bir T\u00fcrkiye olmas\u0131n\u0131 istemeyenlerin emrine girenlerin att\u0131\u011f\u0131 mailler 20 bin tane bir gecede\u201d diye konu\u015ftu.<\/p>\n<p style=\"color: #000000;\">Kaynak: Enerji Enstit\u00fcs\u00fc<\/p>\n<p><\/p>","protected":false},"excerpt":{"rendered":"<p>Sorry, this entry is only available in Turkish. For the sake of viewer convenience, the content is shown below in the alternative language. You may click the link to switch the active language. \u00c7evre ve \u015eehircilik Bakan\u0131 ve AK Parti \u0130stanbul 1. B\u00f6lge Milletvekili Aday\u0131 \u0130dris G\u00fcll\u00fcce, n\u00fckleer enerjiye \u00c7ED raporu verece\u011fi g\u00fcn\u00fcn \u00f6ncesindeki gece [&hellip;]<\/p>\n","protected":false},"author":1,"featured_media":39430,"comment_status":"open","ping_status":"open","sticky":false,"template":"","format":"standard","meta":[],"categories":[53,43],"tags":[5465,1965,63,67,1009,2698,165,12095,21,88],"views":829,"_links":{"self":[{"href":"https:\/\/www.enerjigazetesi.ist\/en\/wp-json\/wp\/v2\/posts\/39429"}],"collection":[{"href":"https:\/\/www.enerjigazetesi.ist\/en\/wp-json\/wp\/v2\/posts"}],"about":[{"href":"https:\/\/www.enerjigazetesi.ist\/en\/wp-json\/wp\/v2\/types\/post"}],"author":[{"embeddable":true,"href":"https:\/\/www.enerjigazetesi.ist\/en\/wp-json\/wp\/v2\/users\/1"}],"replies":[{"embeddable":true,"href":"https:\/\/www.enerjigazetesi.ist\/en\/wp-json\/wp\/v2\/comments?post=39429"}],"version-history":[{"count":1,"href":"https:\/\/www.enerjigazetesi.ist\/en\/wp-json\/wp\/v2\/posts\/39429\/revisions"}],"predecessor-version":[{"id":39431,"href":"https:\/\/www.enerjigazetesi.ist\/en\/wp-json\/wp\/v2\/posts\/39429\/revisions\/39431"}],"wp:featuredmedia":[{"embeddable":true,"href":"https:\/\/www.enerjigazetesi.ist\/en\/wp-json\/wp\/v2\/media\/39430"}],"wp:attachment":[{"href":"https:\/\/www.enerjigazetesi.ist\/en\/wp-json\/wp\/v2\/media?parent=39429"}],"wp:term":[{"taxonomy":"category","embeddable":true,"href":"https:\/\/www.enerjigazetesi.ist\/en\/wp-json\/wp\/v2\/categories?post=39429"},{"taxonomy":"post_tag","embeddable":true,"href":"https:\/\/www.enerjigazetesi.ist\/en\/wp-json\/wp\/v2\/tags?post=39429"}],"curies":[{"name":"wp","href":"https:\/\/api.w.org\/{rel}","templated":true}]}}