{"id":3938,"date":"2012-12-02T17:26:34","date_gmt":"2012-12-02T14:26:34","guid":{"rendered":"https:\/\/www.enerjigazetesi.ist\/?p=3938"},"modified":"2012-12-02T18:17:48","modified_gmt":"2012-12-02T15:17:48","slug":"akkuyuda-yuzde-49%e2%80%b2a-kadar-ozel-sektor-ortakligi-mumkun","status":"publish","type":"post","link":"https:\/\/www.enerjigazetesi.ist\/en\/akkuyuda-yuzde-49%e2%80%b2a-kadar-ozel-sektor-ortakligi-mumkun\/","title":{"rendered":"(Turkish) Akkuyu\u2019da Y\u00fczde 49\u2032a Kadar \u00d6zel Sekt\u00f6r Ortakl\u0131\u011f\u0131 Ger\u00e7ekle\u015febilir"},"content":{"rendered":"<p class=\"qtranxs-available-languages-message qtranxs-available-languages-message-en\">Sorry, this entry is only available in <a href=\"https:\/\/www.enerjigazetesi.ist\/tr\/wp-json\/wp\/v2\/posts\/3938\" class=\"qtranxs-available-language-link qtranxs-available-language-link-tr\" title=\"Turkish\">Turkish<\/a>. For the sake of viewer convenience, the content is shown below in the alternative language. You may click the link to switch the active language.<\/p><p><strong>Organize Sanayi B\u00f6lgeleri \u00dcst Kurulu\u015fu (OSB\u00dcK) Ba\u015fkan\u0131 Nurettin \u00d6zdebir, Akkuyu\u2019da yap\u0131lmas\u0131 planlanan n\u00fckleer g\u00fc\u00e7 santraline (NGS) OSB\u00dcK olarak ortak olmak istediklerini belirterek, \u201dOrtakl\u0131k talebimizi Rus taraf\u0131 olumlu kar\u015f\u0131lad\u0131. \u0130yi niyet anla\u015fmas\u0131 imzalayal\u0131m dediler\u201d diye konu\u015ftu.<\/strong><\/p>\n<p>Projeye ortak olmak i\u00e7in Akkuyu NGS Genel M\u00fcd\u00fcr\u00fc Alexander Superfin ile g\u00f6r\u00fc\u015ft\u00fcklerini ifade eden \u00d6zdebir, g\u00f6r\u00fc\u015fmeye dair \u015fu bilgileri verdi:<\/p>\n<p><img loading=\"lazy\" class=\"alignleft size-medium wp-image-3939\" title=\"akkuyu-nukleer-santrali-ozel-sektor-ortakligi1-505x359\" src=\"https:\/\/www.enerjigazetesi.ist\/wp-content\/uploads\/2012\/11\/akkuyu-nukleer-santrali-ozel-sektor-ortakligi1-505x359-300x213.jpg\" alt=\"\" width=\"300\" height=\"213\" srcset=\"https:\/\/www.enerjigazetesi.ist\/wp-content\/uploads\/2012\/11\/akkuyu-nukleer-santrali-ozel-sektor-ortakligi1-505x359-300x213.jpg 300w, https:\/\/www.enerjigazetesi.ist\/wp-content\/uploads\/2012\/11\/akkuyu-nukleer-santrali-ozel-sektor-ortakligi1-505x359-500x355.jpg 500w, https:\/\/www.enerjigazetesi.ist\/wp-content\/uploads\/2012\/11\/akkuyu-nukleer-santrali-ozel-sektor-ortakligi1-505x359-70x50.jpg 70w, https:\/\/www.enerjigazetesi.ist\/wp-content\/uploads\/2012\/11\/akkuyu-nukleer-santrali-ozel-sektor-ortakligi1-505x359.jpg 505w\" sizes=\"(max-width: 300px) 100vw, 300px\" \/>\u201dOrtakl\u0131k talebimizi Rus taraf\u0131 olumlu kar\u015f\u0131lad\u0131. \u0130yi niyet anla\u015fmas\u0131 imzalayal\u0131m dediler. \u0130yi niyet anla\u015fmas\u0131ndan sonra detaylar\u0131 g\u00f6r\u00fc\u015fmeye ba\u015flayaca\u011f\u0131z. N\u00fckleer olduk\u00e7a stratejik bir konu. N\u00fckleer santrale sadece paran\u0131zla sahip olamazs\u0131n\u0131z. Siyasi iradenin de bu konuya i\u015faret etmesi gerekiyor. Ortakl\u0131 halinde projenin \u00c7evresel Etki De\u011ferlendirmesi (\u00c7ED) konusunda bizim desteklerimiz olacak. Bunun d\u0131\u015f\u0131nda, ortakl\u0131kla T\u00fcrk sanayisinin n\u00fckleerle tan\u0131\u015fmas\u0131 ve santralin T\u00fcrkiye\u2019de \u00fcretilmesi m\u00fcmk\u00fcn olan par\u00e7alar\u0131n\u0131n \u00fclkemizde \u00fcretilmesi sa\u011flanacak.\u201d<\/p>\n<h2>Y\u00fczde 49\u2032u kadar\u0131na sahip olunabilir<\/h2>\n<p>Akkuyu NGS yetkilileri de uluslararas\u0131 anla\u015fmaya g\u00f6re yerli ve yabanc\u0131 yat\u0131r\u0131mc\u0131lar\u0131n santralin hisselerinin y\u00fczde 49\u2032u kadar\u0131na sahip olabilece\u011fine dikkati \u00e7ekti.<\/p>\n<p>OSB\u00dcK\u2019ten kendilerine gelen talebin de bu do\u011frultuda oldu\u011funu ifade eden \u015firket yetkilileri, \u015fu bilgileri verdiler:<\/p>\n<p>\u201dOSB\u00dcK\u2019\u00fcn ortakl\u0131k talebine s\u0131cak bak\u0131yoruz. Bu konuda g\u00f6r\u00fc\u015fmelerimiz de oldu. Anla\u015fmayla yat\u0131r\u0131mc\u0131lar projeye sadece hisseleri oran\u0131nda ortak olabilecek. \u00dcnitelerin sat\u0131\u015f\u0131 s\u00f6z konusu de\u011fil. Zaten bir \u00fcnitenin sat\u0131\u015f\u0131 ya da i\u015fletilmesi teknik olarak m\u00fcmk\u00fcn g\u00f6r\u00fcnm\u00fcyor.\u201d<\/p>\n<p>Kaynak: <a href=\"http:\/\/enerjienstitusu.com\/2012\/11\/28\/akkuyuda-yuzde-49a-kadar-ozel-sektor-ortakligi-mumkun\/\" target=\"_blank\">Enerji Enstit\u00fcs\u00fc<\/a><\/p>","protected":false},"excerpt":{"rendered":"<p>Sorry, this entry is only available in Turkish. For the sake of viewer convenience, the content is shown below in the alternative language. You may click the link to switch the active language.Organize Sanayi B\u00f6lgeleri \u00dcst Kurulu\u015fu (OSB\u00dcK) Ba\u015fkan\u0131 Nurettin \u00d6zdebir, Akkuyu\u2019da yap\u0131lmas\u0131 planlanan n\u00fckleer g\u00fc\u00e7 santraline (NGS) OSB\u00dcK olarak ortak olmak istediklerini belirterek, \u201dOrtakl\u0131k [&hellip;]<\/p>\n","protected":false},"author":1,"featured_media":3939,"comment_status":"open","ping_status":"open","sticky":false,"template":"","format":"standard","meta":[],"categories":[53,43],"tags":[1135,1133,1134,1136,885],"views":1864,"_links":{"self":[{"href":"https:\/\/www.enerjigazetesi.ist\/en\/wp-json\/wp\/v2\/posts\/3938"}],"collection":[{"href":"https:\/\/www.enerjigazetesi.ist\/en\/wp-json\/wp\/v2\/posts"}],"about":[{"href":"https:\/\/www.enerjigazetesi.ist\/en\/wp-json\/wp\/v2\/types\/post"}],"author":[{"embeddable":true,"href":"https:\/\/www.enerjigazetesi.ist\/en\/wp-json\/wp\/v2\/users\/1"}],"replies":[{"embeddable":true,"href":"https:\/\/www.enerjigazetesi.ist\/en\/wp-json\/wp\/v2\/comments?post=3938"}],"version-history":[{"count":4,"href":"https:\/\/www.enerjigazetesi.ist\/en\/wp-json\/wp\/v2\/posts\/3938\/revisions"}],"predecessor-version":[{"id":4011,"href":"https:\/\/www.enerjigazetesi.ist\/en\/wp-json\/wp\/v2\/posts\/3938\/revisions\/4011"}],"wp:featuredmedia":[{"embeddable":true,"href":"https:\/\/www.enerjigazetesi.ist\/en\/wp-json\/wp\/v2\/media\/3939"}],"wp:attachment":[{"href":"https:\/\/www.enerjigazetesi.ist\/en\/wp-json\/wp\/v2\/media?parent=3938"}],"wp:term":[{"taxonomy":"category","embeddable":true,"href":"https:\/\/www.enerjigazetesi.ist\/en\/wp-json\/wp\/v2\/categories?post=3938"},{"taxonomy":"post_tag","embeddable":true,"href":"https:\/\/www.enerjigazetesi.ist\/en\/wp-json\/wp\/v2\/tags?post=3938"}],"curies":[{"name":"wp","href":"https:\/\/api.w.org\/{rel}","templated":true}]}}