{"id":39362,"date":"2015-05-14T17:19:28","date_gmt":"2015-05-14T14:19:28","guid":{"rendered":"https:\/\/www.enerjigazetesi.ist\/?p=39362"},"modified":"2015-05-23T13:32:15","modified_gmt":"2015-05-23T10:32:15","slug":"turkiye-enerjide-soz-sahibi-olmali","status":"publish","type":"post","link":"https:\/\/www.enerjigazetesi.ist\/en\/turkiye-enerjide-soz-sahibi-olmali\/","title":{"rendered":"(Turkish) &#8217;T\u00fcrkiye Enerjide S\u00f6z Sahibi Olmal\u0131!'"},"content":{"rendered":"<p class=\"qtranxs-available-languages-message qtranxs-available-languages-message-en\">Sorry, this entry is only available in <a href=\"https:\/\/www.enerjigazetesi.ist\/tr\/wp-json\/wp\/v2\/posts\/39362\" class=\"qtranxs-available-language-link qtranxs-available-language-link-tr\" title=\"Turkish\">Turkish<\/a>. For the sake of viewer convenience, the content is shown below in the alternative language. You may click the link to switch the active language.<\/p><p><span style=\"font-weight: bold; color: #000000;\">EG\u0130AD Ba\u015fkan\u0131 Seda Kaya, T\u00fcrkiye&#8217;nin enerji kaynaklar\u0131 aras\u0131nda stratejik bir konumda bulundu\u011funa dikkat \u00e7ekerek, enerjide s\u00f6z sahibi olmas\u0131 gerekti\u011fini vurgulad\u0131.<\/span><br \/>\nEge Gen\u00e7 \u0130\u015fadamlar\u0131 Derne\u011fi (EG\u0130AD) taraf\u0131ndan d\u00fczenlenen 71. Ege Toplant\u0131s\u0131&#8217;na konuk olan G\u00f6ztepe Spor Kul\u00fcb\u00fc ve Genel Energy Y\u00f6netim Kurulu Ba\u015fkan\u0131 Mehmet Sepil, \u0130zmir&#8217;in gelecekteki 10 y\u0131l i\u00e7inde bir cazibe merkezi haline gelece\u011fini s\u00f6yledi.<\/p>\n<p>Bir otelde d\u00fczenlenen toplant\u0131ya EG\u0130AD Ba\u015fkan\u0131 Seda Kaya ile dernek \u00fcyeleri kat\u0131ld\u0131. A\u00e7\u0131l\u0131\u015fta konu\u015fan Sepil, \u0130zmir&#8217;in ekonomik potansiyeli konusunda \u00e7ok iyimser oldu\u011funu belirtti.<\/p>\n<p>Sepil, kente y\u00f6nelik olumlu geli\u015fmeleri her f\u0131rsatta dile getirdi\u011fini vurgulayarak, &#8220;Ama \u0130zmir maalesef uzun y\u0131llar sanayide geli\u015femedi. Benim \u00e7ocukluk y\u0131llar\u0131mda kent paray\u0131 genellikle topraktan ve emlaktan kazan\u0131yordu. Bu jenerasyon bir s\u00fcre sonra b\u00f6l\u00fcnen m\u00fclklerle \u00e7ok \u00e7al\u0131\u015fmadan bir ya\u015fam s\u00fcrd\u00fc&#8221; dedi.<br \/>\n<img title=\"sepil-.png\" src=\"http:\/\/www.dunya.com\/d\/other\/sepil-.png\" alt=\"sepil-.png\" \/><br \/>\n\u0130zmir&#8217;deki gayrimenkul sermayesinin bitti\u011fini savunan Sepil, &#8220;Bu bitince ise \u0130stanbul&#8217;un bile \u00fcst\u00fcnde giri\u015fimcilik \u00e7abalar\u0131 ba\u015flad\u0131. Ben \u0130zmir&#8217;in her yerden \u00f6n\u00fcn\u00fc a\u00e7\u0131k g\u00f6r\u00fcyorum ve 10 y\u0131lda en h\u0131zl\u0131 geli\u015fen kent olacakt\u0131r. Hem yerli hem yabanc\u0131 yat\u0131r\u0131mc\u0131lar i\u00e7in cazibe merkezi haline gelece\u011fine inan\u0131yorum&#8221; diye konu\u015ftu.<\/p>\n<p>Mehmet Sepil, d\u00fcnyadaki en \u00f6nemli g\u00fcndem maddesinin petrol fiyatlar\u0131 oldu\u011fu savunarak, &#8220;T\u00fcrkiye enerji fakiri bir \u00fclke. Do\u011fal gazda bile t\u00fcketti\u011fimizin ancak y\u00fczde 1&#8217;ini \u00fcretebiliyoruz. Petrol aramalar\u0131nda da maalesef istenilen ba\u015far\u0131 yakalanamad\u0131 ama a\u00e7\u0131lan 5 kuyudan ancak 1&#8217;inden sonu\u00e7 al\u0131rs\u0131n\u0131z. Enerji fakiri oldu\u011fumuz i\u00e7in jeopolitik konumumuzu \u00e7ok iyi kullan\u0131p gaz ve petrol\u00fcn ba\u011fland\u0131\u011f\u0131 yollar\u0131 \u00e7ekmemiz gerekiyor ve \u015fu an bunda ba\u015far\u0131l\u0131y\u0131z&#8221; ifadelerini kulland\u0131.<\/p>\n<p>Petroldeki d\u00fc\u015f\u00fc\u015f\u00fcn T\u00fcrkiye ekonomisine olumlu katk\u0131 sa\u011flad\u0131\u011f\u0131n\u0131 aktaran Sepil, &#8220;\u0130ktidar da bu sayede nefes alm\u0131\u015ft\u0131r ama petrol fiyatlar\u0131n\u0131n bu fiyatlarda kalmas\u0131 \u00e7ok da \u00f6ng\u00f6r\u00fclm\u00fcyor. Bence k\u0131sa vadede petrol\u00fcn varil fiyat\u0131 100 dolar seviyelerine \u00e7\u0131kacakt\u0131r&#8221; dedi.<\/p>\n<p>&#8220;Petrol\u00fcn ipek yollar\u0131 T\u00fcrkiye&#8217;den ge\u00e7iyor&#8221;<\/p>\n<p>EG\u0130AD Ba\u015fkan\u0131 Seda Kaya da Ortado\u011fu&#8217;nun liderli\u011fine soyunan T\u00fcrkiye&#8217;nin enerjide s\u00f6z sahibi olmas\u0131 gerekti\u011fini vurgulad\u0131.<\/p>\n<p>T\u00fcrkiye&#8217;nin co\u011frafi olarak enerji kaynaklar\u0131 aras\u0131nda stratejik bir konumda bulundu\u011funa i\u015faret eden Kaya, &#8220;T\u00fcrkiye, stratejik konumu ile bir enerji koridoru g\u00f6revi \u00fcstlendi. Yani petrol\u00fcn ipek yollar\u0131 T\u00fcrkiye&#8217;den ge\u00e7iyor&#8221; diye konu\u015ftu.<\/p>\n<p>Konu\u015fmalar\u0131n ard\u0131ndan Mehmet Sepil, EG\u0130AD&#8217;\u0131n yeni \u00fcyelerine belgelerini verdi. EG\u0130AD Ba\u015fkan\u0131 Seda Kaya da Sepil&#8217;e vazo hediye etti.<\/p>\n<p style=\"color: #4d4e53;\">Kaynak: <a href=\"http:\/\/www.dunya.com\/guncel\/turkiye-enerjide-soz-sahibi-olmali-262262h.htm\" target=\"_blank\" rel=\"nofollow\">D\u00fcnya<\/a><\/p>\n<p><\/p>","protected":false},"excerpt":{"rendered":"<p>Sorry, this entry is only available in Turkish. For the sake of viewer convenience, the content is shown below in the alternative language. You may click the link to switch the active language.EG\u0130AD Ba\u015fkan\u0131 Seda Kaya, T\u00fcrkiye&#8217;nin enerji kaynaklar\u0131 aras\u0131nda stratejik bir konumda bulundu\u011funa dikkat \u00e7ekerek, enerjide s\u00f6z sahibi olmas\u0131 gerekti\u011fini vurgulad\u0131. Ege Gen\u00e7 \u0130\u015fadamlar\u0131 [&hellip;]<\/p>\n","protected":false},"author":1,"featured_media":39363,"comment_status":"open","ping_status":"open","sticky":false,"template":"","format":"standard","meta":[],"categories":[53],"tags":[],"views":885,"_links":{"self":[{"href":"https:\/\/www.enerjigazetesi.ist\/en\/wp-json\/wp\/v2\/posts\/39362"}],"collection":[{"href":"https:\/\/www.enerjigazetesi.ist\/en\/wp-json\/wp\/v2\/posts"}],"about":[{"href":"https:\/\/www.enerjigazetesi.ist\/en\/wp-json\/wp\/v2\/types\/post"}],"author":[{"embeddable":true,"href":"https:\/\/www.enerjigazetesi.ist\/en\/wp-json\/wp\/v2\/users\/1"}],"replies":[{"embeddable":true,"href":"https:\/\/www.enerjigazetesi.ist\/en\/wp-json\/wp\/v2\/comments?post=39362"}],"version-history":[{"count":2,"href":"https:\/\/www.enerjigazetesi.ist\/en\/wp-json\/wp\/v2\/posts\/39362\/revisions"}],"predecessor-version":[{"id":39365,"href":"https:\/\/www.enerjigazetesi.ist\/en\/wp-json\/wp\/v2\/posts\/39362\/revisions\/39365"}],"wp:featuredmedia":[{"embeddable":true,"href":"https:\/\/www.enerjigazetesi.ist\/en\/wp-json\/wp\/v2\/media\/39363"}],"wp:attachment":[{"href":"https:\/\/www.enerjigazetesi.ist\/en\/wp-json\/wp\/v2\/media?parent=39362"}],"wp:term":[{"taxonomy":"category","embeddable":true,"href":"https:\/\/www.enerjigazetesi.ist\/en\/wp-json\/wp\/v2\/categories?post=39362"},{"taxonomy":"post_tag","embeddable":true,"href":"https:\/\/www.enerjigazetesi.ist\/en\/wp-json\/wp\/v2\/tags?post=39362"}],"curies":[{"name":"wp","href":"https:\/\/api.w.org\/{rel}","templated":true}]}}