{"id":39350,"date":"2015-05-14T10:18:42","date_gmt":"2015-05-14T07:18:42","guid":{"rendered":"https:\/\/www.enerjigazetesi.ist\/?p=39350"},"modified":"2015-05-23T14:27:29","modified_gmt":"2015-05-23T11:27:29","slug":"socar-b20nin-stratejik-ortagi-oldu","status":"publish","type":"post","link":"https:\/\/www.enerjigazetesi.ist\/en\/socar-b20nin-stratejik-ortagi-oldu\/","title":{"rendered":"(Turkish) SOCAR, B20\u2019nin Stratejik Orta\u011f\u0131 Oldu!"},"content":{"rendered":"<p class=\"qtranxs-available-languages-message qtranxs-available-languages-message-en\">Sorry, this entry is only available in <a href=\"https:\/\/www.enerjigazetesi.ist\/tr\/wp-json\/wp\/v2\/posts\/39350\" class=\"qtranxs-available-language-link qtranxs-available-language-link-tr\" title=\"Turkish\">Turkish<\/a>. For the sake of viewer convenience, the content is shown below in the alternative language. You may click the link to switch the active language.<\/p><p><strong>D\u00fcnya enerji piyasas\u0131n\u0131n dev \u015firketlerinden SOCAR, T\u00fcrkiye\u2019nin d\u00f6nem ba\u015fkanl\u0131\u011f\u0131n\u0131 \u00fcstlendi\u011fi G20\u2019nin i\u015f d\u00fcnyas\u0131 aya\u011f\u0131 olan B20\u2019ye stratejik ortak oldu. SOCAR ile B20 T\u00fcrkiye Y\u00fcr\u00fctme Kurulu aras\u0131nda stratejik i\u015fbirli\u011fi anla\u015fmas\u0131 imzaland\u0131. Buna g\u00f6re SOCAR, global \u00f6l\u00e7ekte i\u015f d\u00fcnyas\u0131 devlerini kas\u0131m ay\u0131nda Antalya\u2019da bulu\u015fturacak B20 toplant\u0131s\u0131 ve \u00f6ncesindeki etkinliklerin stratejik orta\u011f\u0131 olacak.<\/strong><\/p>\n<p>Bak\u00fc\u2019de yap\u0131lan, Ba\u015fbakan Yard\u0131mc\u0131s\u0131 Ali Babacan ve Azerbaycan Ekonomi Bakan\u0131 \u015eahin Mustafayev\u2019in de haz\u0131r bulundu\u011fu B20 Azerbaycan B\u00f6lgesel Dan\u0131\u015fma Toplant\u0131s\u0131\u2019nda konu\u015fan SOCAR Ba\u015fkan\u0131 R\u00f6vnag Abdullayev, T\u00fcrkiye\u2019nin G20 d\u00f6nem ba\u015fkanl\u0131\u011f\u0131n\u0131n \u00f6nemine de\u011findi. \u201cT\u00fcrkiye, G20 ba\u015fkanl\u0131\u011f\u0131 d\u00f6neminde bir \u00fclkeyi davet hakk\u0131n\u0131 Azerbaycan\u2019dan yana kulland\u0131.\u201d diyen Abdullayev, kas\u0131m ay\u0131nda Antalya\u2019da yap\u0131lacak zirveye 21. \u00fclke olarak Azerbaycan\u2019\u0131 \u00e7a\u011f\u0131ran Ba\u015f<a href=\"https:\/\/www.enerjigazetesi.ist\/wp-content\/uploads\/2015\/05\/socar-b20nin-stratejik-ortagi-oldu.jpg\"><img loading=\"lazy\" class=\"alignright size-medium wp-image-39351\" src=\"https:\/\/www.enerjigazetesi.ist\/wp-content\/uploads\/2015\/05\/socar-b20nin-stratejik-ortagi-oldu-300x162.jpg\" alt=\"socar-b20nin-stratejik-ortagi-oldu\" width=\"300\" height=\"162\" srcset=\"https:\/\/www.enerjigazetesi.ist\/wp-content\/uploads\/2015\/05\/socar-b20nin-stratejik-ortagi-oldu-300x162.jpg 300w, https:\/\/www.enerjigazetesi.ist\/wp-content\/uploads\/2015\/05\/socar-b20nin-stratejik-ortagi-oldu-500x270.jpg 500w, https:\/\/www.enerjigazetesi.ist\/wp-content\/uploads\/2015\/05\/socar-b20nin-stratejik-ortagi-oldu-80x43.jpg 80w, https:\/\/www.enerjigazetesi.ist\/wp-content\/uploads\/2015\/05\/socar-b20nin-stratejik-ortagi-oldu.jpg 638w\" sizes=\"(max-width: 300px) 100vw, 300px\" \/><\/a>bakan Yard\u0131mc\u0131s\u0131 Babacan\u2019a te\u015fekk\u00fcr etti. B20\u2019nin \u00f6ncelikli konular\u0131n\u0131n tart\u0131\u015f\u0131ld\u0131\u011f\u0131 toplant\u0131ya, Azerbaycan olarak evsahipli\u011fi yapmaktan mutluluk duyduklar\u0131n\u0131 belirten Abdullayev, stratejik i\u015fbirli\u011fi anla\u015fmas\u0131yla s\u00fcreci desteklediklerini s\u00f6yledi. Bakan Abdullayev, \u015f\u00f6yle konu\u015ftu: \u201cTOBB Ba\u015fkan\u0131 Rifat Hisarc\u0131kl\u0131o\u011flu\u2019nun ba\u015fkanl\u0131\u011f\u0131nda y\u00fcr\u00fct\u00fclen B20 s\u00fcrecinde, k\u00fcresel sorunlarla m\u00fccadele yolunda i\u015f d\u00fcnyas\u0131n\u0131n, \u00e7al\u0131\u015fanlar\u0131n, sivil toplum \u00f6rg\u00fctlerinin deste\u011fiyle \u00f6nemli ad\u0131mlar at\u0131lacak. B20\u2019nin \u2018Altyap\u0131 ve Yat\u0131r\u0131m\u2019 g\u00f6rev g\u00fcc\u00fcn\u00fcn bir \u00fcyesi olmaktan gurur duyuyorum, \u00e7\u00fcnk\u00fc altyap\u0131 ve yat\u0131r\u0131m kavramlar\u0131 b\u00fcy\u00fcmeyi, istihdam\u0131, kalk\u0131nmay\u0131 ve t\u00fcm bunlarda s\u00fcrd\u00fcr\u00fclebilirli\u011fi etkilemesi nedeniyle kritik \u00f6neme sahip.<\/p>\n<p>Biz Azerbaycan\u2019\u0131n en b\u00fcy\u00fck devlet \u015firketi SOCAR olarak, b\u00f6lgemizde \u00f6nemli altyap\u0131 projeleri ger\u00e7ekle\u015ftiriyoruz. G\u00fcney Gaz Koridoru ve T\u00fcrkiye aya\u011f\u0131 olan TANAP, b\u00f6lgemizde di\u011fer t\u00fcm enerji projelerini te\u015fvik eden \u00f6nemli ve \u00f6nc\u00fc bir altyap\u0131 projesidir. Bu projeler sayesinde, enerji kaynaklar\u0131m\u0131z\u0131 T\u00fcrkiye \u00fczerinden Avrupa ile bulu\u015fturuyoruz. Hem T\u00fcrkiye\u2019nin enerji arz g\u00fcvenli\u011fini sa\u011flamaya hem Avrupa ve d\u00fcnya bar\u0131\u015f\u0131na katk\u0131da bulunuyoruz. Benzer altyap\u0131 \u00e7al\u0131\u015fmalar\u0131 planlayan geli\u015fmekte olan \u00fclkelerle tecr\u00fcbelerimizi payla\u015fmaya haz\u0131r\u0131z.\u201d<\/p>\n<p>Toplant\u0131da bir konu\u015fma yapan SOCAR T\u00fcrkiye Ba\u015fkan\u0131 Kenan Yavuz da B20\u2019nin stratejik partneri olma gururu ya\u015fad\u0131klar\u0131n\u0131 s\u00f6yledi. B20 zirvesine evsahipli\u011fi yapacak T\u00fcrkiye\u2019nin, i\u015f d\u00fcnyas\u0131 liderlerinin \u00e7al\u0131\u015fmalar\u0131na \u00f6nc\u00fcl\u00fck edece\u011fini, ayn\u0131 zamanda tarih ve k\u00fclt\u00fcr a\u00e7\u0131s\u0131ndan \u00f6nemli bir tan\u0131t\u0131m f\u0131rsat\u0131 yakalayaca\u011f\u0131n\u0131 vurgulayan Yavuz, \u201cT\u00fcrkiye, b\u00f6lgesinde bir istikrar merkezi olarak y\u00fckselmeye devam ediyor. Bu merkez, do\u011fudaki enerji depolar\u0131 ile Avrupa ekonomilerini bulu\u015fturan k\u00f6pr\u00fc rol\u00fcnde. T\u00fcrkiye tarihiyle, k\u00fclt\u00fcr\u00fcyle, duru\u015fuyla bu rol\u00fcn hakk\u0131n\u0131 verdi\u011fi gibi ekonomik anlamda imza att\u0131\u011f\u0131, i\u00e7inde yer ald\u0131\u011f\u0131 dev projelerle de g\u00fcven ve istikrar\u0131n s\u00fcrd\u00fcr\u00fclebilirli\u011finin teminat\u0131 olarak kabul ediliyor. T\u00fcrkiye ve Azerbaycan\u2019\u0131 d\u00fcnya enerji piyasas\u0131n\u0131n \u00f6nemli akt\u00f6r\u00fc haline getirecek ve bar\u0131\u015fa katk\u0131 sa\u011flayacak TANAP projesiyle SOCAR\u2019\u0131n, B20\u2019ye de de\u011fer kataca\u011f\u0131n\u0131 d\u00fc\u015f\u00fcn\u00fcyorum. Avrupa enerji sekt\u00f6r\u00fcnde kilit \u00fclke konumuna gelen T\u00fcrkiye\u2019nin, karde\u015f \u00fclke Azerbaycan\u2019la y\u00fcr\u00fcd\u00fc\u011f\u00fc yoldaki ad\u0131mlar\u0131n t\u00fcm d\u00fcnyaya \u00f6rnek olmas\u0131n\u0131 temenni ediyorum.\u201d diye konu\u015ftu.<\/p>\n<p>Kaynak: Enerji Enstit\u00fcs\u00fc<\/p>","protected":false},"excerpt":{"rendered":"<p>Sorry, this entry is only available in Turkish. For the sake of viewer convenience, the content is shown below in the alternative language. You may click the link to switch the active language.D\u00fcnya enerji piyasas\u0131n\u0131n dev \u015firketlerinden SOCAR, T\u00fcrkiye\u2019nin d\u00f6nem ba\u015fkanl\u0131\u011f\u0131n\u0131 \u00fcstlendi\u011fi G20\u2019nin i\u015f d\u00fcnyas\u0131 aya\u011f\u0131 olan B20\u2019ye stratejik ortak oldu. SOCAR ile B20 T\u00fcrkiye [&hellip;]<\/p>\n","protected":false},"author":1,"featured_media":39351,"comment_status":"open","ping_status":"open","sticky":false,"template":"","format":"standard","meta":[],"categories":[53],"tags":[],"views":591,"_links":{"self":[{"href":"https:\/\/www.enerjigazetesi.ist\/en\/wp-json\/wp\/v2\/posts\/39350"}],"collection":[{"href":"https:\/\/www.enerjigazetesi.ist\/en\/wp-json\/wp\/v2\/posts"}],"about":[{"href":"https:\/\/www.enerjigazetesi.ist\/en\/wp-json\/wp\/v2\/types\/post"}],"author":[{"embeddable":true,"href":"https:\/\/www.enerjigazetesi.ist\/en\/wp-json\/wp\/v2\/users\/1"}],"replies":[{"embeddable":true,"href":"https:\/\/www.enerjigazetesi.ist\/en\/wp-json\/wp\/v2\/comments?post=39350"}],"version-history":[{"count":1,"href":"https:\/\/www.enerjigazetesi.ist\/en\/wp-json\/wp\/v2\/posts\/39350\/revisions"}],"predecessor-version":[{"id":39352,"href":"https:\/\/www.enerjigazetesi.ist\/en\/wp-json\/wp\/v2\/posts\/39350\/revisions\/39352"}],"wp:featuredmedia":[{"embeddable":true,"href":"https:\/\/www.enerjigazetesi.ist\/en\/wp-json\/wp\/v2\/media\/39351"}],"wp:attachment":[{"href":"https:\/\/www.enerjigazetesi.ist\/en\/wp-json\/wp\/v2\/media?parent=39350"}],"wp:term":[{"taxonomy":"category","embeddable":true,"href":"https:\/\/www.enerjigazetesi.ist\/en\/wp-json\/wp\/v2\/categories?post=39350"},{"taxonomy":"post_tag","embeddable":true,"href":"https:\/\/www.enerjigazetesi.ist\/en\/wp-json\/wp\/v2\/tags?post=39350"}],"curies":[{"name":"wp","href":"https:\/\/api.w.org\/{rel}","templated":true}]}}