{"id":39343,"date":"2015-05-14T10:53:32","date_gmt":"2015-05-14T07:53:32","guid":{"rendered":"https:\/\/www.enerjigazetesi.ist\/?p=39343"},"modified":"2015-05-23T14:26:01","modified_gmt":"2015-05-23T11:26:01","slug":"ermenistanin-kullanim-yasini-dolduran-nukleer-santrali-icin-cin-temasi","status":"publish","type":"post","link":"https:\/\/www.enerjigazetesi.ist\/en\/ermenistanin-kullanim-yasini-dolduran-nukleer-santrali-icin-cin-temasi\/","title":{"rendered":"(Turkish) Ermenistan&#8217;\u0131n Kullan\u0131m Ya\u015f\u0131n\u0131 Dolduran N\u00fckleer Santrali \u0130\u00e7in \u00c7in Temas\u0131&#8230;"},"content":{"rendered":"<p class=\"qtranxs-available-languages-message qtranxs-available-languages-message-en\">Sorry, this entry is only available in <a href=\"https:\/\/www.enerjigazetesi.ist\/tr\/wp-json\/wp\/v2\/posts\/39343\" class=\"qtranxs-available-language-link qtranxs-available-language-link-tr\" title=\"Turkish\">Turkish<\/a>. For the sake of viewer convenience, the content is shown below in the alternative language. You may click the link to switch the active language.<\/p><p><\/p>\n<p style=\"color: #000000;\"><strong>Ermenistan, T\u00fcrkiye s\u0131n\u0131r\u0131 yak\u0131n\u0131nda bulunan ve kullan\u0131m ya\u015f\u0131n\u0131n dolmas\u0131 nedeniyle tart\u0131\u015fma konusu olan Metsamor n\u00fckleer santralinin yeni reakt\u00f6r\u00fcn\u00fcn in\u015fas\u0131 i\u00e7in \u00c7in Ulusal N\u00fckleer Enerji \u015eirketi ile g\u00f6r\u00fc\u015fmeler yap\u0131yor.<\/strong><span id=\"more-71638\"><\/span><\/p>\n<p style=\"color: #000000;\">Ermenistan Enerji ve Do\u011fal Kaynaklar Bakan\u0131 Yervand Zakharyan, yapt\u0131\u011f\u0131 a\u00e7\u0131klamada, yeni reakt\u00f6r\u00fcn in\u015fas\u0131 b<a href=\"https:\/\/www.enerjigazetesi.ist\/wp-content\/uploads\/2015\/05\/metsamor-n\u00fckleer-santrali.jpg\"><img loading=\"lazy\" class=\"alignleft wp-image-39344 size-medium\" src=\"https:\/\/www.enerjigazetesi.ist\/wp-content\/uploads\/2015\/05\/metsamor-n\u00fckleer-santrali-300x224.jpg\" alt=\"metsamor-n\u00fckleer-santrali\" width=\"300\" height=\"224\" srcset=\"https:\/\/www.enerjigazetesi.ist\/wp-content\/uploads\/2015\/05\/metsamor-n\u00fckleer-santrali-300x224.jpg 300w, https:\/\/www.enerjigazetesi.ist\/wp-content\/uploads\/2015\/05\/metsamor-n\u00fckleer-santrali-500x374.jpg 500w, https:\/\/www.enerjigazetesi.ist\/wp-content\/uploads\/2015\/05\/metsamor-n\u00fckleer-santrali-66x50.jpg 66w, https:\/\/www.enerjigazetesi.ist\/wp-content\/uploads\/2015\/05\/metsamor-n\u00fckleer-santrali.jpg 870w\" sizes=\"(max-width: 300px) 100vw, 300px\" \/><\/a>ir\u00e7ok yat\u0131r\u0131mc\u0131yla m\u00fczakere yap\u0131ld\u0131\u011f\u0131n\u0131 belirtti. Metsamor n\u00fckleer santralinin yeni reakt\u00f6r\u00fcn\u00fcn in\u015faat\u0131 i\u00e7in \u00c7in Ulusal N\u00fckleer Enerji \u015eirketi ile g\u00f6r\u00fc\u015fmeler yap\u0131ld\u0131\u011f\u0131n\u0131 ifade eden Zakharyan, \u201cYat\u0131r\u0131mc\u0131lar\u0131n aray\u0131\u015f\u0131n\u0131 en k\u0131sa s\u00fcrede bitirmesi ve in\u015faat \u00e7al\u0131\u015fmalar\u0131n\u0131 en ge\u00e7 2018\u2019de ba\u015flatmas\u0131 i\u00e7in elimizden geleni yap\u0131yoruz\u201d diye konu\u015ftu.<\/p>\n<p style=\"color: #000000;\">N\u00fckleer G\u00fcvenlik Denetim Devlet Komitesi Ba\u015fkan\u0131 A\u015fot Martirosyan da yeni reakt\u00f6r\u00fcn in\u015fas\u0131n\u0131n 7-8 y\u0131l s\u00fcrebilece\u011fini s\u00f6yledi.<\/p>\n<p style=\"color: #000000;\">Ermenistan\u2019\u0131n ba\u015fkenti Erivan\u2019\u0131n 32 kilometre bat\u0131s\u0131nda yer alan, T\u00fcrkiye s\u0131n\u0131r\u0131na ise 16 kilometre uzakl\u0131ktaki santral, 1970 y\u0131l\u0131nda in\u015fa edilmi\u015fti. B\u00f6lgede 1988 y\u0131l\u0131nda meydana gelen ve 25 bin ki\u015finin \u00f6l\u00fcm\u00fcne neden olan depremden bir y\u0131l sonra santral, g\u00fcvenlik gerek\u00e7esiyle kapat\u0131lm\u0131\u015ft\u0131. 1995\u2019te tekrar a\u00e7\u0131lan santral, o zamandan bu yana kesintisiz \u00e7al\u0131\u015f\u0131yor. Santral, Ermenistan\u2019\u0131n elektrik ihtiyac\u0131n\u0131n y\u00fczde 40\u2019a yak\u0131n\u0131n\u0131 kar\u015f\u0131l\u0131yor.<\/p>\n<p style=\"color: #000000;\">Kaynak: Enerji Enstit\u00fcs\u00fc<\/p>\n<p><\/p>","protected":false},"excerpt":{"rendered":"<p>Sorry, this entry is only available in Turkish. For the sake of viewer convenience, the content is shown below in the alternative language. You may click the link to switch the active language. Ermenistan, T\u00fcrkiye s\u0131n\u0131r\u0131 yak\u0131n\u0131nda bulunan ve kullan\u0131m ya\u015f\u0131n\u0131n dolmas\u0131 nedeniyle tart\u0131\u015fma konusu olan Metsamor n\u00fckleer santralinin yeni reakt\u00f6r\u00fcn\u00fcn in\u015fas\u0131 i\u00e7in \u00c7in Ulusal [&hellip;]<\/p>\n","protected":false},"author":1,"featured_media":39344,"comment_status":"open","ping_status":"open","sticky":false,"template":"","format":"standard","meta":[],"categories":[53,43],"tags":[],"views":1454,"_links":{"self":[{"href":"https:\/\/www.enerjigazetesi.ist\/en\/wp-json\/wp\/v2\/posts\/39343"}],"collection":[{"href":"https:\/\/www.enerjigazetesi.ist\/en\/wp-json\/wp\/v2\/posts"}],"about":[{"href":"https:\/\/www.enerjigazetesi.ist\/en\/wp-json\/wp\/v2\/types\/post"}],"author":[{"embeddable":true,"href":"https:\/\/www.enerjigazetesi.ist\/en\/wp-json\/wp\/v2\/users\/1"}],"replies":[{"embeddable":true,"href":"https:\/\/www.enerjigazetesi.ist\/en\/wp-json\/wp\/v2\/comments?post=39343"}],"version-history":[{"count":1,"href":"https:\/\/www.enerjigazetesi.ist\/en\/wp-json\/wp\/v2\/posts\/39343\/revisions"}],"predecessor-version":[{"id":39345,"href":"https:\/\/www.enerjigazetesi.ist\/en\/wp-json\/wp\/v2\/posts\/39343\/revisions\/39345"}],"wp:featuredmedia":[{"embeddable":true,"href":"https:\/\/www.enerjigazetesi.ist\/en\/wp-json\/wp\/v2\/media\/39344"}],"wp:attachment":[{"href":"https:\/\/www.enerjigazetesi.ist\/en\/wp-json\/wp\/v2\/media?parent=39343"}],"wp:term":[{"taxonomy":"category","embeddable":true,"href":"https:\/\/www.enerjigazetesi.ist\/en\/wp-json\/wp\/v2\/categories?post=39343"},{"taxonomy":"post_tag","embeddable":true,"href":"https:\/\/www.enerjigazetesi.ist\/en\/wp-json\/wp\/v2\/tags?post=39343"}],"curies":[{"name":"wp","href":"https:\/\/api.w.org\/{rel}","templated":true}]}}