{"id":39340,"date":"2015-05-14T10:19:57","date_gmt":"2015-05-14T07:19:57","guid":{"rendered":"https:\/\/www.enerjigazetesi.ist\/?p=39340"},"modified":"2015-05-23T14:27:22","modified_gmt":"2015-05-23T11:27:22","slug":"turcas-petrol-2014-yilinda-faaliyet-karini-6-kat-arttirdi","status":"publish","type":"post","link":"https:\/\/www.enerjigazetesi.ist\/en\/turcas-petrol-2014-yilinda-faaliyet-karini-6-kat-arttirdi\/","title":{"rendered":"(Turkish) Turcas Petrol 2014 Y\u0131l\u0131nda Faaliyet Kar\u0131n\u0131 6 Kat Artt\u0131rd\u0131"},"content":{"rendered":"<p class=\"qtranxs-available-languages-message qtranxs-available-languages-message-en\">Sorry, this entry is only available in <a href=\"https:\/\/www.enerjigazetesi.ist\/tr\/wp-json\/wp\/v2\/posts\/39340\" class=\"qtranxs-available-language-link qtranxs-available-language-link-tr\" title=\"Turkish\">Turkish<\/a>. For the sake of viewer convenience, the content is shown below in the alternative language. You may click the link to switch the active language.<\/p><p><strong><span style=\"color: #000000;\">Turcas Petrol A.\u015e. Y\u00f6netim Kurulu Ba\u015fkan\u0131 Erdal Aksoy, 2014 y\u0131l\u0131 ola\u011fan genel kurul toplant\u0131s\u0131nda ge\u00e7en g\u00fcn s\u0131n\u0131rlar\u0131n belirsizle\u015fti\u011fi d\u00fcnyada, T\u00fcrkiye gibi y\u00fcksek potansiyele sahip \u00fclkelerin ivme kaybetmeksizin b\u00fcy\u00fcmeye devam etmesi gerekti\u011fini belirtti.<\/span><\/strong><span id=\"more-71630\" style=\"color: #000000;\"><\/span><\/p>\n<p>Turcas Petrol 2014 mali y\u0131l\u0131na ili\u015fkin genel kurul toplant\u0131s\u0131, Y\u00f6netim Kurulu Ba\u015fkan\u0131 Erdal Aksoy, Y\u00f6ne<br \/>\ntim Kurulu Ba\u015fkan Vekili Y\u0131lmaz Tecmen, CEO ve Y\u00f6netim Kurulu \u00dcyesi Batu Aksoy, di\u011fer y\u00f6netim kurulu \u00fcyeleri ve k\u00fc\u00e7\u00fck pay sahiplerinin kat\u0131l\u0131m\u0131yla ger\u00e7ekle\u015fti. 2014 y\u0131l\u0131 sonu\u00e7lar\u0131na ve 2015 y\u0131l\u0131 hedeflerine d\u00f6n\u00fck bilgi veren Turcas Petrol A.\u015e. Y\u00f6netim Kurulu Ba\u015fkan\u0131 Erdal Aksoy; T\u00fcrkiye\u2019de olumlu ve olumsuz geli\u015fmelerin bir arada ya\u015fand\u0131\u011f\u0131 hareketli bir y<a href=\"https:\/\/www.enerjigazetesi.ist\/wp-content\/uploads\/2015\/05\/turcas-petrol-2014-yilinda-faaliyet-karini-6-kat-arttirdi.jpg\"><img loading=\"lazy\" class=\"alignleft wp-image-39341 size-medium\" src=\"https:\/\/www.enerjigazetesi.ist\/wp-content\/uploads\/2015\/05\/turcas-petrol-2014-yilinda-faaliyet-karini-6-kat-arttirdi-300x256.jpg\" alt=\"TURCAS_LOGO_YENI_RENK\" width=\"300\" height=\"256\" srcset=\"https:\/\/www.enerjigazetesi.ist\/wp-content\/uploads\/2015\/05\/turcas-petrol-2014-yilinda-faaliyet-karini-6-kat-arttirdi-300x256.jpg 300w, https:\/\/www.enerjigazetesi.ist\/wp-content\/uploads\/2015\/05\/turcas-petrol-2014-yilinda-faaliyet-karini-6-kat-arttirdi-467x400.jpg 467w, https:\/\/www.enerjigazetesi.ist\/wp-content\/uploads\/2015\/05\/turcas-petrol-2014-yilinda-faaliyet-karini-6-kat-arttirdi-58x50.jpg 58w, https:\/\/www.enerjigazetesi.ist\/wp-content\/uploads\/2015\/05\/turcas-petrol-2014-yilinda-faaliyet-karini-6-kat-arttirdi.jpg 870w\" sizes=\"(max-width: 300px) 100vw, 300px\" \/><\/a>\u0131l\u0131 geride b\u0131rakt\u0131klar\u0131n\u0131 belirterek; \u201cTurcas olarak enerji alan\u0131ndaki yat\u0131r\u0131mlar\u0131m\u0131z\u0131 \u00e7e\u015fitlendirip riskleri minimize etme yolunda ad\u0131mlar att\u0131k. \u00d6te yandan akaryak\u0131t piyasas\u0131ndaki \u00f6nc\u00fc konumumuzu korumay\u0131 ba\u015fard\u0131k. Sekt\u00f6rlerinde \u00f6nc\u00fc konumda olan i\u015ftiraklerimiz Shell &amp; Turcas Petrol A.\u015e. ile RWE &amp; Turcas G\u00fcney Elektrik \u00dcretim A.\u015e. b\u00fcnyesinde yaratt\u0131\u011f\u0131m\u0131z de\u011feri yukar\u0131ya ta\u015f\u0131rken, ayn\u0131 zamanda yenilenebilir enerjinin toplam elektrik \u00fcretim portf\u00f6y\u00fcm\u00fcz i\u00e7erisindeki pay\u0131n\u0131 art\u0131rmay\u0131, bu sayede hissedarlar\u0131m\u0131z a\u00e7\u0131s\u0131ndan \u00e7ok daha dengeli bir yat\u0131r\u0131m portf\u00f6y\u00fc ortaya koymay\u0131 hedefliyoruz\u201d dedi.<\/p>\n<p>\u00d6nlerindeki d\u00f6nemin getirece\u011fi risk ve f\u0131rsatlar\u0131n do\u011fru okunmas\u0131yla bu d\u00f6nemden de g\u00fc\u00e7lenerek \u00e7\u0131kacaklar\u0131na inand\u0131\u011f\u0131n\u0131 belirten Erdal Aksoy, \u201cH\u0131zla k\u00fcreselle\u015fen, her ge\u00e7en g\u00fcn s\u0131n\u0131rlar\u0131n belirsizle\u015fti\u011fi d\u00fcnyam\u0131zda, T\u00fcrkiye gibi y\u00fcksek potansiyele sahip \u00fclkelerin ivme kaybetmeksizin b\u00fcy\u00fcmeye devam etmesi gerekiyor. \u00dclkemizin b\u00fcy\u00fcmesinin enerjisini sa\u011flayacak yat\u0131r\u0131mlar\u0131 hayata ge\u00e7irmenin sorumlulu\u011fu da, Turcas gibi sayg\u0131n, k\u00f6kl\u00fc, \u00f6zg\u00fcveni y\u00fcksek ve azimli T\u00fcrk \u015firketlerinin \u00fczerinde. Bu g\u00f6rev bilinciyle \u00fclkemiz i\u00e7in \u00e7al\u0131\u015fmaya ve yenilik\u00e7i projeler \u00fcretmeye devam edece\u011fiz\u201d ifadelerini kulland\u0131.<br \/>\nTurcas Petrol A.\u015e.\u2019nin CEO ve Y\u00f6netim Kurulu \u00dcyesi Batu Aksoy ise; \u201c\u2018Enerjide K\u00fcresel Vizyon, B\u00f6lgesel Deneyim\u2019 slogan\u0131yla yat\u0131r\u0131m portf\u00f6y\u00fcm\u00fcz\u00fc \u00e7e\u015fitlendirdi\u011fimiz bu d\u00f6nemde, 84 y\u0131ll\u0131k kurum tarihimizde d\u00fcnyan\u0131n en b\u00fcy\u00fck enerji \u015firketleriyle ger\u00e7ekle\u015ftirdi\u011fimiz ortakl\u0131klarda edindi\u011fimiz deneyim, sa\u011flam finansal yap\u0131m\u0131z ve yenilik\u00e7i y\u00f6neti\u015fim anlay\u0131\u015f\u0131m\u0131zla t\u00fcm payda\u015flar\u0131m\u0131za de\u011fer yaratan projeler ger\u00e7ekle\u015ftirmeye devam edece\u011fiz\u201d diye konu\u015ftu.<\/p>\n<p>Batu Aksoy, 2014 y\u0131l\u0131nda Turcas\u2019\u0131n faaliyet k\u00e2r\u0131n\u0131 bir \u00f6nceki y\u0131la oranla 6 kat artt\u0131rarak 14 milyon TL\u2019ye \u00e7\u0131kartt\u0131klar\u0131n\u0131 belirtti.<br \/>\n\u015eirketten verilen bilgide, Kurumsal Y\u00f6netim Derecelendirme Notu\u2019nu d\u00fczenli bir \u015fekilde artt\u0131ran Turcas, 2014 y\u0131l\u0131na ili\u015fkin de\u011ferlendirme neticesinde notunu 10 \u00fczerinden 9,08 seviyesinden 9,27\u2019ye y\u00fckseldi\u011fi a\u00e7\u0131kland\u0131. Turcas, Sabanc\u0131 \u00dcniversitesi Kurumsal Y\u00f6netim Forumu taraf\u0131ndan ger\u00e7ekle\u015ftirilen Kad\u0131nlarla G\u00fc\u00e7lendirilmi\u015f Y\u00f6netim Kurulu Endeksi\u2019nde \u00fcst \u00fcste ikinci y\u0131l \u00f6d\u00fcle lay\u0131k g\u00f6r\u00fcld\u00fc ve borsa \u0130stanbul\u2019da i\u015flem g\u00f6ren 422 \u015firket i\u00e7erisinde \u2018kad\u0131nlar\u0131n y\u00f6netiminde en \u00e7ok s\u00f6z sahibi oldu\u011fu enerji \u015firketi\u2019 pozisyonunu korudu.<\/p>\n<p>Akaryak\u0131t piyasas\u0131ndaki Turcas i\u015ftirak olan Shell &amp; Turcas Petrol A.\u015e. (STA\u015e), tavan fiyat uygulamas\u0131 ba\u015fta olmak \u00fczere bir dizi yasal d\u00fczenlemeye ve petrol fiyatlar\u0131nda ya\u015fanan sert d\u00fc\u015f\u00fc\u015fe ra\u011fmen, \u2018Akaryak\u0131t \u0130stasyonu Ba\u015f\u0131na D\u00fc\u015fen Beyaz \u00dcr\u00fcn Sat\u0131\u015f Hacmi\u2019nde 2014 y\u0131l\u0131nda 16 milyar TL net sat\u0131\u015f h\u00e2s\u0131lat\u0131 ger\u00e7ekle\u015ftirdi\u011fi belirtildi.<\/p>\n<p>Ayr\u0131ca verilen bilgiye g\u00f6re, Turcas\u2019\u0131n Jeotermal alan\u0131ndaki gen\u00e7 i\u015ftiraki olan Turcas BM Kuyucak Jeotermal Elektrik \u00dcretim A.\u015e., Ayd\u0131n Pamuk\u00f6ren\u2019de ger\u00e7ekle\u015ftirdi\u011fi sondajlarla ilgili Enerji Piyasas\u0131 D\u00fczenleme Kurumu\u2019ndan 13,2 MW b\u00fcy\u00fckl\u00fc\u011f\u00fcndeki kurulu g\u00fc\u00e7 i\u00e7in \u00d6n Lisans almay\u0131 ba\u015fard\u0131\u011f\u0131 belirtildi ve Ayd\u0131n\u2019da elde edilecek sonucun Turcas\u2019\u0131n Denizli ve Manisa\u2019da bulunan di\u011fer jeotermal lisanslar\u0131nda yapaca\u011f\u0131 yat\u0131r\u0131mlar\u0131 te\u015fvik etmesi beklendi\u011fi bildirildi.<\/p>\n<p>Yay\u0131nc\u0131: <a href=\"https:\/\/www.enerjigazetesi.ist\" target=\"_blank\">Enerji Gazetesi<\/a><\/p>","protected":false},"excerpt":{"rendered":"<p>Sorry, this entry is only available in Turkish. For the sake of viewer convenience, the content is shown below in the alternative language. You may click the link to switch the active language.Turcas Petrol A.\u015e. Y\u00f6netim Kurulu Ba\u015fkan\u0131 Erdal Aksoy, 2014 y\u0131l\u0131 ola\u011fan genel kurul toplant\u0131s\u0131nda ge\u00e7en g\u00fcn s\u0131n\u0131rlar\u0131n belirsizle\u015fti\u011fi d\u00fcnyada, T\u00fcrkiye gibi y\u00fcksek potansiyele [&hellip;]<\/p>\n","protected":false},"author":1,"featured_media":39341,"comment_status":"open","ping_status":"open","sticky":false,"template":"","format":"standard","meta":[],"categories":[53,44],"tags":[],"views":768,"_links":{"self":[{"href":"https:\/\/www.enerjigazetesi.ist\/en\/wp-json\/wp\/v2\/posts\/39340"}],"collection":[{"href":"https:\/\/www.enerjigazetesi.ist\/en\/wp-json\/wp\/v2\/posts"}],"about":[{"href":"https:\/\/www.enerjigazetesi.ist\/en\/wp-json\/wp\/v2\/types\/post"}],"author":[{"embeddable":true,"href":"https:\/\/www.enerjigazetesi.ist\/en\/wp-json\/wp\/v2\/users\/1"}],"replies":[{"embeddable":true,"href":"https:\/\/www.enerjigazetesi.ist\/en\/wp-json\/wp\/v2\/comments?post=39340"}],"version-history":[{"count":3,"href":"https:\/\/www.enerjigazetesi.ist\/en\/wp-json\/wp\/v2\/posts\/39340\/revisions"}],"predecessor-version":[{"id":39349,"href":"https:\/\/www.enerjigazetesi.ist\/en\/wp-json\/wp\/v2\/posts\/39340\/revisions\/39349"}],"wp:featuredmedia":[{"embeddable":true,"href":"https:\/\/www.enerjigazetesi.ist\/en\/wp-json\/wp\/v2\/media\/39341"}],"wp:attachment":[{"href":"https:\/\/www.enerjigazetesi.ist\/en\/wp-json\/wp\/v2\/media?parent=39340"}],"wp:term":[{"taxonomy":"category","embeddable":true,"href":"https:\/\/www.enerjigazetesi.ist\/en\/wp-json\/wp\/v2\/categories?post=39340"},{"taxonomy":"post_tag","embeddable":true,"href":"https:\/\/www.enerjigazetesi.ist\/en\/wp-json\/wp\/v2\/tags?post=39340"}],"curies":[{"name":"wp","href":"https:\/\/api.w.org\/{rel}","templated":true}]}}