{"id":39321,"date":"2015-05-13T11:30:37","date_gmt":"2015-05-13T08:30:37","guid":{"rendered":"https:\/\/www.enerjigazetesi.ist\/?p=39321"},"modified":"2015-05-23T14:52:46","modified_gmt":"2015-05-23T11:52:46","slug":"elektrik-yaz-okulu-aciliyor","status":"publish","type":"post","link":"https:\/\/www.enerjigazetesi.ist\/en\/elektrik-yaz-okulu-aciliyor\/","title":{"rendered":"(Turkish) Elektrik Yaz Okulu A\u00e7\u0131l\u0131yor!"},"content":{"rendered":"<p class=\"qtranxs-available-languages-message qtranxs-available-languages-message-en\">Sorry, this entry is only available in <a href=\"https:\/\/www.enerjigazetesi.ist\/tr\/wp-json\/wp\/v2\/posts\/39321\" class=\"qtranxs-available-language-link qtranxs-available-language-link-tr\" title=\"Turkish\">Turkish<\/a>. For the sake of viewer convenience, the content is shown below in the alternative language. You may click the link to switch the active language.<\/p><p><strong>Uluslararas\u0131 Enerji Ekonomisi Birli\u011fi (IAEE), \u0130stanbul\u2019da \u201cElektrik Yaz Okulu\u201d a\u00e7\u0131yor.<a href=\"https:\/\/www.enerjigazetesi.ist\/wp-content\/uploads\/2015\/05\/elektrik-yaz-okulu-aciliyor.jpg\"><img loading=\"lazy\" class=\"alignright size-medium wp-image-39322\" src=\"https:\/\/www.enerjigazetesi.ist\/wp-content\/uploads\/2015\/05\/elektrik-yaz-okulu-aciliyor-300x240.jpg\" alt=\"elektrik-yaz-okulu-aciliyor\" width=\"300\" height=\"240\" srcset=\"https:\/\/www.enerjigazetesi.ist\/wp-content\/uploads\/2015\/05\/elektrik-yaz-okulu-aciliyor-300x240.jpg 300w, https:\/\/www.enerjigazetesi.ist\/wp-content\/uploads\/2015\/05\/elektrik-yaz-okulu-aciliyor-498x400.jpg 498w, https:\/\/www.enerjigazetesi.ist\/wp-content\/uploads\/2015\/05\/elektrik-yaz-okulu-aciliyor-62x50.jpg 62w, https:\/\/www.enerjigazetesi.ist\/wp-content\/uploads\/2015\/05\/elektrik-yaz-okulu-aciliyor.jpg 500w\" sizes=\"(max-width: 300px) 100vw, 300px\" \/><\/a><\/strong><\/p>\n<p>Uluslararas\u0131 Enerji Ekonomisi Birli\u011fi`nin (IAEE) \u0130stanbul\u2019da a\u00e7aca\u011f\u0131 \u201cElektrik Yaz Okulu\u201d 28-30 May\u0131s 2015 tarihleri aras\u0131nda Bo\u011fazi\u00e7i \u00dcniversitesi\u2019nde d\u00fczenlenecek. Ba\u015fvuru i\u00e7in son g\u00fcn 15 May\u0131s 2015 olarak belirlendi.<\/p>\n<p>\u201cElectricity Markets and Regulation\u201d ba\u015fl\u0131kl\u0131 yaz okulunda d\u00fcnyan\u0131n sayg\u0131n e\u011fitim kurumlar\u0131 ve se\u00e7kin firmalar\u0131n \u00fcst d\u00fczey temsilcileri, \u00f6\u011frencilere meslek ve elektrik piyasas\u0131 ile ilgili tecr\u00fcbelerini payla\u015facak. Okulda T\u00fcrkiye\u2019nin yan\u0131 s\u0131ra \u0130talya ve Norve\u00e7\u2019ten gelen alan\u0131nda uzman isimler a\u011f\u0131rlanacak.<\/p>\n<p>Elektrik piyasalar\u0131, i\u015fleyi\u015f ve d\u00fczenleme esaslar\u0131n\u0131n anlat\u0131laca\u011f\u0131 IAEE\u2019nin yaz okuluna ba\u015fvuruda bulunmak isteyenler, http:\/\/www.traee.org\/iaee-summer-school adresindeki ba\u015fvuru formunu doldurarak, summerschool@iaee2015.org adresine g\u00f6nderebilecek.<\/p>\n<p>Yay\u0131nc\u0131: <a href=\"https:\/\/www.enerjigazetesi.ist\" target=\"_blank\">Enerji Gazetesi<\/a><\/p>","protected":false},"excerpt":{"rendered":"<p>Sorry, this entry is only available in Turkish. For the sake of viewer convenience, the content is shown below in the alternative language. You may click the link to switch the active language.Uluslararas\u0131 Enerji Ekonomisi Birli\u011fi (IAEE), \u0130stanbul\u2019da \u201cElektrik Yaz Okulu\u201d a\u00e7\u0131yor. Uluslararas\u0131 Enerji Ekonomisi Birli\u011fi`nin (IAEE) \u0130stanbul\u2019da a\u00e7aca\u011f\u0131 \u201cElektrik Yaz Okulu\u201d 28-30 May\u0131s 2015 [&hellip;]<\/p>\n","protected":false},"author":1,"featured_media":39322,"comment_status":"open","ping_status":"open","sticky":false,"template":"","format":"standard","meta":[],"categories":[51,53],"tags":[],"views":1545,"_links":{"self":[{"href":"https:\/\/www.enerjigazetesi.ist\/en\/wp-json\/wp\/v2\/posts\/39321"}],"collection":[{"href":"https:\/\/www.enerjigazetesi.ist\/en\/wp-json\/wp\/v2\/posts"}],"about":[{"href":"https:\/\/www.enerjigazetesi.ist\/en\/wp-json\/wp\/v2\/types\/post"}],"author":[{"embeddable":true,"href":"https:\/\/www.enerjigazetesi.ist\/en\/wp-json\/wp\/v2\/users\/1"}],"replies":[{"embeddable":true,"href":"https:\/\/www.enerjigazetesi.ist\/en\/wp-json\/wp\/v2\/comments?post=39321"}],"version-history":[{"count":1,"href":"https:\/\/www.enerjigazetesi.ist\/en\/wp-json\/wp\/v2\/posts\/39321\/revisions"}],"predecessor-version":[{"id":39323,"href":"https:\/\/www.enerjigazetesi.ist\/en\/wp-json\/wp\/v2\/posts\/39321\/revisions\/39323"}],"wp:featuredmedia":[{"embeddable":true,"href":"https:\/\/www.enerjigazetesi.ist\/en\/wp-json\/wp\/v2\/media\/39322"}],"wp:attachment":[{"href":"https:\/\/www.enerjigazetesi.ist\/en\/wp-json\/wp\/v2\/media?parent=39321"}],"wp:term":[{"taxonomy":"category","embeddable":true,"href":"https:\/\/www.enerjigazetesi.ist\/en\/wp-json\/wp\/v2\/categories?post=39321"},{"taxonomy":"post_tag","embeddable":true,"href":"https:\/\/www.enerjigazetesi.ist\/en\/wp-json\/wp\/v2\/tags?post=39321"}],"curies":[{"name":"wp","href":"https:\/\/api.w.org\/{rel}","templated":true}]}}