{"id":39312,"date":"2015-05-13T12:16:24","date_gmt":"2015-05-13T09:16:24","guid":{"rendered":"https:\/\/www.enerjigazetesi.ist\/?p=39312"},"modified":"2015-05-23T14:27:56","modified_gmt":"2015-05-23T11:27:56","slug":"almanyanin-ilk-gunes-elektrigi-yarismasi-gerceklestirildi","status":"publish","type":"post","link":"https:\/\/www.enerjigazetesi.ist\/en\/almanyanin-ilk-gunes-elektrigi-yarismasi-gerceklestirildi\/","title":{"rendered":"(Turkish) Almanya\u2019n\u0131n \u0130lk G\u00fcne\u015f Elektri\u011fi Yar\u0131\u015fmas\u0131 Ger\u00e7ekle\u015ftirildi&#8230;"},"content":{"rendered":"<p class=\"qtranxs-available-languages-message qtranxs-available-languages-message-en\">Sorry, this entry is only available in <a href=\"https:\/\/www.enerjigazetesi.ist\/tr\/wp-json\/wp\/v2\/posts\/39312\" class=\"qtranxs-available-language-link qtranxs-available-language-link-tr\" title=\"Turkish\">Turkish<\/a>. For the sake of viewer convenience, the content is shown below in the alternative language. You may click the link to switch the active language.<\/p><p><strong>Almanya\u2019n\u0131n g\u00fcne\u015f elektri\u011fi santrali yat\u0131r\u0131m izni i\u00e7in ilk yar\u0131\u015fmas\u0131 ger\u00e7ekle\u015ftirildi. Almanya Federal A\u011f \u0130daresi (Bundesnetzagetur \u2013 BNetzA) taraf\u0131ndan yap\u0131lan yaz\u0131l\u0131 a\u00e7\u0131klamaya g\u00f6re 29 Nisan 2015 tarihinde ger\u00e7ekle\u015fen yar\u0131\u015fmada toplam kurulu g\u00fc\u00e7leri 156,97 MW olacak 25 g\u00fcne\u015f elektri\u011fi projesi i\u00e7in yat\u0131r\u0131m izni sa\u011fland\u0131.<\/strong><\/p>\n<p>A\u00e7\u0131klamadaki bilgilere g\u00f6re onay sa\u011flanan projelerin ortalama kurulu g\u00fc\u00e7leri 6,3 MW olurken, yat\u0131r\u0131mc\u0131<a href=\"https:\/\/www.enerjigazetesi.ist\/wp-content\/uploads\/2015\/05\/almanyanin-ilk-gunes-elektrigi-yarismasi-gerceklestirildi.jpg\"><img loading=\"lazy\" class=\"alignleft wp-image-39313 size-medium\" src=\"https:\/\/www.enerjigazetesi.ist\/wp-content\/uploads\/2015\/05\/almanyanin-ilk-gunes-elektrigi-yarismasi-gerceklestirildi-300x163.jpg\" alt=\"almanyanin-ilk-gunes-elektrigi-yarismasi-gerceklestirildi\" width=\"300\" height=\"163\" srcset=\"https:\/\/www.enerjigazetesi.ist\/wp-content\/uploads\/2015\/05\/almanyanin-ilk-gunes-elektrigi-yarismasi-gerceklestirildi-300x163.jpg 300w, https:\/\/www.enerjigazetesi.ist\/wp-content\/uploads\/2015\/05\/almanyanin-ilk-gunes-elektrigi-yarismasi-gerceklestirildi-80x43.jpg 80w, https:\/\/www.enerjigazetesi.ist\/wp-content\/uploads\/2015\/05\/almanyanin-ilk-gunes-elektrigi-yarismasi-gerceklestirildi.jpg 460w\" sizes=\"(max-width: 300px) 100vw, 300px\" \/><\/a>lar santrallerinde \u00fcretecekleri elektri\u011fin kilovat-saati i\u00e7in ortalama olarak 9,17 avro sent d\u00fczeyinde (10,3 dolar-sent) al\u0131m fiyat\u0131 teklif ettiler. BNetzA\u2019n\u0131n a\u00e7\u0131klamas\u0131nda projelerin y\u00fczde 40\u2019\u0131n\u0131n tek bir firma taraf\u0131ndan kazan\u0131ld\u0131\u011f\u0131 bilgisi de yer al\u0131rken, bu firman\u0131n ismi ise payla\u015f\u0131lmad\u0131.<\/p>\n<p>Yar\u0131\u015fmada yat\u0131r\u0131m izni sa\u011flayan firmalar\u0131n, projelerini 2 y\u0131l i\u00e7inde hayata ge\u00e7irme ve projeleri i\u00e7in kW ba\u015f\u0131na 50 avroluk g\u00fcvence bedeli \u00f6deme y\u00fck\u00fcml\u00fcl\u00fckleri bulunuyor.<\/p>\n<p>15 Nisan tarihinde ger\u00e7ekle\u015fen ba\u015fvuru s\u00fcrecinde fiyat teklifleri i\u00e7in \u00fcst rakam 11,29 avro-sent olarak belirlenmi\u015f ve yar\u0131\u015fmaya 170 proje i\u00e7in ba\u015fvuruda bulunulmu\u015ftu.<\/p>\n<p>Almanya y\u00f6netimi bu y\u0131l\u0131n ocak ay\u0131nda, 10 MW\u2019l\u0131k \u00fcst s\u0131n\u0131ra sahip olabilecek yeni g\u00fcne\u015f elektri\u011fi santrali yat\u0131r\u0131mlar\u0131 i\u00e7in yar\u0131\u015fma s\u00fcreci ger\u00e7ekle\u015ftirilmesi karar\u0131n\u0131 alm\u0131\u015ft\u0131.<\/p>\n<p>Gelecek 3 y\u0131l i\u00e7erisinde 1.200 MW \u00fcst s\u0131n\u0131r dahilinde ger\u00e7ekle\u015ftirilecek yar\u0131\u015fmalar\u0131n, 500 MW\u2019l\u0131k k\u0131sm\u0131 2015 y\u0131l\u0131nda, 400 MW\u2019l\u0131k k\u0131sm\u0131 2016\u2019da ve 300 MW\u2019l\u0131k k\u0131sm\u0131 ise 2017 y\u0131l\u0131nda ger\u00e7ekle\u015ftirilecek.<\/p>\n<p>BNetzA bu y\u0131l sa\u011flanacak di\u011fer yat\u0131r\u0131m izinleri i\u00e7in 1 A\u011fustos tarihinde 150 MW, 1 Aral\u0131k tarihinde ise 200 MW \u00fcst s\u0131n\u0131r ile yat\u0131r\u0131mc\u0131lardan tekrar proje ba\u015fvurular\u0131 kabul edecek.<\/p>\n<p>Bununla birlikte \u00fclkenin g\u00fcne\u015f elektri\u011fi sekt\u00f6r\u00fcn\u00fc temsil eden sivil toplum kurulu\u015flar\u0131 g\u00fcne\u015f enerjisi alan\u0131ndaki yat\u0131r\u0131m maliyetlerinin gittik\u00e7e gerilerken \u00fclke y\u00f6netiminin yeni yat\u0131r\u0131mlar\u0131 gerek toplam kapasite gerek ise proje kurulu g\u00fcc\u00fc bak\u0131m\u0131ndan s\u0131n\u0131rlamas\u0131n\u0131 ele\u015ftiriyorlar.<\/p>\n<p>Kaynak: <a href=\"http:\/\/yesilekonomi.com\/yenilenebilir-enerji\/almanyanin-ilk-gunes-elektrigi-yarismasi-gerceklestirildi\" target=\"_blank\" rel=\"nofollow\">Ye\u015fil Ekonomi<\/a><\/p>","protected":false},"excerpt":{"rendered":"<p>Sorry, this entry is only available in Turkish. For the sake of viewer convenience, the content is shown below in the alternative language. You may click the link to switch the active language.Almanya\u2019n\u0131n g\u00fcne\u015f elektri\u011fi santrali yat\u0131r\u0131m izni i\u00e7in ilk yar\u0131\u015fmas\u0131 ger\u00e7ekle\u015ftirildi. Almanya Federal A\u011f \u0130daresi (Bundesnetzagetur \u2013 BNetzA) taraf\u0131ndan yap\u0131lan yaz\u0131l\u0131 a\u00e7\u0131klamaya g\u00f6re 29 [&hellip;]<\/p>\n","protected":false},"author":1,"featured_media":39313,"comment_status":"open","ping_status":"open","sticky":false,"template":"","format":"standard","meta":[],"categories":[53,49],"tags":[],"views":958,"_links":{"self":[{"href":"https:\/\/www.enerjigazetesi.ist\/en\/wp-json\/wp\/v2\/posts\/39312"}],"collection":[{"href":"https:\/\/www.enerjigazetesi.ist\/en\/wp-json\/wp\/v2\/posts"}],"about":[{"href":"https:\/\/www.enerjigazetesi.ist\/en\/wp-json\/wp\/v2\/types\/post"}],"author":[{"embeddable":true,"href":"https:\/\/www.enerjigazetesi.ist\/en\/wp-json\/wp\/v2\/users\/1"}],"replies":[{"embeddable":true,"href":"https:\/\/www.enerjigazetesi.ist\/en\/wp-json\/wp\/v2\/comments?post=39312"}],"version-history":[{"count":1,"href":"https:\/\/www.enerjigazetesi.ist\/en\/wp-json\/wp\/v2\/posts\/39312\/revisions"}],"predecessor-version":[{"id":39314,"href":"https:\/\/www.enerjigazetesi.ist\/en\/wp-json\/wp\/v2\/posts\/39312\/revisions\/39314"}],"wp:featuredmedia":[{"embeddable":true,"href":"https:\/\/www.enerjigazetesi.ist\/en\/wp-json\/wp\/v2\/media\/39313"}],"wp:attachment":[{"href":"https:\/\/www.enerjigazetesi.ist\/en\/wp-json\/wp\/v2\/media?parent=39312"}],"wp:term":[{"taxonomy":"category","embeddable":true,"href":"https:\/\/www.enerjigazetesi.ist\/en\/wp-json\/wp\/v2\/categories?post=39312"},{"taxonomy":"post_tag","embeddable":true,"href":"https:\/\/www.enerjigazetesi.ist\/en\/wp-json\/wp\/v2\/tags?post=39312"}],"curies":[{"name":"wp","href":"https:\/\/api.w.org\/{rel}","templated":true}]}}