{"id":39306,"date":"2015-05-13T12:08:47","date_gmt":"2015-05-13T09:08:47","guid":{"rendered":"https:\/\/www.enerjigazetesi.ist\/?p=39306"},"modified":"2015-05-23T14:28:08","modified_gmt":"2015-05-23T11:28:08","slug":"aylik-karbondioksit-yogunlugu-400ppmi-asti","status":"publish","type":"post","link":"https:\/\/www.enerjigazetesi.ist\/en\/aylik-karbondioksit-yogunlugu-400ppmi-asti\/","title":{"rendered":"(Turkish) Ayl\u0131k Karbondioksit Yo\u011funlu\u011fu 400ppm\u2019i A\u015ft\u0131&#8230;"},"content":{"rendered":"<p class=\"qtranxs-available-languages-message qtranxs-available-languages-message-en\">Sorry, this entry is only available in <a href=\"https:\/\/www.enerjigazetesi.ist\/tr\/wp-json\/wp\/v2\/posts\/39306\" class=\"qtranxs-available-language-link qtranxs-available-language-link-tr\" title=\"Turkish\">Turkish<\/a>. For the sake of viewer convenience, the content is shown below in the alternative language. You may click the link to switch the active language.<\/p><p><\/p>\n<p style=\"color: #444444;\"><strong>Atmosferdeki karbondioksit yo\u011funlu\u011funun ayl\u0131k ortalamas\u0131n\u0131n ilk defa 400 ppm seviyesini a\u015ft\u0131\u011f\u0131 bildirildi.<\/strong><\/p>\n<p style=\"color: #444444;\">ABD merkezli Ulusal Okyanus ve Atmosfer \u0130daresi (NOAA), taraf\u0131ndan a\u00e7\u0131klanan verilere g\u00f6re bu de\u011ferin 2<a href=\"https:\/\/www.enerjigazetesi.ist\/wp-content\/uploads\/2015\/05\/aylik-karbondioksit-yogunlugu-400ppmi-asti.jpg\"><img loading=\"lazy\" class=\"alignleft wp-image-39307 size-medium\" src=\"https:\/\/www.enerjigazetesi.ist\/wp-content\/uploads\/2015\/05\/aylik-karbondioksit-yogunlugu-400ppmi-asti-300x163.jpg\" alt=\"aylik-karbondioksit-yogunlugu-400ppmi-asti\" width=\"300\" height=\"163\" srcset=\"https:\/\/www.enerjigazetesi.ist\/wp-content\/uploads\/2015\/05\/aylik-karbondioksit-yogunlugu-400ppmi-asti-300x163.jpg 300w, https:\/\/www.enerjigazetesi.ist\/wp-content\/uploads\/2015\/05\/aylik-karbondioksit-yogunlugu-400ppmi-asti-80x43.jpg 80w, https:\/\/www.enerjigazetesi.ist\/wp-content\/uploads\/2015\/05\/aylik-karbondioksit-yogunlugu-400ppmi-asti.jpg 460w\" sizes=\"(max-width: 300px) 100vw, 300px\" \/><\/a>015 y\u0131l\u0131 mart ay\u0131 ortalamas\u0131 400.83ppm olarak ger\u00e7ekle\u015fti.<\/p>\n<p style=\"color: #444444;\">\u0130dare bu de\u011ferin nisan ve may\u0131s aylar\u0131nda da 400ppm\u2019in \u00fczerinde ger\u00e7ekle\u015fece\u011fini \u00f6ng\u00f6r\u00fcyor.<\/p>\n<p style=\"color: #444444;\">Atmosferdeki milyon par\u00e7a\u00e7\u0131k i\u00e7indeki karbondioksit yo\u011funlu\u011funu g\u00f6steren bu de\u011ferin 350 ppm&#8217;i a\u015fmas\u0131 iklim de\u011fi\u015fikli\u011fi a\u00e7\u0131s\u0131ndan g\u00fcvenilir s\u0131n\u0131r\u0131n a\u015f\u0131ld\u0131\u011f\u0131 anlam\u0131na geliyor.<\/p>\n<p style=\"color: #444444;\">Bu de\u011fer 1958 y\u0131l\u0131n\u0131n Mart ay\u0131nda yap\u0131lan ilk \u00f6l\u00e7\u00fcmde 316 ppm olarak belirlenmi\u015fti.<\/p>\n<p style=\"color: #444444;\">Sanayi devrimi ile birlikte fosil yak\u0131t kaynakl\u0131 karbon sal\u0131mlar\u0131 ba\u015flamadan \u00f6nce bu de\u011fer yaln\u0131zca 280 ppm seviyesindeydi ve son 800.000 y\u0131ld\u0131r 300 ppm seviyesini a\u015fmam\u0131\u015ft\u0131.<\/p>\n<p style=\"color: #444444;\">Kaynak: <a href=\"http:\/\/yesilekonomi.com\/iklim\/aylik-karbondioksit-yogunlugu-400ppmi-asti\" target=\"_blank\" rel=\"nofollow\">Ye\u015fil Ekonomi<\/a><\/p>\n<p><\/p>","protected":false},"excerpt":{"rendered":"<p>Sorry, this entry is only available in Turkish. For the sake of viewer convenience, the content is shown below in the alternative language. You may click the link to switch the active language. Atmosferdeki karbondioksit yo\u011funlu\u011funun ayl\u0131k ortalamas\u0131n\u0131n ilk defa 400 ppm seviyesini a\u015ft\u0131\u011f\u0131 bildirildi. ABD merkezli Ulusal Okyanus ve Atmosfer \u0130daresi (NOAA), taraf\u0131ndan a\u00e7\u0131klanan [&hellip;]<\/p>\n","protected":false},"author":1,"featured_media":39307,"comment_status":"open","ping_status":"open","sticky":false,"template":"","format":"standard","meta":[],"categories":[53,52],"tags":[],"views":1037,"_links":{"self":[{"href":"https:\/\/www.enerjigazetesi.ist\/en\/wp-json\/wp\/v2\/posts\/39306"}],"collection":[{"href":"https:\/\/www.enerjigazetesi.ist\/en\/wp-json\/wp\/v2\/posts"}],"about":[{"href":"https:\/\/www.enerjigazetesi.ist\/en\/wp-json\/wp\/v2\/types\/post"}],"author":[{"embeddable":true,"href":"https:\/\/www.enerjigazetesi.ist\/en\/wp-json\/wp\/v2\/users\/1"}],"replies":[{"embeddable":true,"href":"https:\/\/www.enerjigazetesi.ist\/en\/wp-json\/wp\/v2\/comments?post=39306"}],"version-history":[{"count":1,"href":"https:\/\/www.enerjigazetesi.ist\/en\/wp-json\/wp\/v2\/posts\/39306\/revisions"}],"predecessor-version":[{"id":39308,"href":"https:\/\/www.enerjigazetesi.ist\/en\/wp-json\/wp\/v2\/posts\/39306\/revisions\/39308"}],"wp:featuredmedia":[{"embeddable":true,"href":"https:\/\/www.enerjigazetesi.ist\/en\/wp-json\/wp\/v2\/media\/39307"}],"wp:attachment":[{"href":"https:\/\/www.enerjigazetesi.ist\/en\/wp-json\/wp\/v2\/media?parent=39306"}],"wp:term":[{"taxonomy":"category","embeddable":true,"href":"https:\/\/www.enerjigazetesi.ist\/en\/wp-json\/wp\/v2\/categories?post=39306"},{"taxonomy":"post_tag","embeddable":true,"href":"https:\/\/www.enerjigazetesi.ist\/en\/wp-json\/wp\/v2\/tags?post=39306"}],"curies":[{"name":"wp","href":"https:\/\/api.w.org\/{rel}","templated":true}]}}