{"id":39293,"date":"2015-05-13T11:54:03","date_gmt":"2015-05-13T08:54:03","guid":{"rendered":"https:\/\/www.enerjigazetesi.ist\/?p=39293"},"modified":"2015-05-23T14:52:31","modified_gmt":"2015-05-23T11:52:31","slug":"turcas-petrol-ceosu-aksoy-turkiye-enerjide-cografi-avantaja-sahip","status":"publish","type":"post","link":"https:\/\/www.enerjigazetesi.ist\/en\/turcas-petrol-ceosu-aksoy-turkiye-enerjide-cografi-avantaja-sahip\/","title":{"rendered":"(Turkish) Turcas Petrol CEO\u2019su Aksoy: \u201cT\u00fcrkiye Enerjide Co\u011frafi Avantaja Sahip&#8230;\u201d"},"content":{"rendered":"<p class=\"qtranxs-available-languages-message qtranxs-available-languages-message-en\">Sorry, this entry is only available in <a href=\"https:\/\/www.enerjigazetesi.ist\/tr\/wp-json\/wp\/v2\/posts\/39293\" class=\"qtranxs-available-language-link qtranxs-available-language-link-tr\" title=\"Turkish\">Turkish<\/a>. For the sake of viewer convenience, the content is shown below in the alternative language. You may click the link to switch the active language.<\/p><p><\/p>\n<p style=\"color: #000000;\"><strong>Turcas Petrol CEO\u2019su Batu Aksoy, T\u00fcrkiye\u2019nin co\u011frafi konumu gere\u011fi enerji kaynaklar\u0131 a\u00e7\u0131s\u0131ndan \u00f6nemli avantajlara sahip oldu\u011funu ve b\u00f6lgedeki enerji projelerinin, \u00fclke i\u00e7in \u00f6nemli f\u0131rsatlar olu\u015fturdu\u011funu s\u00f6yledi.<\/strong><span id=\"more-71619\"><\/span><\/p>\n<p style=\"color: #000000;\">B\u00f6lgedeki enerji geli\u015fmelerini de\u011ferlendiren Aksoy, \u201cDo\u011fu Akdeniz ve Kuzey Irak\u2019taki kaynaklar, \u015eah Deniz 2 Projesi ve Rusya\u2019n\u0131n T\u00fcrkiye \u00fczerinden daha fazla do\u011falgaz ak\u0131\u015f\u0131 yapmak istemesi, T\u00fcrkiye i\u00e7in bir f\u0131rsatt\u0131r. Dolay\u0131s\u0131yla, kaynaklar\u0131 \u00e7e\u015fitlendirmek T\u00fcrkiye i\u00e7in \u00f6nemli olacakt\u0131r. Yeni anla\u015fmalar, \u00fclkelere kar\u015f\u0131l\u0131kl\u0131 fayda sa\u011flayacakt\u0131r\u201d dedi.<a href=\"https:\/\/www.enerjigazetesi.ist\/wp-content\/uploads\/2015\/05\/turcas-petrol-ceosu-aksoy-turkiye-enerjide-cografi-avantaja-sahip.jpg\"><img loading=\"lazy\" class=\"alignright size-medium wp-image-39294\" src=\"https:\/\/www.enerjigazetesi.ist\/wp-content\/uploads\/2015\/05\/turcas-petrol-ceosu-aksoy-turkiye-enerjide-cografi-avantaja-sahip-300x148.jpg\" alt=\"turcas-petrol-ceosu-aksoy-turkiye-enerjide-cografi-avantaja-sahip\" width=\"300\" height=\"148\" srcset=\"https:\/\/www.enerjigazetesi.ist\/wp-content\/uploads\/2015\/05\/turcas-petrol-ceosu-aksoy-turkiye-enerjide-cografi-avantaja-sahip-300x148.jpg 300w, https:\/\/www.enerjigazetesi.ist\/wp-content\/uploads\/2015\/05\/turcas-petrol-ceosu-aksoy-turkiye-enerjide-cografi-avantaja-sahip-500x247.jpg 500w, https:\/\/www.enerjigazetesi.ist\/wp-content\/uploads\/2015\/05\/turcas-petrol-ceosu-aksoy-turkiye-enerjide-cografi-avantaja-sahip-80x39.jpg 80w, https:\/\/www.enerjigazetesi.ist\/wp-content\/uploads\/2015\/05\/turcas-petrol-ceosu-aksoy-turkiye-enerjide-cografi-avantaja-sahip.jpg 870w\" sizes=\"(max-width: 300px) 100vw, 300px\" \/><\/a><\/p>\n<p style=\"color: #000000;\">Aksoy, T\u00fcrkiye\u2019nin \u00e7evresinde yeni do\u011fal kaynaklar ke\u015ffedildi\u011fine dikkati \u00e7ekerek, do\u011falgaz kaynaklar\u0131n\u0131n \u00e7e\u015fitlendirilmesi ve art\u0131r\u0131lmas\u0131 gerekti\u011fini belirtti.<\/p>\n<p style=\"color: #000000;\">Rus enerji \u015firketi Gazprom\u2019un y\u00fcr\u00fctt\u00fc\u011f\u00fc T\u00fcrk Ak\u0131m\u0131 Projesi\u2019nin \u00f6nemine i\u015faret eden Batu Aksoy, \u201cGazprom\u2019un a\u00e7\u0131klamas\u0131nda belirtti\u011fi gibi proje, Aral\u0131k 2016\u2019da bitebilir mi bilemiyorum. \u00d6nemli olan niyet ve finansal kaynaklar\u0131n olmas\u0131. T\u00fcrkiye\u2019nin, do\u011falgaz kaynaklar\u0131n\u0131 hem \u00e7e\u015fitlendirmesi hem de artt\u0131rmas\u0131 gerekiyor. Do\u011falgazda kaynak \u00e7e\u015fitlili\u011fi T\u00fcrkiye i\u00e7in \u00f6nemli\u201d de\u011ferlendirmesinde bulundu.<\/p>\n<p style=\"color: #000000;\">Aksoy, T\u00fcrkiye\u2019nin transit \u00fclke ve enerji merkezi pozisyonunu kuvvetlendirmesi gerekti\u011fini belirterek, T\u00fcrk Ak\u0131m\u0131\u2019n\u0131n, buna f\u0131rsat tan\u0131yacak \u00f6nemli bir proje oldu\u011funu vurgulad\u0131.<\/p>\n<p style=\"color: #000000;\">T\u00fcrkiye\u2019nin imzalad\u0131\u011f\u0131 do\u011falgaz anla\u015fmalar\u0131ndan gelen toplam gaz miktar\u0131n\u0131n, 51,8 milyar metrek\u00fcp oldu\u011funu kaydeden Aksoy, ge\u00e7en senenin sonunda T\u00fcrkiye\u2019nin 49 milyar metrek\u00fcp gaz t\u00fcketti\u011fini, bu sene ise 51 milyar metrek\u00fcp t\u00fcketimin beklendi\u011fini aktard\u0131.<\/p>\n<p style=\"color: #000000;\">Bu miktarlar\u0131n \u00f6nemine vurgu yapan Aksoy, \u201cYeni kaynaklar\u0131 T\u00fcrkiye\u2019ye getirmeli ya da halihaz\u0131rdaki kaynaklardan gelen do\u011falgaz ak\u0131\u015f\u0131n\u0131 art\u0131rman\u0131n y\u00f6ntemlerini bulmal\u0131y\u0131z. \u00d6n\u00fcm\u00fczdeki s\u00fcre\u00e7te iklimsel ko\u015fullar \u00f6nemli rol oynayacak. Enerji depolamas\u0131na da art\u0131k T\u00fcrkiye \u00e7\u00f6z\u00fcm \u00fcretmeli. \u00c7\u00fcnk\u00fc T\u00fcrkiye\u2019nin do\u011falgaz t\u00fcketimi, yaz ve k\u0131\u015f d\u00f6nemlerinde b\u00fcy\u00fck farkl\u0131l\u0131k g\u00f6steriyor. T\u00fcrkiye\u2019de pik d\u00f6nemlerde arzda s\u0131k\u0131nt\u0131 ya\u015fan\u0131yor ve talepte y\u00fckselme s\u00f6z konusu oluyor. Zaten yaz d\u00f6nemlerinde pek s\u0131k\u0131nt\u0131 ya\u015fam\u0131yoruz. Depolama projeleri geli\u015ftirip bu durumu \u00e7\u00f6zebilirsek T\u00fcrkiye i\u00e7in de faydal\u0131 olacakt\u0131r\u201d \u00f6nerilerinde bulundu.<\/p>\n<p style=\"color: #000000;\">Aksoy, k\u0131sa d\u00f6nemde t\u00fcketimi daha dikkatli yapmaktan ve enerji kaynaklar\u0131n\u0131 art\u0131rmaktan daha h\u0131zl\u0131 \u00e7\u00f6z\u00fcmlerin bulunmad\u0131\u011f\u0131n\u0131 belirterek, \u201cKuzey Irak ve Do\u011fu Akdeniz\u2019de yap\u0131lan ke\u015fifler ve bu b\u00f6lgelerde ili\u015fkilerin geli\u015ftirilmesi, T\u00fcrkiye\u2019ye 2-3 sene gibi k\u0131sa d\u00f6nemlerde yeni kaynaklar\u0131n getirilmesi i\u00e7in en ger\u00e7ek\u00e7i projelerdir\u201d dedi.<\/p>\n<p style=\"color: #000000;\">Kaynak: Enerji Enstit\u00fcs\u00fc<\/p>\n<p><\/p>","protected":false},"excerpt":{"rendered":"<p>Sorry, this entry is only available in Turkish. For the sake of viewer convenience, the content is shown below in the alternative language. You may click the link to switch the active language. Turcas Petrol CEO\u2019su Batu Aksoy, T\u00fcrkiye\u2019nin co\u011frafi konumu gere\u011fi enerji kaynaklar\u0131 a\u00e7\u0131s\u0131ndan \u00f6nemli avantajlara sahip oldu\u011funu ve b\u00f6lgedeki enerji projelerinin, \u00fclke i\u00e7in [&hellip;]<\/p>\n","protected":false},"author":1,"featured_media":39294,"comment_status":"open","ping_status":"open","sticky":false,"template":"","format":"standard","meta":[],"categories":[53,44],"tags":[],"views":777,"_links":{"self":[{"href":"https:\/\/www.enerjigazetesi.ist\/en\/wp-json\/wp\/v2\/posts\/39293"}],"collection":[{"href":"https:\/\/www.enerjigazetesi.ist\/en\/wp-json\/wp\/v2\/posts"}],"about":[{"href":"https:\/\/www.enerjigazetesi.ist\/en\/wp-json\/wp\/v2\/types\/post"}],"author":[{"embeddable":true,"href":"https:\/\/www.enerjigazetesi.ist\/en\/wp-json\/wp\/v2\/users\/1"}],"replies":[{"embeddable":true,"href":"https:\/\/www.enerjigazetesi.ist\/en\/wp-json\/wp\/v2\/comments?post=39293"}],"version-history":[{"count":2,"href":"https:\/\/www.enerjigazetesi.ist\/en\/wp-json\/wp\/v2\/posts\/39293\/revisions"}],"predecessor-version":[{"id":39296,"href":"https:\/\/www.enerjigazetesi.ist\/en\/wp-json\/wp\/v2\/posts\/39293\/revisions\/39296"}],"wp:featuredmedia":[{"embeddable":true,"href":"https:\/\/www.enerjigazetesi.ist\/en\/wp-json\/wp\/v2\/media\/39294"}],"wp:attachment":[{"href":"https:\/\/www.enerjigazetesi.ist\/en\/wp-json\/wp\/v2\/media?parent=39293"}],"wp:term":[{"taxonomy":"category","embeddable":true,"href":"https:\/\/www.enerjigazetesi.ist\/en\/wp-json\/wp\/v2\/categories?post=39293"},{"taxonomy":"post_tag","embeddable":true,"href":"https:\/\/www.enerjigazetesi.ist\/en\/wp-json\/wp\/v2\/tags?post=39293"}],"curies":[{"name":"wp","href":"https:\/\/api.w.org\/{rel}","templated":true}]}}