{"id":39290,"date":"2015-05-13T11:49:59","date_gmt":"2015-05-13T08:49:59","guid":{"rendered":"https:\/\/www.enerjigazetesi.ist\/?p=39290"},"modified":"2015-05-23T14:52:38","modified_gmt":"2015-05-23T11:52:38","slug":"elektrik-yatirimlari-nisanda-2014un-ayni-ayina-gore-yuzde-62-dustu","status":"publish","type":"post","link":"https:\/\/www.enerjigazetesi.ist\/en\/elektrik-yatirimlari-nisanda-2014un-ayni-ayina-gore-yuzde-62-dustu\/","title":{"rendered":"(Turkish) Elektrik Yat\u0131r\u0131mlar\u0131, Nisanda 2014\u2019\u00fcn Ayn\u0131 Ay\u0131na G\u00f6re Y\u00fczde 62 D\u00fc\u015ft\u00fc!"},"content":{"rendered":"<p class=\"qtranxs-available-languages-message qtranxs-available-languages-message-en\">Sorry, this entry is only available in <a href=\"https:\/\/www.enerjigazetesi.ist\/tr\/wp-json\/wp\/v2\/posts\/39290\" class=\"qtranxs-available-language-link qtranxs-available-language-link-tr\" title=\"Turkish\">Turkish<\/a>. For the sake of viewer convenience, the content is shown below in the alternative language. You may click the link to switch the active language.<\/p><p><\/p>\n<p style=\"color: #000000;\"><strong>T\u00fcrkiye\u2019de bu y\u0131l nisan ay\u0131nda devreye al\u0131nan elektrik santrallerin kurulu g\u00fcc\u00fc, ge\u00e7en y\u0131l\u0131n ayn\u0131 ay\u0131na g\u00f6re y\u00fczde 62 azal\u0131\u015fla yakla\u015f\u0131k 440 megavat oldu.<img loading=\"lazy\" class=\"alignleft wp-image-39291 size-medium\" src=\"https:\/\/www.enerjigazetesi.ist\/wp-content\/uploads\/2015\/05\/elektrik-yatirimlari-nisanda-2014un-ayni-ayina-gore-yuzde-62-dustu-300x168.jpg\" alt=\"FRANCE\/\" width=\"300\" height=\"168\" srcset=\"https:\/\/www.enerjigazetesi.ist\/wp-content\/uploads\/2015\/05\/elektrik-yatirimlari-nisanda-2014un-ayni-ayina-gore-yuzde-62-dustu-300x168.jpg 300w, https:\/\/www.enerjigazetesi.ist\/wp-content\/uploads\/2015\/05\/elektrik-yatirimlari-nisanda-2014un-ayni-ayina-gore-yuzde-62-dustu-500x281.jpg 500w, https:\/\/www.enerjigazetesi.ist\/wp-content\/uploads\/2015\/05\/elektrik-yatirimlari-nisanda-2014un-ayni-ayina-gore-yuzde-62-dustu-80x44.jpg 80w, https:\/\/www.enerjigazetesi.ist\/wp-content\/uploads\/2015\/05\/elektrik-yatirimlari-nisanda-2014un-ayni-ayina-gore-yuzde-62-dustu.jpg 870w\" sizes=\"(max-width: 300px) 100vw, 300px\" \/><\/strong><span id=\"more-71552\"><\/span><\/p>\n<p style=\"color: #000000;\">Enerji ve Tabii Kaynaklar Bakanl\u0131\u011f\u0131 verilerinden derlenen bilgilere g\u00f6re, T\u00fcrkiye\u2019nin elektrikteki kurulu g\u00fcc\u00fc nisan ay\u0131 i\u00e7inde i\u015fletmeye al\u0131nan 18 santralle toplam 70 bin 998 megavata ula\u015ft\u0131. Ge\u00e7en y\u0131l\u0131n ayn\u0131 ay\u0131nda, devreye al\u0131nan kurulu g\u00fc\u00e7 bin 165 megavat olarak hesaplanm\u0131\u015ft\u0131.<\/p>\n<p style=\"color: #000000;\">Nisan ay\u0131nda elektrik enerjisi yat\u0131r\u0131mlar\u0131na en b\u00fcy\u00fck katk\u0131, 361 megavatla hidroelektrik enerji santrallerinden geldi.<\/p>\n<p style=\"color: #000000;\">S\u00f6z konusu d\u00f6nemde, yat\u0131r\u0131mlar\u0131n 76 megavat\u0131 r\u00fczgar enerjisi santrallerinden olu\u015furken, do\u011falgaz \u00e7evrim santrallerinde yakla\u015f\u0131k 3 megavat devreye al\u0131nd\u0131.<\/p>\n<p style=\"color: #000000;\">Kaynak: Enerji Enstit\u00fcs\u00fc<\/p>\n<p><\/p>","protected":false},"excerpt":{"rendered":"<p>Sorry, this entry is only available in Turkish. For the sake of viewer convenience, the content is shown below in the alternative language. You may click the link to switch the active language. T\u00fcrkiye\u2019de bu y\u0131l nisan ay\u0131nda devreye al\u0131nan elektrik santrallerin kurulu g\u00fcc\u00fc, ge\u00e7en y\u0131l\u0131n ayn\u0131 ay\u0131na g\u00f6re y\u00fczde 62 azal\u0131\u015fla yakla\u015f\u0131k 440 megavat [&hellip;]<\/p>\n","protected":false},"author":1,"featured_media":39291,"comment_status":"open","ping_status":"open","sticky":false,"template":"","format":"standard","meta":[],"categories":[51,53],"tags":[],"views":716,"_links":{"self":[{"href":"https:\/\/www.enerjigazetesi.ist\/en\/wp-json\/wp\/v2\/posts\/39290"}],"collection":[{"href":"https:\/\/www.enerjigazetesi.ist\/en\/wp-json\/wp\/v2\/posts"}],"about":[{"href":"https:\/\/www.enerjigazetesi.ist\/en\/wp-json\/wp\/v2\/types\/post"}],"author":[{"embeddable":true,"href":"https:\/\/www.enerjigazetesi.ist\/en\/wp-json\/wp\/v2\/users\/1"}],"replies":[{"embeddable":true,"href":"https:\/\/www.enerjigazetesi.ist\/en\/wp-json\/wp\/v2\/comments?post=39290"}],"version-history":[{"count":1,"href":"https:\/\/www.enerjigazetesi.ist\/en\/wp-json\/wp\/v2\/posts\/39290\/revisions"}],"predecessor-version":[{"id":39292,"href":"https:\/\/www.enerjigazetesi.ist\/en\/wp-json\/wp\/v2\/posts\/39290\/revisions\/39292"}],"wp:featuredmedia":[{"embeddable":true,"href":"https:\/\/www.enerjigazetesi.ist\/en\/wp-json\/wp\/v2\/media\/39291"}],"wp:attachment":[{"href":"https:\/\/www.enerjigazetesi.ist\/en\/wp-json\/wp\/v2\/media?parent=39290"}],"wp:term":[{"taxonomy":"category","embeddable":true,"href":"https:\/\/www.enerjigazetesi.ist\/en\/wp-json\/wp\/v2\/categories?post=39290"},{"taxonomy":"post_tag","embeddable":true,"href":"https:\/\/www.enerjigazetesi.ist\/en\/wp-json\/wp\/v2\/tags?post=39290"}],"curies":[{"name":"wp","href":"https:\/\/api.w.org\/{rel}","templated":true}]}}