{"id":39287,"date":"2015-05-11T11:00:07","date_gmt":"2015-05-11T08:00:07","guid":{"rendered":"https:\/\/www.enerjigazetesi.ist\/?p=39287"},"modified":"2015-05-23T14:55:56","modified_gmt":"2015-05-23T11:55:56","slug":"yildiz-bedava-elektrik-yerine-kacak-kullanimin-yanlis-oldugu-anlatilsin","status":"publish","type":"post","link":"https:\/\/www.enerjigazetesi.ist\/en\/yildiz-bedava-elektrik-yerine-kacak-kullanimin-yanlis-oldugu-anlatilsin\/","title":{"rendered":"(Turkish) Y\u0131ld\u0131z: Bedava Elektrik Yerine Ka\u00e7ak Kullan\u0131m\u0131n Yanl\u0131\u015f Oldu\u011fu Anlat\u0131ls\u0131n!"},"content":{"rendered":"<p class=\"qtranxs-available-languages-message qtranxs-available-languages-message-en\">Sorry, this entry is only available in <a href=\"https:\/\/www.enerjigazetesi.ist\/tr\/wp-json\/wp\/v2\/posts\/39287\" class=\"qtranxs-available-language-link qtranxs-available-language-link-tr\" title=\"Turkish\">Turkish<\/a>. For the sake of viewer convenience, the content is shown below in the alternative language. You may click the link to switch the active language.<\/p><p><strong><span style=\"color: #000000;\">Enerji ve Tabii Kaynaklar Bakan\u0131 Taner Y\u0131ld\u0131z, HDP Genel Ba\u015fkan\u0131 Selahattin Demirta\u015f\u2019\u0131n, iktidar olmalar\u0131 halinde elektri\u011fin bir k\u0131sm\u0131n\u0131 \u00fccretsiz da\u011f\u0131tacaklar\u0131 y\u00f6n\u00fcndeki a\u00e7\u0131klamalar\u0131na ili\u015fkin, \u201cSay\u0131n Demirta\u015f samimiyse 230 kilovat saat da\u011f\u0131taca\u011f\u0131 yerine kalks\u0131n, kay\u0131p ka\u00e7aklar\u0131n me\u015fru olmad\u0131\u011f\u0131na, do\u011fru olmad\u0131\u011f\u0131na dair bir beyanat versin\u201d ifadelerini kulland\u0131.<\/span><\/strong><span id=\"more-71468\" style=\"color: #000000;\"><\/span><\/p>\n<p>D\u00fcn geceyi Bilecik\u2019in Osmaneli il\u00e7esinde ge\u00e7iren Enerji ve Tabii Kaynaklar Bakan\u0131 Taner Y\u0131ld\u0131z, sabah kahvalt\u0131s\u0131nda il\u00e7edeki muhtarlar ve sivil toplum kurulu\u015flar\u0131yla bir araya geldi.<a href=\"https:\/\/www.enerjigazetesi.ist\/wp-content\/uploads\/2015\/05\/yildiz-bedava-elektrik-yerine-kacak-kullanmanin-dogru-olmadigini-anlatilsin.jpg\"><img loading=\"lazy\" class=\"alignleft wp-image-39176 size-medium\" src=\"https:\/\/www.enerjigazetesi.ist\/wp-content\/uploads\/2015\/05\/yildiz-bedava-elektrik-yerine-kacak-kullanmanin-dogru-olmadigini-anlatilsin-300x197.jpg\" alt=\"yildiz-bedava-elektrik-yerine-kacak-kullanmanin-dogru-olmadigini-anlatilsin\" width=\"300\" height=\"197\" srcset=\"https:\/\/www.enerjigazetesi.ist\/wp-content\/uploads\/2015\/05\/yildiz-bedava-elektrik-yerine-kacak-kullanmanin-dogru-olmadigini-anlatilsin-300x197.jpg 300w, https:\/\/www.enerjigazetesi.ist\/wp-content\/uploads\/2015\/05\/yildiz-bedava-elektrik-yerine-kacak-kullanmanin-dogru-olmadigini-anlatilsin-500x328.jpg 500w, https:\/\/www.enerjigazetesi.ist\/wp-content\/uploads\/2015\/05\/yildiz-bedava-elektrik-yerine-kacak-kullanmanin-dogru-olmadigini-anlatilsin-76x50.jpg 76w, https:\/\/www.enerjigazetesi.ist\/wp-content\/uploads\/2015\/05\/yildiz-bedava-elektrik-yerine-kacak-kullanmanin-dogru-olmadigini-anlatilsin.jpg 569w\" sizes=\"(max-width: 300px) 100vw, 300px\" \/><\/a><\/p>\n<p>Kahvalt\u0131 sonras\u0131 bas\u0131n mensuplar\u0131n\u0131n sorular\u0131n\u0131 yan\u0131tlayan Y\u0131ld\u0131z, HDP Genel Ba\u015fkan\u0131 Selahattin Demirta\u015f\u2019\u0131n, iktidar olmalar\u0131 halinde elektri\u011fin bir k\u0131sm\u0131n\u0131 bedava da\u011f\u0131tacaklar\u0131 y\u00f6n\u00fcndeki a\u00e7\u0131klamalar\u0131n\u0131 de\u011ferlendirdi.<\/p>\n<p>Y\u0131ld\u0131z, siyaset\u00e7ilerin vatanda\u015flara kar\u015f\u0131 d\u00fcr\u00fcst olmak durumunda bulundu\u011funu belirterek, \u201cBiz AK Parti olarak bu g\u00f6revimizi hamd olsun 13 y\u0131ldan beri yerine getirdi\u011fimiz i\u00e7in \u015fu anda iktidar\u0131z ve in\u015fallah bu se\u00e7imlerde de iktidar olarak yolumuza devam edece\u011fiz. Ama kay\u0131p ka\u00e7akla alakal\u0131 konuda e\u011fer Say\u0131n Demirta\u015f samimiyse, 230 kilovat saat da\u011f\u0131taca\u011f\u0131 yerine kalks\u0131n, kay\u0131p ka\u00e7aklar\u0131n me\u015fru olmad\u0131\u011f\u0131na, do\u011fru olmad\u0131\u011f\u0131na dair bir beyanat versin. E\u011fer d\u00fcr\u00fcst ve samimiyse desin ki ben bunlar\u0131n Do\u011fu\u2019da \u00fcretildi\u011fi i\u00e7in hakk\u0131m\u0131z, Bat\u0131\u2019da t\u00fcketildi\u011fi i\u00e7in de bunlardan alaca\u011f\u0131m\u0131z var deyip ayr\u0131mc\u0131 bir \u00fcslup ta\u015f\u0131mas\u0131n. T\u00fcrkiye\u2019nin tamam\u0131n\u0131 kucaklamaya haz\u0131rland\u0131\u011f\u0131n\u0131 s\u00f6yledi\u011fi bir d\u00f6nemde T\u00fcrkiye\u2019de derin bo\u015fluklar olu\u015fturacak ve ideolojik bir yap\u0131ya d\u00f6n\u00fc\u015ft\u00fcrecek elektrik kay\u0131p ka\u00e7aklar\u0131yla alakal\u0131 deme\u00e7lerini bekliyorum.<\/p>\n<p>Bununla alakal\u0131 vatanda\u015flar\u0131m\u0131za herkesin, bunun bir hem devletine, hem de kom\u015fusuna bir kul hakk\u0131 olarak d\u00f6nece\u011fini s\u00f6ylemesini bekliyorum. Ama istismar ederek bunu vatanda\u015f\u0131n da istismar ederek b\u00f6yle bir yap\u0131y\u0131 bozmaya d\u00f6n\u00fck bir zihniyetin asl\u0131nda T\u00fcrkiye\u2019yi kucaklamaktan \u00e7ok \u00f6te oldu\u011funu zaten s\u00f6yl\u00fcyoruz. Bir kez daha bu vesileyle s\u00f6ylemi\u015f olaca\u011f\u0131z\u201d dedi.<\/p>\n<p>Kaynak: Enerji Enstit\u00fcs\u00fc<\/p>","protected":false},"excerpt":{"rendered":"<p>Sorry, this entry is only available in Turkish. For the sake of viewer convenience, the content is shown below in the alternative language. You may click the link to switch the active language.Enerji ve Tabii Kaynaklar Bakan\u0131 Taner Y\u0131ld\u0131z, HDP Genel Ba\u015fkan\u0131 Selahattin Demirta\u015f\u2019\u0131n, iktidar olmalar\u0131 halinde elektri\u011fin bir k\u0131sm\u0131n\u0131 \u00fccretsiz da\u011f\u0131tacaklar\u0131 y\u00f6n\u00fcndeki a\u00e7\u0131klamalar\u0131na ili\u015fkin, [&hellip;]<\/p>\n","protected":false},"author":1,"featured_media":39176,"comment_status":"open","ping_status":"open","sticky":false,"template":"","format":"standard","meta":[],"categories":[51,53],"tags":[],"views":746,"_links":{"self":[{"href":"https:\/\/www.enerjigazetesi.ist\/en\/wp-json\/wp\/v2\/posts\/39287"}],"collection":[{"href":"https:\/\/www.enerjigazetesi.ist\/en\/wp-json\/wp\/v2\/posts"}],"about":[{"href":"https:\/\/www.enerjigazetesi.ist\/en\/wp-json\/wp\/v2\/types\/post"}],"author":[{"embeddable":true,"href":"https:\/\/www.enerjigazetesi.ist\/en\/wp-json\/wp\/v2\/users\/1"}],"replies":[{"embeddable":true,"href":"https:\/\/www.enerjigazetesi.ist\/en\/wp-json\/wp\/v2\/comments?post=39287"}],"version-history":[{"count":2,"href":"https:\/\/www.enerjigazetesi.ist\/en\/wp-json\/wp\/v2\/posts\/39287\/revisions"}],"predecessor-version":[{"id":39289,"href":"https:\/\/www.enerjigazetesi.ist\/en\/wp-json\/wp\/v2\/posts\/39287\/revisions\/39289"}],"wp:featuredmedia":[{"embeddable":true,"href":"https:\/\/www.enerjigazetesi.ist\/en\/wp-json\/wp\/v2\/media\/39176"}],"wp:attachment":[{"href":"https:\/\/www.enerjigazetesi.ist\/en\/wp-json\/wp\/v2\/media?parent=39287"}],"wp:term":[{"taxonomy":"category","embeddable":true,"href":"https:\/\/www.enerjigazetesi.ist\/en\/wp-json\/wp\/v2\/categories?post=39287"},{"taxonomy":"post_tag","embeddable":true,"href":"https:\/\/www.enerjigazetesi.ist\/en\/wp-json\/wp\/v2\/tags?post=39287"}],"curies":[{"name":"wp","href":"https:\/\/api.w.org\/{rel}","templated":true}]}}